{"id":666020,"date":"2023-12-08T09:42:59","date_gmt":"2023-12-08T05:42:59","guid":{"rendered":"https:\/\/arantv.az\/?p=666020"},"modified":"2023-12-08T09:42:59","modified_gmt":"2023-12-08T05:42:59","slug":"turkiy%c9%99-xin-az%c9%99rbaycan-v%c9%99-erm%c9%99nistan-arasinda-%c9%99ld%c9%99-olunmus-raziligi-alqislayib","status":"publish","type":"post","link":"https:\/\/arantv.az\/?p=666020","title":{"rendered":"T\u00fcrkiy\u0259 X\u0130N Az\u0259rbaycan v\u0259 Erm\u0259nistan aras\u0131nda \u0259ld\u0259 olunmu\u015f raz\u0131l\u0131\u011f\u0131 alq\u0131\u015flay\u0131b"},"content":{"rendered":"<p>T\u00fcrkiy\u0259 Xarici \u0130\u015fl\u0259r Nazirliyi Az\u0259rbaycan Prezidentinin Administrasiyas\u0131 v\u0259 Erm\u0259nistan Ba\u015f nazirinin Aparat\u0131n\u0131n birg\u0259 a\u00e7\u0131qlamas\u0131n\u0131 alq\u0131\u015flayaraq \u201c\u0259lav\u0259 add\u0131mlar\u0131n at\u0131lmas\u0131 il\u0259 ba\u011fl\u0131 m\u00fczakir\u0259l\u0259rin davam etdirilm\u0259si q\u0259rar\u0131n\u0131\u201d d\u0259st\u0259kl\u0259yib.<\/p>\n<p>Bu bar\u0259d\u0259 \u00f6lk\u0259nin xarici siyas\u0259t idar\u0259sinin \u201cAz\u0259rbaycanla Erm\u0259nistan aras\u0131nda b\u0259zi konkret \u0259lav\u0259 etimad quruculu\u011fu add\u0131mlar\u0131n at\u0131lmas\u0131 q\u0259rar\u0131\u201d haqq\u0131nda b\u0259yanat\u0131nda bildirilib.<\/p>\n<p>\u201cAz\u0259rbaycan Prezidentinin Administrasiyas\u0131 v\u0259 Erm\u0259nistan Ba\u015f nazirinin Aparat\u0131n\u0131n birg\u0259 a\u00e7\u0131qlamas\u0131nda elan edilmi\u015f iki \u00f6lk\u0259 aras\u0131nda b\u0259zi konkret \u0259lav\u0259 etimad quruculu\u011fu add\u0131mlar\u0131n at\u0131lmas\u0131 q\u0259rar\u0131n\u0131 alq\u0131\u015flay\u0131r; etimad\u0131 art\u0131ran \u0259lav\u0259 add\u0131mlar\u0131n at\u0131lmas\u0131 il\u0259 ba\u011fl\u0131 m\u00fczakir\u0259l\u0259rin davam etdirilm\u0259si q\u0259rar\u0131n\u0131 d\u0259st\u0259kl\u0259yirik.<\/p>\n<p>Az\u0259rbaycan v\u0259 Erm\u0259nistan aras\u0131nda C\u0259nubi Qafqazda daimi s\u00fclh v\u0259 sabitliyin b\u0259rq\u0259rar olmas\u0131 \u00fc\u00e7\u00fcn \u0259n m\u00fch\u00fcm hadis\u0259l\u0259rd\u0259n birini t\u0259\u015fkil ed\u0259c\u0259k s\u00fclh raz\u0131la\u015fmas\u0131n\u0131n \u0259n q\u0131sa zamanda imzalanmas\u0131n\u0131 dil\u0259yirik\u201d, &#8211; dey\u0259\u00a0b\u0259yanatda qeyd olunub.<\/p>\n<p>M\u0259nb\u0259: Mfa.gov.tr<\/p>\n","protected":false},"excerpt":{"rendered":"<p>T\u00fcrkiy\u0259 Xarici \u0130\u015fl\u0259r Nazirliyi Az\u0259rbaycan Prezidentinin Administrasiyas\u0131 v\u0259 Erm\u0259nistan Ba\u015f nazirinin Aparat\u0131n\u0131n birg\u0259 a\u00e7\u0131qlamas\u0131n\u0131 alq\u0131\u015flayaraq \u201c\u0259lav\u0259 add\u0131mlar\u0131n at\u0131lmas\u0131 il\u0259 ba\u011fl\u0131 m\u00fczakir\u0259l\u0259rin davam etdirilm\u0259si q\u0259rar\u0131n\u0131\u201d d\u0259st\u0259kl\u0259yib. Bu bar\u0259d\u0259 \u00f6lk\u0259nin xarici siyas\u0259t idar\u0259sinin \u201cAz\u0259rbaycanla Erm\u0259nistan aras\u0131nda b\u0259zi konkret \u0259lav\u0259 etimad quruculu\u011fu add\u0131mlar\u0131n at\u0131lmas\u0131 q\u0259rar\u0131\u201d haqq\u0131nda b\u0259yanat\u0131nda bildirilib. \u201cAz\u0259rbaycan Prezidentinin Administrasiyas\u0131 v\u0259 Erm\u0259nistan Ba\u015f nazirinin Aparat\u0131n\u0131n birg\u0259 a\u00e7\u0131qlamas\u0131nda elan edilmi\u015f iki \u00f6lk\u0259 aras\u0131nda b\u0259zi konkret \u0259lav\u0259 etimad quruculu\u011fu add\u0131mlar\u0131n at\u0131lmas\u0131 q\u0259rar\u0131n\u0131 alq\u0131\u015flay\u0131r; etimad\u0131 art\u0131ran \u0259lav\u0259 add\u0131mlar\u0131n at\u0131lmas\u0131 il\u0259 ba\u011fl\u0131 m\u00fczakir\u0259l\u0259rin davam etdirilm\u0259si q\u0259rar\u0131n\u0131 d\u0259st\u0259kl\u0259yirik. Az\u0259rbaycan v\u0259 Erm\u0259nistan aras\u0131nda C\u0259nubi Qafqazda daimi s\u00fclh v\u0259&hellip;<\/p>\n","protected":false},"author":2,"featured_media":666021,"comment_status":"closed","ping_status":"closed","sticky":false,"template":"","format":"standard","meta":{"om_disable_all_campaigns":false,"_monsterinsights_skip_tracking":false,"_monsterinsights_sitenote_active":false,"_monsterinsights_sitenote_note":"","_monsterinsights_sitenote_category":0},"categories":[4],"tags":[],"aioseo_notices":[],"gutentor_comment":0,"rttpg_featured_image_url":{"full":["https:\/\/arantv.az\/wp-content\/uploads\/2023\/12\/FotoJet-2023-12-08T082842.395.jpg",620,413,false],"landscape":["https:\/\/arantv.az\/wp-content\/uploads\/2023\/12\/FotoJet-2023-12-08T082842.395.jpg",620,413,false],"portraits":["https:\/\/arantv.az\/wp-content\/uploads\/2023\/12\/FotoJet-2023-12-08T082842.395.jpg",620,413,false],"thumbnail":["https:\/\/arantv.az\/wp-content\/uploads\/2023\/12\/FotoJet-2023-12-08T082842.395-500x280.jpg",500,280,true],"medium":["https:\/\/arantv.az\/wp-content\/uploads\/2023\/12\/FotoJet-2023-12-08T082842.395-548x365.jpg",548,365,true],"large":["https:\/\/arantv.az\/wp-content\/uploads\/2023\/12\/FotoJet-2023-12-08T082842.395.jpg",620,413,false],"1536x1536":["https:\/\/arantv.az\/wp-content\/uploads\/2023\/12\/FotoJet-2023-12-08T082842.395.jpg",620,413,false],"2048x2048":["https:\/\/arantv.az\/wp-content\/uploads\/2023\/12\/FotoJet-2023-12-08T082842.395.jpg",620,413,false],"post-thumbnail":["https:\/\/arantv.az\/wp-content\/uploads\/2023\/12\/FotoJet-2023-12-08T082842.395-240x172.jpg",240,172,true],"advps-thumb-one":["https:\/\/arantv.az\/wp-content\/uploads\/2023\/12\/FotoJet-2023-12-08T082842.395.jpg",620,413,false]},"rttpg_author":{"display_name":"V\u00fcsal Rafiqo\u011flu","author_link":"https:\/\/arantv.az\/?author=2"},"rttpg_comment":0,"rttpg_category":"<a href=\"https:\/\/arantv.az\/?cat=4\" rel=\"category\">Siyas\u0259t<\/a>","rttpg_excerpt":"T\u00fcrkiy\u0259 Xarici \u0130\u015fl\u0259r Nazirliyi Az\u0259rbaycan Prezidentinin Administrasiyas\u0131 v\u0259 Erm\u0259nistan Ba\u015f nazirinin Aparat\u0131n\u0131n birg\u0259 a\u00e7\u0131qlamas\u0131n\u0131 alq\u0131\u015flayaraq \u201c\u0259lav\u0259 add\u0131mlar\u0131n at\u0131lmas\u0131 il\u0259 ba\u011fl\u0131 m\u00fczakir\u0259l\u0259rin davam etdirilm\u0259si q\u0259rar\u0131n\u0131\u201d d\u0259st\u0259kl\u0259yib. Bu bar\u0259d\u0259 \u00f6lk\u0259nin xarici siyas\u0259t idar\u0259sinin \u201cAz\u0259rbaycanla Erm\u0259nistan aras\u0131nda b\u0259zi konkret \u0259lav\u0259 etimad quruculu\u011fu add\u0131mlar\u0131n at\u0131lmas\u0131 q\u0259rar\u0131\u201d haqq\u0131nda b\u0259yanat\u0131nda bildirilib. \u201cAz\u0259rbaycan Prezidentinin Administrasiyas\u0131 v\u0259 Erm\u0259nistan Ba\u015f nazirinin Aparat\u0131n\u0131n birg\u0259 a\u00e7\u0131qlamas\u0131nda&hellip;","_links":{"self":[{"href":"https:\/\/arantv.az\/index.php?rest_route=\/wp\/v2\/posts\/666020"}],"collection":[{"href":"https:\/\/arantv.az\/index.php?rest_route=\/wp\/v2\/posts"}],"about":[{"href":"https:\/\/arantv.az\/index.php?rest_route=\/wp\/v2\/types\/post"}],"author":[{"embeddable":true,"href":"https:\/\/arantv.az\/index.php?rest_route=\/wp\/v2\/users\/2"}],"replies":[{"embeddable":true,"href":"https:\/\/arantv.az\/index.php?rest_route=%2Fwp%2Fv2%2Fcomments&post=666020"}],"version-history":[{"count":0,"href":"https:\/\/arantv.az\/index.php?rest_route=\/wp\/v2\/posts\/666020\/revisions"}],"wp:featuredmedia":[{"embeddable":true,"href":"https:\/\/arantv.az\/index.php?rest_route=\/wp\/v2\/media\/666021"}],"wp:attachment":[{"href":"https:\/\/arantv.az\/index.php?rest_route=%2Fwp%2Fv2%2Fmedia&parent=666020"}],"wp:term":[{"taxonomy":"category","embeddable":true,"href":"https:\/\/arantv.az\/index.php?rest_route=%2Fwp%2Fv2%2Fcategories&post=666020"},{"taxonomy":"post_tag","embeddable":true,"href":"https:\/\/arantv.az\/index.php?rest_route=%2Fwp%2Fv2%2Ftags&post=666020"}],"curies":[{"name":"wp","href":"https:\/\/api.w.org\/{rel}","templated":true}]}}