{"id":666048,"date":"2023-12-08T09:57:13","date_gmt":"2023-12-08T05:57:13","guid":{"rendered":"https:\/\/arantv.az\/?p=666048"},"modified":"2023-12-08T09:57:13","modified_gmt":"2023-12-08T05:57:13","slug":"ayinin-min-oyunu","status":"publish","type":"post","link":"https:\/\/arantv.az\/?p=666048","title":{"rendered":"Ay\u0131n\u0131n min oyunu&#8230;"},"content":{"rendered":"<p><em><strong>Fransa Erm\u0259nistan\u0131 qurban se\u00e7ib<\/strong><\/em><\/p>\n<p>Az\u0259rbaycan\u0131n \u00f6z \u0259razi b\u00fct\u00f6vl\u00fcy\u00fcn\u00fc v\u0259 suverenliyini b\u0259rpa etm\u0259si, C\u0259nubi Qafqaz regionunda tezlikl\u0259 s\u00fclh\u00fcn v\u0259 sabitliyin t\u0259min edilm\u0259sind\u0259 maraql\u0131 olmas\u0131 Erm\u0259nistana havadarl\u0131q ed\u0259n beyn\u0259lxalq dair\u0259l\u0259ri ciddi narahat edir. Az\u0259rbaycan\u0131n u\u011furlar\u0131n\u0131 h\u0259zm ed\u0259 bilm\u0259yib pax\u0131ll\u0131qdan q\u0131vr\u0131lan q\u00fcvv\u0259l\u0259r aras\u0131nda Fransa daha \u00e7ox se\u00e7ilir.\u00a0 R\u0259smi Paris b\u00f6lg\u0259d\u0259 yenid\u0259n g\u0259rginliyin yarad\u0131lmas\u0131nda, \u00a0beyn\u0259lxalq m\u00fcst\u0259vid\u0259 \u00f6lk\u0259mizin imicin\u0259 z\u0259rb\u0259 vurmaq \u00fc\u00e7\u00fcn\u00a0\u0259l atmad\u0131\u011f\u0131 yol qalmay\u0131b.<\/p>\n<p>Fransa bu proses\u0259 b\u00fct\u00f6vl\u00fckd\u0259 Avropa \u0130ttifaq\u0131n\u0131 (A\u0130) c\u0259lb etm\u0259y\u0259 \u00e7al\u0131\u015f\u0131r. Bu yax\u0131nlarda \u0130r\u0259vanda Avropa \u0130ttifaq\u0131n\u0131n monitorinq missiyas\u0131n\u0131n h\u00fcquqi statusuna dair sazi\u015fin imzalanmas\u0131 da buna xidm\u0259t edir. A\u0130 missiyas\u0131n\u0131n Erm\u0259nistanda g\u00fccl\u0259ndirilm\u0259si Fransan\u0131n v\u0259 Avropadak\u0131 dig\u0259r erm\u0259nip\u0259r\u0259st q\u00fcvv\u0259l\u0259rin n\u00f6vb\u0259ti siyasi oyunudur. G\u00f6r\u00fcn\u0259n odur ki, d\u00fcnyada ba\u015f ver\u0259n prosesl\u0259r fonunda Erm\u0259nistan \u201cmanevrl\u0259r\u201d etm\u0259y\u0259 \u00e7al\u0131\u015f\u0131r. Pa\u015finyan hakimiyy\u0259ti A\u0130-y\u0259 s\u0131\u011f\u0131nmaqla Fransan\u0131n regionda tam yerl\u0259\u015fdirilm\u0259sin\u0259 c\u0259hd edir. \u00c7\u00fcnki missiyan\u0131n statusuna dair sazi\u015fin imzalanmas\u0131 g\u00f6st\u0259rir ki, \u0259slind\u0259 bu, m\u00fclki deyil, h\u0259rbi y\u00f6n\u00fcml\u00fc missiyad\u0131r. Fransan\u0131n Erm\u0259nistan\u0131 silahland\u0131rmas\u0131 da bunu t\u0259sdiql\u0259yir. A\u0130-nin missiyas\u0131n\u0131n Erm\u0259nistana g\u00f6nd\u0259rilm\u0259sind\u0259 Fransan\u0131n birba\u015fa rol oynamas\u0131 buna d\u0259lal\u0259t edir. Missiyan\u0131n bu \u00f6lk\u0259y\u0259 g\u00f6nd\u0259rilm\u0259sinin ard\u0131ndan, Parisin silahland\u0131rma siyas\u0259ti ger\u00e7\u0259k m\u0259qs\u0259dl\u0259ri ortaya qoymu\u015f oldu. Burada m\u0259qs\u0259d Erm\u0259nistana h\u0259rbi d\u0259st\u0259yi davam etdirm\u0259k v\u0259 \u0130r\u0259van\u0131 yeni t\u0259xribatlara s\u00f6vq etm\u0259kdir.<\/p>\n<p>Prezident \u0130lham \u018fliyev dekabr\u0131n 6-da ADA Universitetind\u0259 ke\u00e7iril\u0259n \u201cQaraba\u011f: 30 ild\u0259n sonra ev\u0259 d\u00f6n\u00fc\u015f. Nailiyy\u0259tl\u0259r v\u0259 \u00e7\u0259tinlikl\u0259r\u201d m\u00f6vzusuna h\u0259sr olunmu\u015f\u00a0 Beyn\u0259lxalq Forumda bildirib ki, Erm\u0259nistana silah t\u0259chiz ed\u0259n Fransa v\u0259 Hindistan kimi \u00f6lk\u0259l\u0259r haz\u0131rda odun \u00fcst\u00fcn\u0259 ya\u011f t\u00f6k\u00fcr v\u0259 Erm\u0259nistanda reall\u0131qdan uzaq x\u00fclyalar yarad\u0131r ki, guya onlar h\u0259min silahlardan istifad\u0259 ed\u0259r\u0259k Qaraba\u011f\u0131 geri ala bil\u0259rl\u0259r.<\/p>\n<p>D\u00f6vl\u0259timizin ba\u015f\u00e7\u0131s\u0131 deyib: \u201cM\u0259n h\u0259min silahlar\u0131n keyfiyy\u0259ti il\u0259 ba\u011fl\u0131 t\u0259f\u0259rr\u00fcatlara varmaq ist\u0259mir\u0259m, baxmayaraq ki, onlar\u0131n hans\u0131 n\u00f6v silah olmas\u0131n\u0131 bilir\u0259m. Lakin h\u0259tta \u0259g\u0259r \u00e7ox m\u00fcasir silahlar olsa bel\u0259, onlar\u0131n \u015fans\u0131 olmayacaq, \u00e7\u00fcnki m\u00fcharib\u0259 v\u0259 onun n\u0259tic\u0259si silahla deyil, insanlar v\u0259 onlar\u0131n \u0259zmkarl\u0131\u011f\u0131 il\u0259 h\u0259ll edilir. \u0130kinci Qaraba\u011f m\u00fcharib\u0259si zaman\u0131 Erm\u0259nistan\u0131n \u00f6z b\u0259yanatlar\u0131na g\u00f6r\u0259, erm\u0259ni ordusunda d\u00f6y\u00fc\u015f meydan\u0131nda 12 min f\u0259rari oldu, Az\u0259rbaycan Ordusunda is\u0259 s\u0131f\u0131r. Bel\u0259likl\u0259, onlar\u0131n \u015fans\u0131 yoxdur. Bir s\u00f6zl\u0259, m\u0259nim onlara mesaj\u0131m ondan ibar\u0259tdir ki, qoy burada, regionda el\u0259 v\u0259ziyy\u0259t yaratmas\u0131nlar ki, biz\u0259 h\u0259r hans\u0131 ziyan vurma\u011f\u0131n planla\u015fd\u0131r\u0131lmamas\u0131ndan \u0259min olaq! H\u0259l\u0259 ki, biz \u0259min deyilik. Bu s\u0259b\u0259bd\u0259n, biz reaksiya vermirik. Fransan\u0131n Erm\u0259nistana he\u00e7 k\u0259sin almaq ist\u0259m\u0259diyi zirehli ma\u015f\u0131nlar\u0131n t\u0259chiz olunmas\u0131n\u0131 m\u00fc\u015fahid\u0259 edirik. Onlar biz\u0259 h\u0259r hans\u0131 t\u0259hl\u00fck\u0259 ehtiva etmir. Lakin \u0259g\u0259r g\u00f6rs\u0259k ki, z\u0259r\u0259rli ola bil\u0259c\u0259k h\u0259r hans\u0131 ciddi qur\u011fu olarsa, biz cavab verm\u0259li olaca\u011f\u0131q v\u0259 m\u0259n bu haqda h\u0259r k\u0259si m\u0259lumatland\u0131rm\u0131\u015fam ki, sonradan \u015fikay\u0259t olmas\u0131n. Biz cavab verm\u0259li olaca\u011f\u0131q, \u00e7\u00fcnki h\u0259r \u00f6lk\u0259 \u00f6z xalq\u0131n\u0131 m\u00fcdafi\u0259 etm\u0259lidir v\u0259 \u00fcmid edir\u0259m ki, bu c\u00fcr cavaba ehtiyac qalmayacaq. Lakin bunun \u00fc\u00e7\u00fcn yeni b\u00f6y\u00fck qarda\u015f rolunu oynamaq ist\u0259y\u0259n Erm\u0259nistan\u0131n yeni havadarlar\u0131na \u00f6z g\u00f6z\u0259l paytaxt\u0131nda oturub dinc\u0259lm\u0259si, rahat olmas\u0131 m\u0259sl\u0259h\u0259tlidir.\u201d<\/p>\n<p>G\u00f6r\u00fcnd\u00fcy\u00fc kimi, Erm\u0259nistan\u0131n son zamanlar daha \u00e7ox silahlanma\u011fa \u00fcz tutmas\u0131 v\u0259 bu prosesin s\u00fcr\u0259tl\u0259ndirilm\u0259sini, bir t\u0259r\u0259fd\u0259n, Az\u0259rbaycan Ordusunun parlaq Q\u0259l\u0259b\u0259si il\u0259 ba\u015fa \u00e7atm\u0131\u015f V\u0259t\u0259n m\u00fcharib\u0259si zaman\u0131 silah v\u0259 texnikas\u0131 m\u0259hv edilmi\u015f erm\u0259ni \u0259sg\u0259rinin silahs\u0131z qalmas\u0131 il\u0259 izah etm\u0259k olar. Rusiya-Ukrayna m\u00fcharib\u0259si v\u0259 Erm\u0259nistan\u0131n Rusiya il\u0259 m\u00fcnasib\u0259tl\u0259rinin pozulmas\u0131 fonunda Moskvan\u0131n \u0259vv\u0259lki kimi Erm\u0259nistana silah yard\u0131m\u0131 etm\u0259m\u0259sini d\u0259 n\u0259z\u0259r\u0259 alsaq, \u0130r\u0259van ba\u015fqa \u00f6lk\u0259l\u0259rd\u0259n silah almaqla bu bo\u015flu\u011fu doldurmal\u0131 idi.\u00a0Ekspertl\u0259r d\u0259 Fransan\u0131n son g\u00fcnl\u0259r \u00a0Erm\u0259nistana \u201cBastion\u201d tipli 24 zirehli texnika g\u00f6nd\u0259rm\u0259sini, el\u0259c\u0259 d\u0259 iki \u00f6lk\u0259 aras\u0131nda \u00fc\u00e7 GM2-200 radar\u0131na dair sifari\u015f imzalamas\u0131 v\u0259 \u201cMistral\u201d zenit-raket kompleksl\u0259rinin t\u0259dar\u00fck\u00fc \u00fc\u00e7\u00fcn dan\u0131\u015f\u0131qlar aparmas\u0131n\u0131 s\u0259hv add\u0131m hesab edirl\u0259r.<\/p>\n<p>Fransan\u0131n d\u00fcnyada, x\u00fcsus\u0259n d\u0259 \u0130s\u00adlam dinin\u0259 etiqad ed\u0259n \u00f6lk\u0259l\u0259rd\u0259 s\u00fcr\u0259t\u00adl\u0259 n\u00fcfuzdan d\u00fc\u015fm\u0259sinin bir s\u0259b\u0259bi d\u0259 Prezident Emmanuel Makronun y\u00fcr\u00fctd\u00fcy\u00fc islamofob siyas\u0259t\u00adl\u0259 ba\u011fl\u0131d\u0131r. Fransada neokolonializml\u0259 yana\u015f\u0131, islamofobiya v\u0259 irqi ayr\u0131-se\u00e7kilik geni\u015f v\u00fcs\u0259t al\u0131b. Fransa c\u0259miyy\u0259tind\u0259ki Yax\u0131n \u015e\u0259rq v\u0259 Afrika m\u0259n\u015f\u0259li insanla\u00adr\u0131n bir \u00e7oxu m\u00fcxt\u0259lif formada t\u0259zyiq v\u0259 ayr\u0131-se\u00e7kiliy\u0259, irq\u00e7i h\u00fccumlara m\u0259ruz qal\u0131rlar. Fransa qo\u015funlar\u0131n\u0131n bu yax\u0131n\u00adlarda Mali, Niger v\u0259 Burkina-Fasodan \u00e7\u0131xar\u0131lmas\u0131 onun Afrikadak\u0131 neokolonia\u00adlist, h\u0259m\u00e7inin islamofob siyas\u0259tinin n\u0259ti\u00adc\u0259sidir. Qeyd edilm\u0259lidir ki, \u00f6lk\u0259d\u0259 miqrant\u00adlara qar\u015f\u0131 zorak\u0131l\u0131q, antisemitizm hallar\u0131 g\u00fccl\u0259nib. Nifr\u0259t z\u0259minin\u00add\u0259 cinay\u0259tl\u0259rin say\u0131 art\u0131b. \u00d6lk\u0259nin m\u00fcs\u0259lman \u0259halisin\u0259, Afrika \u0259silli v\u0259t\u0259nda\u015flara, dig\u0259r etnik v\u0259 dini qruplara m\u00fcnasib\u0259td\u0259 ayr\u0131-se\u00e7ki\u00adlik hallar\u0131 k\u0259skinl\u0259\u015fib.<\/p>\n<p>Fransa d\u00fcnyada \u00f6z\u00fcn\u00fc s\u00f6z azadl\u0131\u011f\u0131n\u0131n v\u0259 demokratiyan\u0131n car\u00e7\u0131s\u0131 kimi t\u0259qdim ets\u0259 d\u0259, jurnalistl\u0259rin f\u0259aliyy\u0259tin\u0259 mane\u00e7ilik t\u00f6r\u0259tm\u0259kd\u0259n, onlar\u0131 t\u0259qib etm\u0259kd\u0259n v\u0259 t\u0259zyiq alt\u0131nda saxlamaqdan, h\u0259tta t\u0259hdidl\u0259r\u0259 m\u0259ruz qoymaqdan \u00e7\u0259kinmir.\u00a0 Frans\u0131z m\u00fcst\u0259ml\u0259k\u0259si Yeni Kaledoniyada yerli polisin oraya ezam olunmu\u015f Az\u0259rbaycan D\u00f6vl\u0259t \u0130nformasiya Agentliyinin (AZ\u018fRTAC) \u0259m\u0259kda\u015f\u0131 Ayg\u00fcn H\u0259s\u0259novaya m\u00fcnasib\u0259td\u0259 nalayiq, q\u0259ddar r\u0259ftar\u0131, ona qar\u015f\u0131 qanunsuz davran\u0131\u015f\u0131 &#8211; \u015eengen vizas\u0131 olmas\u0131na baxmayaraq, \u0259sass\u0131z t\u0259l\u0259bl\u0259r ir\u0259li s\u00fcrm\u0259si Fransan\u0131n s\u00f6z v\u0259 ifad\u0259 azadl\u0131\u011f\u0131na d\u00f6z\u00fcms\u00fczl\u00fcy\u00fcn\u00fcn a\u015fkar g\u00f6st\u0259ricisi, n\u00f6vb\u0259ti bariz n\u00fcmun\u0259sidir. Ba\u015f vermi\u015f hadis\u0259 bir daha t\u0259sdiql\u0259yir ki, \u00f6z\u00fcn\u00fc d\u00fcnya demokratiyas\u0131n\u0131n be\u015fiyi sayan Fransa ali d\u0259y\u0259r v\u0259 prinsipl\u0259r\u0259 q\u0259tiyy\u0259n m\u0259h\u0259l qoymur. AZ\u018fRTAC-\u0131n \u0259m\u0259kda\u015f\u0131n\u0131n saxlan\u0131lmas\u0131, h\u0259bsl\u0259 h\u0259d\u0259l\u0259nm\u0259si, \u201carzuolunmaz \u015f\u0259xs\u201d kimi t\u0259yyar\u0259y\u0259 mindiril\u0259r\u0259k dig\u0259r \u00f6lk\u0259y\u0259 yola sal\u0131nmas\u0131 jurnalistin s\u0259rb\u0259st f\u0259aliyy\u0259tinin qar\u015f\u0131s\u0131n\u0131n qeyri-qanuni yolla al\u0131nmas\u0131d\u0131r. Bel\u0259 yana\u015fma yaln\u0131z diktatura rejimin\u0259 xas \u00f6lk\u0259l\u0259r \u00fc\u00e7\u00fcn xarakterikdir. D\u00fc\u015f\u00fcnm\u0259y\u0259 \u0259sas var ki, \u00fcmum\u0259n Prezident Emmanuel Makronun administrasiyas\u0131 Yeni Kaledoniyada, bel\u0259 dem\u0259k m\u00fcmk\u00fcns\u0259, avtoritarizm oca\u011f\u0131 qurmaqdad\u0131r. Bu is\u0259 Fransa ad\u0131na da son d\u0259r\u0259c\u0259 utancverici durumdur.<\/p>\n<p>Makronun \u00f6z \u00f6lk\u0259sinin \u0259ha\u00adlisi aras\u0131nda da n\u00fcfuzunu s\u00fcr\u0259tl\u0259 itirdiyi m\u0259lum olur. Fransa Prezidentinin bu c\u00fcr naraz\u0131l\u0131q dal\u011fas\u0131 fonunda v\u0259zif\u0259sind\u0259 sonadad\u0259k qalaca\u011f\u0131 suallar do\u011furur. Fransa tarixin\u0259 \u0259n u\u011fursuz, yar\u0131tmaz idar\u0259\u00e7ilik ill\u0259ri \u201cb\u0259x\u015f ed\u0259n\u201d Makronun impi\u00e7menti m\u0259s\u0259l\u0259sinin art\u0131q daha \u00e7ox insan t\u0259r\u0259find\u0259n g\u00fcnd\u0259m\u0259 g\u0259tirilm\u0259si bu m\u0259nada t\u0259sad\u00fcfi hesab olunmamal\u0131d\u0131r. H\u00f6\u00adkum\u0259t ba\u015f ver\u0259nl\u0259rd\u0259n n\u0259tic\u0259 \u00e7\u0131xar\u00admaq \u0259v\u0259zin\u0259, q\u0259r\u0259zli v\u0259 birt\u0259r\u0259fli m\u00f6vqe ortaya qoyur. \u0130r\u0259van\u0131 si\u00adlahland\u0131rmaq kimi riyakar siyas\u0259t y\u00fcr\u00fcd\u0259n Makron iqtidar\u0131 regionda g\u0259rginliyin artmas\u0131na, Erm\u0259nistan\u00adda revan\u015fizmin g\u00fccl\u0259nm\u0259sin\u0259 xid\u00adm\u0259t edir. Ancaq onun \u00f6lk\u0259 daxilind\u0259 siyas\u0259ti u\u011fursuz oldu\u011fu kimi, xarici siyas\u0259ti, o c\u00fcml\u0259d\u0259n Erm\u0259nistan\u2013Az\u0259rbaycan m\u00fcnasib\u0259tl\u0259rind\u0259 oy\u00adnad\u0131\u011f\u0131 destruktiv rol u\u011fursuzlu\u011fa,\u00a0 C\u0259nubi Qafqazla ba\u011fl\u0131 \u00fcmidl\u0259ri is\u0259 iflasa \u00a0m\u0259hkumdur.<\/p>\n","protected":false},"excerpt":{"rendered":"<p>Fransa Erm\u0259nistan\u0131 qurban se\u00e7ib Az\u0259rbaycan\u0131n \u00f6z \u0259razi b\u00fct\u00f6vl\u00fcy\u00fcn\u00fc v\u0259 suverenliyini b\u0259rpa etm\u0259si, C\u0259nubi Qafqaz regionunda tezlikl\u0259 s\u00fclh\u00fcn v\u0259 sabitliyin t\u0259min edilm\u0259sind\u0259 maraql\u0131 olmas\u0131 Erm\u0259nistana havadarl\u0131q ed\u0259n beyn\u0259lxalq dair\u0259l\u0259ri ciddi narahat edir. Az\u0259rbaycan\u0131n u\u011furlar\u0131n\u0131 h\u0259zm ed\u0259 bilm\u0259yib pax\u0131ll\u0131qdan q\u0131vr\u0131lan q\u00fcvv\u0259l\u0259r aras\u0131nda Fransa daha \u00e7ox se\u00e7ilir.\u00a0 R\u0259smi Paris b\u00f6lg\u0259d\u0259 yenid\u0259n g\u0259rginliyin yarad\u0131lmas\u0131nda, \u00a0beyn\u0259lxalq m\u00fcst\u0259vid\u0259 \u00f6lk\u0259mizin imicin\u0259 z\u0259rb\u0259 vurmaq \u00fc\u00e7\u00fcn\u00a0\u0259l atmad\u0131\u011f\u0131 yol qalmay\u0131b. Fransa bu proses\u0259 b\u00fct\u00f6vl\u00fckd\u0259 Avropa \u0130ttifaq\u0131n\u0131 (A\u0130) c\u0259lb etm\u0259y\u0259 \u00e7al\u0131\u015f\u0131r. Bu yax\u0131nlarda \u0130r\u0259vanda Avropa \u0130ttifaq\u0131n\u0131n monitorinq missiyas\u0131n\u0131n h\u00fcquqi statusuna dair sazi\u015fin imzalanmas\u0131 da buna xidm\u0259t edir. A\u0130 missiyas\u0131n\u0131n Erm\u0259nistanda g\u00fccl\u0259ndirilm\u0259si&hellip;<\/p>\n","protected":false},"author":2,"featured_media":666055,"comment_status":"closed","ping_status":"closed","sticky":false,"template":"","format":"standard","meta":{"om_disable_all_campaigns":false,"_monsterinsights_skip_tracking":false,"_monsterinsights_sitenote_active":false,"_monsterinsights_sitenote_note":"","_monsterinsights_sitenote_category":0},"categories":[19],"tags":[],"aioseo_notices":[],"gutentor_comment":0,"rttpg_featured_image_url":{"full":["https:\/\/arantv.az\/wp-content\/uploads\/2023\/12\/6affee95170195404649123051611074880.jpg",975,540,false],"landscape":["https:\/\/arantv.az\/wp-content\/uploads\/2023\/12\/6affee95170195404649123051611074880.jpg",975,540,false],"portraits":["https:\/\/arantv.az\/wp-content\/uploads\/2023\/12\/6affee95170195404649123051611074880.jpg",975,540,false],"thumbnail":["https:\/\/arantv.az\/wp-content\/uploads\/2023\/12\/6affee95170195404649123051611074880-500x280.jpg",500,280,true],"medium":["https:\/\/arantv.az\/wp-content\/uploads\/2023\/12\/6affee95170195404649123051611074880-660x365.jpg",660,365,true],"large":["https:\/\/arantv.az\/wp-content\/uploads\/2023\/12\/6affee95170195404649123051611074880-840x465.jpg",640,354,true],"1536x1536":["https:\/\/arantv.az\/wp-content\/uploads\/2023\/12\/6affee95170195404649123051611074880.jpg",975,540,false],"2048x2048":["https:\/\/arantv.az\/wp-content\/uploads\/2023\/12\/6affee95170195404649123051611074880.jpg",975,540,false],"post-thumbnail":["https:\/\/arantv.az\/wp-content\/uploads\/2023\/12\/6affee95170195404649123051611074880-240x172.jpg",240,172,true],"advps-thumb-one":["https:\/\/arantv.az\/wp-content\/uploads\/2023\/12\/6affee95170195404649123051611074880.jpg",975,540,false]},"rttpg_author":{"display_name":"V\u00fcsal Rafiqo\u011flu","author_link":"https:\/\/arantv.az\/?author=2"},"rttpg_comment":0,"rttpg_category":"<a href=\"https:\/\/arantv.az\/?cat=19\" rel=\"category\">G\u00fcnd\u0259m<\/a>","rttpg_excerpt":"Fransa Erm\u0259nistan\u0131 qurban se\u00e7ib Az\u0259rbaycan\u0131n \u00f6z \u0259razi b\u00fct\u00f6vl\u00fcy\u00fcn\u00fc v\u0259 suverenliyini b\u0259rpa etm\u0259si, C\u0259nubi Qafqaz regionunda tezlikl\u0259 s\u00fclh\u00fcn v\u0259 sabitliyin t\u0259min edilm\u0259sind\u0259 maraql\u0131 olmas\u0131 Erm\u0259nistana havadarl\u0131q ed\u0259n beyn\u0259lxalq dair\u0259l\u0259ri ciddi narahat edir. Az\u0259rbaycan\u0131n u\u011furlar\u0131n\u0131 h\u0259zm ed\u0259 bilm\u0259yib pax\u0131ll\u0131qdan q\u0131vr\u0131lan q\u00fcvv\u0259l\u0259r aras\u0131nda Fransa daha \u00e7ox se\u00e7ilir.\u00a0 R\u0259smi Paris b\u00f6lg\u0259d\u0259 yenid\u0259n g\u0259rginliyin yarad\u0131lmas\u0131nda, \u00a0beyn\u0259lxalq m\u00fcst\u0259vid\u0259 \u00f6lk\u0259mizin imicin\u0259 z\u0259rb\u0259&hellip;","_links":{"self":[{"href":"https:\/\/arantv.az\/index.php?rest_route=\/wp\/v2\/posts\/666048"}],"collection":[{"href":"https:\/\/arantv.az\/index.php?rest_route=\/wp\/v2\/posts"}],"about":[{"href":"https:\/\/arantv.az\/index.php?rest_route=\/wp\/v2\/types\/post"}],"author":[{"embeddable":true,"href":"https:\/\/arantv.az\/index.php?rest_route=\/wp\/v2\/users\/2"}],"replies":[{"embeddable":true,"href":"https:\/\/arantv.az\/index.php?rest_route=%2Fwp%2Fv2%2Fcomments&post=666048"}],"version-history":[{"count":0,"href":"https:\/\/arantv.az\/index.php?rest_route=\/wp\/v2\/posts\/666048\/revisions"}],"wp:featuredmedia":[{"embeddable":true,"href":"https:\/\/arantv.az\/index.php?rest_route=\/wp\/v2\/media\/666055"}],"wp:attachment":[{"href":"https:\/\/arantv.az\/index.php?rest_route=%2Fwp%2Fv2%2Fmedia&parent=666048"}],"wp:term":[{"taxonomy":"category","embeddable":true,"href":"https:\/\/arantv.az\/index.php?rest_route=%2Fwp%2Fv2%2Fcategories&post=666048"},{"taxonomy":"post_tag","embeddable":true,"href":"https:\/\/arantv.az\/index.php?rest_route=%2Fwp%2Fv2%2Ftags&post=666048"}],"curies":[{"name":"wp","href":"https:\/\/api.w.org\/{rel}","templated":true}]}}