{"id":666057,"date":"2023-12-08T09:58:10","date_gmt":"2023-12-08T05:58:10","guid":{"rendered":"https:\/\/arantv.az\/?p=666057"},"modified":"2023-12-08T09:58:10","modified_gmt":"2023-12-08T05:58:10","slug":"bir-qutbd%c9%99n-basqa-qutb%c9%99","status":"publish","type":"post","link":"https:\/\/arantv.az\/?p=666057","title":{"rendered":"Bir q\u00fctbd\u0259n ba\u015fqa q\u00fctb\u0259"},"content":{"rendered":"<p><em><strong>Erm\u0259nistan bu yolla hara kimi\u00a0ged\u0259 bil\u0259c\u0259k?..<\/strong><\/em><\/p>\n<p><em><strong>Qaraba\u011f m\u00fcnaqi\u015f\u0259si ba\u015fa \u00e7atandan v\u0259 Az\u0259rbaycan suverenliyini tam b\u0259rpa ed\u0259nd\u0259n sonra regionda s\u00fclh \u00fc\u00e7\u00fcn tarixi imkanlar yaran\u0131b. Prezident \u0130lham \u018fliyevin s\u00f6zl\u0259ri il\u0259 des\u0259k, biz regiona s\u00fclh\u00fc art\u0131q g\u0259tirmi\u015fik. Amma m\u00fcst\u0259qil siyas\u0259t y\u00fcr\u00fcd\u0259 bilm\u0259y\u0259n, eyni vaxtda bir ne\u00e7\u0259 \u00f6lk\u0259nin \u0259t\u0259yind\u0259n yap\u0131\u015fan\u00a0Erm\u0259nistan \u00f6z\u00fcn\u00fcn xilas\u0131 olacaq s\u00fclh m\u00fcqavil\u0259sini imzalanmas\u0131n\u0131 gecikdirir. Daha do\u011frusu, r\u0259smi \u0130r\u0259van b\u00f6lg\u0259d\u0259 h\u0259l\u0259 d\u0259 s\u00fclh\u0259 q\u0259nim k\u0259silmi\u015f Fransa kimi hav<\/strong><\/em><em><strong>adarlar\u0131n\u0131n \u00e7ald\u0131qlar\u0131 il\u0259 oynay\u0131r.<\/strong><\/em><\/p>\n<p>S\u00fclh sazi\u015fi \u00fczr\u0259 t\u0259klifl\u0259ri, y\u0259ni 20-d\u0259n az madd\u0259d\u0259n ibar\u0259t maksimum alt\u0131-yeddi s\u0259hif\u0259lik bir s\u0259n\u0259di 70 g\u00fcnd\u0259n art\u0131q m\u00fcdd\u0259td\u0259 yubadan Erm\u0259nistan el\u0259 bu kimi s\u0259b\u0259bl\u0259rd\u0259n Az\u0259rbaycan\u0131n siyasi, diplomatik m\u00fcst\u0259vid\u0259 s\u00fclh istiqam\u0259tind\u0259 atd\u0131\u011f\u0131 add\u0131mlara n\u0259inki adekvat cavab verir, \u0259ksin\u0259, prosesd\u0259n yay\u0131nmaq \u00fc\u00e7\u00fcn h\u0259r c\u00fcr siyasi, h\u0259tta h\u0259rbi t\u0259xribatlara \u0259l at\u0131r. Ba\u015fqa s\u00f6zl\u0259 des\u0259k, iki \u00f6lk\u0259 aras\u0131nda m\u00fcnaqi\u015f\u0259nin s\u00fclh yolu il\u0259 h\u0259ll olunmamas\u0131 \u00fc\u00e7\u00fcn b\u00fct\u00fcn \u00e7irkin yollara ba\u015f vurur. Bu m\u0259nada s\u00fclh prosesini pozan t\u0259cav\u00fczkar \u00f6lk\u0259 haz\u0131rda bar\u0131\u015fa z\u0259rb\u0259 vuran f\u0259aliyy\u0259tl\u0259 m\u0259\u015f\u011fuldur des\u0259k yan\u0131lmar\u0131q.<\/p>\n<p>Prezident \u0130lham \u018fliyev dekabr\u0131n 6-da ADA Universitetind\u0259 ke\u00e7iril\u0259n \u201cQaraba\u011f: 30 ild\u0259n sonra ev\u0259 d\u00f6n\u00fc\u015f. Nailiyy\u0259tl\u0259r v\u0259 \u00e7\u0259tinlikl\u0259r\u201d Forumunda bu vacib m\u0259qama toxunaraq bildirdi ki, Erm\u0259nistan h\u00f6kum\u0259ti xaotik olaraq bir q\u00fctbd\u0259n dig\u0259r q\u00fctb\u0259 gedir: \u201cOnlar hesab edirl\u0259r ki, bununla xilas olunacaqlar. Bu, bel\u0259 deyil. Onlar, sad\u0259c\u0259, dig\u0259r b\u00f6y\u00fck qarda\u015f\u0131 qazanacaqlar. Bu b\u00f6y\u00fck qarda\u015f \u0259vv\u0259lki qarda\u015fdan yax\u015f\u0131 olacaq? S\u0259mimi olaraq dey\u0259k ki, bu, bel\u0259 deyil. O uzaqdad\u0131r, b\u00f6lg\u0259y\u0259 o q\u0259d\u0259r d\u0259 ba\u011fl\u0131 olan qarda\u015f deyil v\u0259 \u00f6z\u00fcn\u00fcn siyasi, b\u0259lk\u0259 d\u0259 \u015f\u0259xsi ambisiyalar\u0131n\u0131n, ideyalar\u0131n\u0131n dal\u0131nca gedir. \u018fn az\u0131 Erm\u0259nistan \u00f6z t\u0259r\u0259find\u0259n irad\u0259sini bildirm\u0259lidir. Bu, s\u00fclh \u00fc\u00e7\u00fcn ilk \u015f\u0259rtdir\u201d.<\/p>\n<p>\u015e\u00fcbh\u0259siz, bu, yegan\u0259 \u015f\u0259rt deyil. Bel\u0259 ki, Az\u0259rbaycan s\u00fclh sazi\u015find\u0259n dan\u0131\u015fark\u0259n bunun yaln\u0131z formal t\u0259r\u0259fini fikirl\u0259\u015fmir. Bel\u0259 ki, Erm\u0259nistanda he\u00e7 bir revan\u015fizm c\u0259hdl\u0259rinin olmayaca\u011f\u0131 il\u0259 ba\u011fl\u0131 q\u0259ti \u015f\u0259kild\u0259, t\u0259sdiql\u0259nmi\u015f z\u0259man\u0259t d\u0259 ist\u0259yir. Prezidentin s\u00f6zl\u0259ri il\u0259 des\u0259k, \u00e7\u00fcnki biz Erm\u0259nistanda n\u0259 ba\u015f verdiyini bilirik v\u0259 h\u0259m\u00e7inin bilirik ki, Erm\u0259nistan\u0131n b\u0259zi Avropa paytaxtlar\u0131nda \u00e7ox pis m\u0259sl\u0259h\u0259t\u00e7il\u0259ri var: \u201cOnlar ke\u00e7mi\u015f \u201cda\u011fl\u0131q qaraba\u011f respublikas\u0131\u201dn\u0131 unutmal\u0131, s\u0259rh\u0259din delimitasiyas\u0131 m\u0259s\u0259l\u0259sind\u0259 konstruktiv olmal\u0131d\u0131rlar. \u018fsl s\u00fclh m\u0259hz budur.\u201d<\/p>\n<p>Yeri g\u0259lmi\u015fk\u0259n bildir\u0259k ki, s\u00f6z\u00fcged\u0259n t\u0259dbird\u0259 Prezident \u0130lham \u018fliyev\u00a0Avropa \u0130ttifaq\u0131 \u015euras\u0131n\u0131n Prezidenti \u015earl Mi\u015felin Az\u0259rbaycan il\u0259 Erm\u0259nistan m\u00fcnasib\u0259tl\u0259rinin normalla\u015fmas\u0131 istiqam\u0259tind\u0259 s\u0259yl\u0259rind\u0259n d\u0259 s\u00f6z a\u00e7\u0131b: \u201c\u2026\u015e\u0259xs\u0259n m\u0259n v\u0259 Az\u0259rbaycan \u015earl Mi\u015felin s\u0259yl\u0259rini h\u0259r zaman d\u0259st\u0259kl\u0259mi\u015fik. Onun t\u0259r\u0259find\u0259n Br\u00fcsseld\u0259 bir ne\u00e7\u0259 g\u00f6r\u00fc\u015f t\u0259\u015fkil edilib. Biz indi m\u00fcmk\u00fcn yeni g\u00f6r\u00fc\u015f\u00fc m\u00fczakir\u0259 edirik. M\u0259nim k\u00f6m\u0259k\u00e7im Hikm\u0259t Hac\u0131yev \u015earl Mi\u015felin komandas\u0131 il\u0259 daimi \u0259laq\u0259d\u0259dir. Art\u0131q 5-d\u0259n \u00e7ox g\u00f6r\u00fc\u015f ke\u00e7irmi\u015fik. N\u00f6vb\u0259ti g\u00f6r\u00fc\u015f\u00fcm\u00fcz is\u0259 n\u0259tic\u0259y\u00f6n\u00fcml\u00fc olmal\u0131d\u0131r\u201d. Bununla da Az\u0259rbaycan b\u00f6lg\u0259d\u0259 s\u00fclh\u00fcn v\u0259 sabitliyin b\u0259rq\u0259rar edilm\u0259sind\u0259 maraql\u0131 t\u0259r\u0259f oldu\u011funu bir daha d\u00fcnyaya b\u0259yan edib. G\u00f6r\u00fcn\u0259n budur ki, \u0130r\u0259van ist\u0259s\u0259 d\u0259, ist\u0259m\u0259s\u0259 d\u0259, s\u00fclh olacaq v\u0259 bunun t\u0259mi\u00adnat\u00e7\u0131s\u0131 Az\u0259rbaycand\u0131r.<\/p>\n<p>Qeyd ed\u0259k ki, 2023-c\u00fc il iyulun 15-d\u0259 Avropa \u0130ttifaq\u0131 \u015euras\u0131n\u0131n Prezidenti \u015earl Mi\u015felin t\u0259\u015f\u0259bb\u00fcs\u00fc il\u0259 Br\u00fcsseld\u0259 Az\u0259rbaycan Prezidenti \u0130lham \u018fliyev v\u0259 Erm\u0259nistan\u0131n ba\u015f naziri Nikol Pa\u015finyan aras\u0131nda s\u00fclh m\u00fcqavil\u0259si \u00fczr\u0259 apar\u0131lan dan\u0131\u015f\u0131qlar\u0131n n\u00f6vb\u0259ti raundu ba\u015f tutmu\u015fdu. Bununla ba\u011fl\u0131 m\u0259tbuata a\u00e7\u0131qlama ver\u0259n \u015earl Mi\u015fel bildirdirmi\u015fdi ki, g\u00f6r\u00fc\u015f \u00e7ox m\u0259hsuldar ke\u00e7mi\u015fdir. Bel\u0259 ki, g\u00f6r\u00fc\u015f zaman\u0131 iki \u00f6lk\u0259 liderl\u0259ri 1991-ci il &#8220;Almat\u0131 B\u0259yannam\u0259si&#8221;n\u0259, el\u0259c\u0259 d\u0259 \u0259razi b\u00fct\u00f6vl\u00fcy\u00fc v\u0259 suverenliyin\u0259 sadiqlikl\u0259rini t\u0259sdiql\u0259mi\u015fdil\u0259r. H\u0259min g\u00f6r\u00fc\u015fd\u0259n sonra daha bir ne\u00e7\u0259 g\u00f6r\u00fc\u015f\u00fcn ke\u00e7irilm\u0259si planla\u015fd\u0131r\u0131lsa da r\u0259smi Bak\u0131 m\u00fc\u0259yy\u0259n s\u0259b\u0259bl\u0259rd\u0259n onlardan imtina etmi\u015fdi. M\u0259s\u0259l\u0259n, el\u0259 g\u00f6t\u00fcr\u0259k oktyabr\u0131n 5-d\u0259 ke\u00e7irilmi\u015f Qranada sammitini. M\u0259lum oldu\u011fu kimi, d\u00f6vl\u0259timizin ba\u015f\u00e7\u0131s\u0131 \u0130lham \u018fliyevin i\u015f\u00adtirak etm\u0259diyi h\u0259min sammitd\u0259 Qaraba\u011f erm\u0259nil\u0259rinin h\u00fcquq v\u0259 t\u0259hl\u00fck\u0259sizliyi il\u0259 ba\u011fl\u0131 beyn\u0259lxalq t\u0259minatlar t\u0259\u015fkil ed\u0259n m\u00fc\u015ft\u0259r\u0259k s\u0259n\u0259dl\u0259r imzalanm\u0131\u015fd\u0131. El\u0259 Prezident \u0130lham \u018fliyevin Qranadaya get\u00adm\u0259m\u0259sinin ba\u015fl\u0131ca s\u0259b\u0259bi Parisin erm\u0259nip\u0259r\u0259stliyi, \u00f6z\u00fcn\u00fc a\u015fkar t\u0259r\u0259f kimi g\u00f6st\u0259rm\u0259si olmu\u015fdur.<\/p>\n","protected":false},"excerpt":{"rendered":"<p>Erm\u0259nistan bu yolla hara kimi\u00a0ged\u0259 bil\u0259c\u0259k?.. Qaraba\u011f m\u00fcnaqi\u015f\u0259si ba\u015fa \u00e7atandan v\u0259 Az\u0259rbaycan suverenliyini tam b\u0259rpa ed\u0259nd\u0259n sonra regionda s\u00fclh \u00fc\u00e7\u00fcn tarixi imkanlar yaran\u0131b. Prezident \u0130lham \u018fliyevin s\u00f6zl\u0259ri il\u0259 des\u0259k, biz regiona s\u00fclh\u00fc art\u0131q g\u0259tirmi\u015fik. Amma m\u00fcst\u0259qil siyas\u0259t y\u00fcr\u00fcd\u0259 bilm\u0259y\u0259n, eyni vaxtda bir ne\u00e7\u0259 \u00f6lk\u0259nin \u0259t\u0259yind\u0259n yap\u0131\u015fan\u00a0Erm\u0259nistan \u00f6z\u00fcn\u00fcn xilas\u0131 olacaq s\u00fclh m\u00fcqavil\u0259sini imzalanmas\u0131n\u0131 gecikdirir. Daha do\u011frusu, r\u0259smi \u0130r\u0259van b\u00f6lg\u0259d\u0259 h\u0259l\u0259 d\u0259 s\u00fclh\u0259 q\u0259nim k\u0259silmi\u015f Fransa kimi havadarlar\u0131n\u0131n \u00e7ald\u0131qlar\u0131 il\u0259 oynay\u0131r. S\u00fclh sazi\u015fi \u00fczr\u0259 t\u0259klifl\u0259ri, y\u0259ni 20-d\u0259n az madd\u0259d\u0259n ibar\u0259t maksimum alt\u0131-yeddi s\u0259hif\u0259lik bir s\u0259n\u0259di 70 g\u00fcnd\u0259n art\u0131q m\u00fcdd\u0259td\u0259 yubadan Erm\u0259nistan el\u0259&hellip;<\/p>\n","protected":false},"author":2,"featured_media":666061,"comment_status":"closed","ping_status":"closed","sticky":false,"template":"","format":"standard","meta":{"om_disable_all_campaigns":false,"_monsterinsights_skip_tracking":false,"_monsterinsights_sitenote_active":false,"_monsterinsights_sitenote_note":"","_monsterinsights_sitenote_category":0},"categories":[19],"tags":[],"aioseo_notices":[],"gutentor_comment":0,"rttpg_featured_image_url":{"full":["https:\/\/arantv.az\/wp-content\/uploads\/2023\/12\/0cb82dbd170197035883881439810846635.jpg",975,540,false],"landscape":["https:\/\/arantv.az\/wp-content\/uploads\/2023\/12\/0cb82dbd170197035883881439810846635.jpg",975,540,false],"portraits":["https:\/\/arantv.az\/wp-content\/uploads\/2023\/12\/0cb82dbd170197035883881439810846635.jpg",975,540,false],"thumbnail":["https:\/\/arantv.az\/wp-content\/uploads\/2023\/12\/0cb82dbd170197035883881439810846635-500x280.jpg",500,280,true],"medium":["https:\/\/arantv.az\/wp-content\/uploads\/2023\/12\/0cb82dbd170197035883881439810846635-660x365.jpg",660,365,true],"large":["https:\/\/arantv.az\/wp-content\/uploads\/2023\/12\/0cb82dbd170197035883881439810846635-840x465.jpg",640,354,true],"1536x1536":["https:\/\/arantv.az\/wp-content\/uploads\/2023\/12\/0cb82dbd170197035883881439810846635.jpg",975,540,false],"2048x2048":["https:\/\/arantv.az\/wp-content\/uploads\/2023\/12\/0cb82dbd170197035883881439810846635.jpg",975,540,false],"post-thumbnail":["https:\/\/arantv.az\/wp-content\/uploads\/2023\/12\/0cb82dbd170197035883881439810846635-240x172.jpg",240,172,true],"advps-thumb-one":["https:\/\/arantv.az\/wp-content\/uploads\/2023\/12\/0cb82dbd170197035883881439810846635.jpg",975,540,false]},"rttpg_author":{"display_name":"V\u00fcsal Rafiqo\u011flu","author_link":"https:\/\/arantv.az\/?author=2"},"rttpg_comment":0,"rttpg_category":"<a href=\"https:\/\/arantv.az\/?cat=19\" rel=\"category\">G\u00fcnd\u0259m<\/a>","rttpg_excerpt":"Erm\u0259nistan bu yolla hara kimi\u00a0ged\u0259 bil\u0259c\u0259k?.. Qaraba\u011f m\u00fcnaqi\u015f\u0259si ba\u015fa \u00e7atandan v\u0259 Az\u0259rbaycan suverenliyini tam b\u0259rpa ed\u0259nd\u0259n sonra regionda s\u00fclh \u00fc\u00e7\u00fcn tarixi imkanlar yaran\u0131b. Prezident \u0130lham \u018fliyevin s\u00f6zl\u0259ri il\u0259 des\u0259k, biz regiona s\u00fclh\u00fc art\u0131q g\u0259tirmi\u015fik. Amma m\u00fcst\u0259qil siyas\u0259t y\u00fcr\u00fcd\u0259 bilm\u0259y\u0259n, eyni vaxtda bir ne\u00e7\u0259 \u00f6lk\u0259nin \u0259t\u0259yind\u0259n yap\u0131\u015fan\u00a0Erm\u0259nistan \u00f6z\u00fcn\u00fcn xilas\u0131 olacaq s\u00fclh m\u00fcqavil\u0259sini imzalanmas\u0131n\u0131 gecikdirir. Daha do\u011frusu,&hellip;","_links":{"self":[{"href":"https:\/\/arantv.az\/index.php?rest_route=\/wp\/v2\/posts\/666057"}],"collection":[{"href":"https:\/\/arantv.az\/index.php?rest_route=\/wp\/v2\/posts"}],"about":[{"href":"https:\/\/arantv.az\/index.php?rest_route=\/wp\/v2\/types\/post"}],"author":[{"embeddable":true,"href":"https:\/\/arantv.az\/index.php?rest_route=\/wp\/v2\/users\/2"}],"replies":[{"embeddable":true,"href":"https:\/\/arantv.az\/index.php?rest_route=%2Fwp%2Fv2%2Fcomments&post=666057"}],"version-history":[{"count":0,"href":"https:\/\/arantv.az\/index.php?rest_route=\/wp\/v2\/posts\/666057\/revisions"}],"wp:featuredmedia":[{"embeddable":true,"href":"https:\/\/arantv.az\/index.php?rest_route=\/wp\/v2\/media\/666061"}],"wp:attachment":[{"href":"https:\/\/arantv.az\/index.php?rest_route=%2Fwp%2Fv2%2Fmedia&parent=666057"}],"wp:term":[{"taxonomy":"category","embeddable":true,"href":"https:\/\/arantv.az\/index.php?rest_route=%2Fwp%2Fv2%2Fcategories&post=666057"},{"taxonomy":"post_tag","embeddable":true,"href":"https:\/\/arantv.az\/index.php?rest_route=%2Fwp%2Fv2%2Ftags&post=666057"}],"curies":[{"name":"wp","href":"https:\/\/api.w.org\/{rel}","templated":true}]}}