{"id":666091,"date":"2023-12-08T11:19:51","date_gmt":"2023-12-08T07:19:51","guid":{"rendered":"https:\/\/arantv.az\/?p=666091"},"modified":"2023-12-08T11:19:51","modified_gmt":"2023-12-08T07:19:51","slug":"prezidentd%c9%99n-az%c9%99rbaycanda-sabitliy%c9%99-xarici-t%c9%99hdid-yoxdur-mesaji","status":"publish","type":"post","link":"https:\/\/arantv.az\/?p=666091","title":{"rendered":"Prezidentd\u0259n \u201cAz\u0259rbaycanda sabitliy\u0259 xarici t\u0259hdid yoxdur\u201d mesaj\u0131"},"content":{"rendered":"<p><strong>Hakimiyy\u0259ti \u0130ran, Rusiya v\u0259 Erm\u0259nistan kimi d\u00f6vl\u0259tl\u0259rin \u0259hat\u0259sind\u0259 arxay\u0131n ed\u0259n n\u0259dir?<\/strong><\/p>\n<p>\u201cAz\u0259rbaycanda v\u0259ziyy\u0259t sabitdir. Bizim daxili v\u0259ziyy\u0259timiz xarici amill\u0259rd\u0259n as\u0131l\u0131 deyil. \u018flb\u0259tt\u0259, s\u0259rh\u0259dl\u0259rimizin h\u00fcdudlar\u0131ndan k\u0259narda ba\u015f ver\u0259n prosesl\u0259r ciddi narahatl\u0131q do\u011furur. Biz bunu h\u0259r zaman n\u0259z\u0259r\u0259 almal\u0131y\u0131q\u201d.\u00a0 Bu bar\u0259d\u0259 Prezident \u0130lham \u018fliyev ADA Universitetind\u0259 ke\u00e7iril\u0259n forumda dan\u0131\u015f\u0131b. D\u00f6vl\u0259timizin ba\u015f\u00e7\u0131s\u0131, h\u0259m\u00e7inin deyib:<\/p>\n<p>\u201cDaxili riskl\u0259r\u0259 g\u0259ldikd\u0259, el\u0259 bir ciddi risk v\u0259 \u00e7a\u011f\u0131r\u0131\u015flar\u0131m\u0131z yoxdur. \u018frazil\u0259rimizin v\u0259 s\u0259rh\u0259dl\u0259rimizin d\u00fczg\u00fcn m\u00fcdafi\u0259 edilm\u0259si \u00fc\u00e7\u00fcn z\u0259ruri layih\u0259l\u0259r h\u0259yata ke\u00e7iririk ki, h\u0259r hans\u0131 xarici riskl\u0259rd\u0259n \u00f6z\u00fcm\u00fcz\u00fc s\u0131\u011fortalayaq\u201d.<\/p>\n<p><strong>\u018fvv\u0259ll\u0259r xarici t\u0259hdidl\u0259r \u00f6n\u0259 \u00e7\u0131xard\u0131. Prezident is\u0259 a\u00e7\u0131q dedi ki, \u00f6lk\u0259d\u0259ki v\u0259ziyy\u0259t xarici amill\u0259rd\u0259n as\u0131l\u0131 deyil. \u0130ran, Rusiya v\u0259 Erm\u0259nistan kimi d\u00f6vl\u0259tl\u0259rin \u0259hat\u0259sind\u0259 olan Az\u0259rbaycan\u0131 arxay\u0131n ed\u0259n n\u0259dir?<\/strong><\/p>\n<p><strong><img src=\"https:\/\/www.e-huquq.az\/media\/2021\/06\/21\/azer-badamovjpg-1582118164.jpg\" alt=\"Az\u0259r Badamov: &quot;Davosda ke\u00e7iril\u0259n g\u00f6r\u00fc\u015fl\u0259r bir daha g\u00f6st\u0259rdi ki, \u00f6lk\u0259miz\u0259  b\u00f6y\u00fck maraq var&quot;\" \/><\/strong><\/p>\n<p><strong>\u00a0Az\u0259r Badamov\u00a0<\/strong><\/p>\n<p><strong>Deputat Az\u0259r Badamov bu sabitliyin k\u00f6k\u00fcnd\u0259 Ali Ba\u015f Komandan\u0131n y\u00fcr\u00fctd\u00fcy\u00fc siyas\u0259tin dayand\u0131\u011f\u0131n\u0131 qeyd etdi:<\/strong>\u00a0\u201cADA Universitetind\u0259 Prezident \u0130lham \u018fliyev xarici \u00f6lk\u0259l\u0259rin apar\u0131c\u0131 ekspertl\u0259ri il\u0259 ke\u00e7irdiyi g\u00f6r\u00fc\u015fd\u0259 Az\u0259rbaycanda sabitliy\u0259 xarici t\u0259hdid yoxdur mesaj\u0131 s\u0259sl\u0259ndirdi.\u00a0 \u018flb\u0259tt\u0259 ki, \u0259ld\u0259 olunan b\u00fct\u00fcn u\u011furlar\u0131n t\u0259m\u0259lind\u0259 \u00f6lk\u0259mizd\u0259 t\u0259min olunmu\u015f ictimai-siyasi sabitlik dayan\u0131r. \u018fg\u0259r \u00f6lk\u0259d\u0259 sabitlik t\u0259min olunmazsa, n\u0259 iqtisadiyyatda, n\u0259 d\u0259 siyas\u0259td\u0259 m\u00fck\u0259mm\u0259l bir n\u0259tic\u0259y\u0259 nail olmaq m\u00fcmk\u00fcn deyil. M\u0259hz \u00f6lk\u0259mizd\u0259ki sabitlik iqtisadiyyat\u0131m\u0131za milyardlarla xarici investisiyalar\u0131n axmas\u0131na z\u0259min yarad\u0131b. Bel\u0259 bir sabitliyin t\u0259min olunmas\u0131 da d\u00f6vl\u0259t ba\u015f\u00e7\u0131s\u0131n\u0131n \u00f6lk\u0259 v\u0259t\u0259nda\u015flar\u0131n\u0131n maraqlar\u0131na uy\u011fun siyas\u0259ti aparmas\u0131 say\u0259sind\u0259 nail olunub. \u0130lk n\u00f6vb\u0259d\u0259, d\u00f6vl\u0259timiz b\u00fcdc\u0259 imkanlar\u0131 daxilind\u0259 \u00f6z v\u0259t\u0259nda\u015flar\u0131n\u0131n sosial rifah\u0131n\u0131n yax\u015f\u0131la\u015fd\u0131r\u0131lmas\u0131 istiqam\u0259tind\u0259 davaml\u0131 \u015f\u0259kild\u0259 add\u0131mlar\u0131n\u0131 at\u0131r. O c\u00fcml\u0259d\u0259n b\u00f6y\u00fck sosial infrastruktur layih\u0259l\u0259ri icra olunaraq insanlar\u0131n rahat ya\u015fay\u0131\u015f\u0131 t\u0259min olunur. H\u0259m d\u0259 \u00f6z v\u0259t\u0259nini sev\u0259n g\u0259nc n\u0259sil t\u0259rbiy\u0259 olundu. Bu g\u00fcn t\u0259min olunmu\u015f sabitliyin t\u0259m\u0259lind\u0259 milli h\u0259mr\u0259ylik v\u0259 birlik dayan\u0131r. \u00dc\u00e7 il \u0259vv\u0259l qazand\u0131\u011f\u0131m\u0131z q\u0259l\u0259b\u0259miz\u0259 d\u0259 milli h\u0259mr\u0259ylik v\u0259 birlik say\u0259sind\u0259 imza ata bildik. Bu g\u00fcn \u00f6lk\u0259mizd\u0259 sars\u0131lmaz xalq-iqtidar birliyi var. Bu birliyimiz h\u0259r bir xarici t\u0259hdidi d\u0259f etm\u0259y\u0259 qadirdir. Xarici d\u00fc\u015fm\u0259nl\u0259rimiz \u00f6lk\u0259mizd\u0259ki ictimai-siyasi sabitliyi pozma\u011fa v\u0259 d\u00f6vl\u0259timizi z\u0259ifl\u0259tm\u0259y\u0259 d\u0259f\u0259l\u0259rl\u0259 c\u0259hdl\u0259r edib. Amma d\u00f6vl\u0259timiz v\u0259 xalq\u0131m\u0131z xarici d\u00fc\u015fm\u0259nl\u0259r\u0259 \u00f6z \u00e7irkin niyy\u0259tl\u0259rini realla\u015fd\u0131rma\u011fa he\u00e7 vaxt imkan verm\u0259yib. Ona g\u00f6r\u0259 d\u0259 d\u00f6vl\u0259timiz \u00f6lk\u0259mizin s\u0259rh\u0259dl\u0259rinin daha g\u00fccl\u00fc \u015f\u0259kild\u0259 qorunmas\u0131 \u00fc\u00e7\u00fcn add\u0131mlar at\u0131r. T\u0259bii ki, qon\u015fu respublikalarda ba\u015f ver\u0259n hadis\u0259l\u0259r bizi d\u0259 narahat etm\u0259y\u0259 bilm\u0259z. \u00d6lk\u0259miz Erm\u0259nistan istisna olunmaqla, b\u00fct\u00fcn qon\u015fularla y\u00fcks\u0259k dostluq v\u0259 strateji \u0259m\u0259kda\u015fl\u0131q \u0259laq\u0259l\u0259rin\u0259 malikdir. T\u0259\u0259ss\u00fcf ki, Erm\u0259nistan uzatd\u0131\u011f\u0131m\u0131z s\u00fclh \u0259limizd\u0259n tutmaq ist\u0259mir v\u0259 xarici havadarlar\u0131n d\u0259st\u0259yi il\u0259 yenid\u0259n silahlanmaya \u00fcst\u00fcnl\u00fck verir. Az\u0259rbaycan Erm\u0259nistan\u0131n bu h\u0259r\u0259k\u0259tl\u0259rini m\u00fc\u015fahid\u0259 edir v\u0259 \u00f6lk\u0259mizin m\u00fcdafi\u0259 qabiliyy\u0259tini daha da art\u0131rmaqla ba\u015f ver\u0259 bil\u0259c\u0259k h\u0259r hans\u0131 m\u00fcdaxil\u0259l\u0259rd\u0259n \u00f6lk\u0259mizi s\u0131\u011fortalay\u0131r. Y\u0259ni \u00f6lk\u0259mizd\u0259 t\u0259min olunmu\u015f iqtisadi v\u0259 siyasi sabitlik\u00a0 xarici t\u0259sirl\u0259rd\u0259n qorunub saxlan\u0131l\u0131r. Bunu Prezident \u0130lham \u018fliyevin apard\u0131\u011f\u0131 u\u011furlu siyas\u0259tin g\u00f6st\u0259ricisi hesab edir\u0259m\u201d.<\/p>\n<p><img src=\"https:\/\/cebheinfo.az\/uploads\/images\/2023\/08\/720x400\/1691054697174888210964cb72696f892.jpg\" alt=\"Elxan \u015eahino\u011flu: &quot;Putin \u201ctax\u0131l sazi\u015fini\u201d uzatmaq ist\u0259mir&quot;\" \/><\/p>\n<p><strong>Elxan \u015eahino\u011flu<\/strong><\/p>\n<p><strong>\u201cAtlas\u201d Ara\u015fd\u0131rmalar M\u0259rk\u0259zinin r\u0259hb\u0259ri Elxan \u015eahino\u011flu \u0130.\u018fliyevin fevral\u0131n 7-n\u0259 t\u0259yin etdiyi n\u00f6vb\u0259d\u0259nk\u0259nar prezident se\u00e7kisin\u0259 toxundu:<\/strong>\u00a0\u201cAz\u0259rbaycanda h\u0259qiq\u0259t\u0259n sabitlik, stabillik h\u00f6km s\u00fcr\u00fcr. H\u0259l\u0259 ki k\u0259nardan he\u00e7 bir real t\u0259hl\u00fck\u0259 yoxdur. M\u0259hz bu amili \u0259lind\u0259 r\u0259hb\u0259r tutan \u0130lham \u018fliyev erk\u0259n prezident se\u00e7kisini fevral\u0131n 7-n\u0259 t\u0259yin etdi. Bunun h\u0259m d\u0259 s\u0259b\u0259bl\u0259rind\u0259n biri, n\u0259 q\u0259d\u0259r ki, \u00f6lk\u0259d\u0259 sabitlikdir, \u00fcst\u0259lik, Qaraba\u011f m\u0259s\u0259l\u0259si h\u0259ll olunub, prezident se\u00e7kisi ke\u00e7irib, hakimiyy\u0259tini daha da m\u00f6hk\u0259ml\u0259ndirm\u0259k ist\u0259yir. \u00dcst\u0259lik, g\u0259l\u0259n il C\u0259nubi Qafqazda, Az\u0259rbaycanda mara\u011f\u0131 olan \u00f6lk\u0259l\u0259rd\u0259 prezident se\u00e7kil\u0259ridir, Amerika v\u0259 Rusiyada. H\u0259m d\u0259 Avropa \u0130ttifaq\u0131nda se\u00e7kil\u0259r var. Bu amil d\u0259 rol oynad\u0131 ki, \u0130lham \u018fliyev prezident se\u00e7kisini 2025-ci ild\u0259 deyil, 2024-c\u00fc ild\u0259 ke\u00e7irir. N\u0259 q\u0259d\u0259r ki, bu b\u00f6lg\u0259y\u0259 mara\u011f\u0131 olan d\u00f6vl\u0259tl\u0259rin ba\u015flar\u0131 \u00f6zl\u0259rin\u0259 qar\u0131\u015facaq, biz d\u0259 \u00f6z se\u00e7kimizi ke\u00e7ir\u0259k v\u0259 sabitliyimiz davaml\u0131 hal als\u0131n\u201d.<\/p>\n<p><img loading=\"lazy\" src=\"https:\/\/metbuat.az\/uploads\/323\/0b6b50b41c-27757209149148210019468981055660977350026733n-1.jpg\" alt=\"Regionda YEN\u0130 G\u00dcC:\" width=\"839\" height=\"559\" \/><\/p>\n<p><strong>Rusif M\u0259mm\u0259dsoy\u00a0<\/strong><\/p>\n<p><strong>Siyasi \u015f\u0259rh\u00e7i Rusif M\u0259mm\u0259dsoy d\u00f6vl\u0259t ba\u015f\u00e7\u0131s\u0131n\u0131n bu a\u00e7\u0131qlamas\u0131n\u0131 bir ne\u00e7\u0259 aspektd\u0259n d\u0259y\u0259rl\u0259ndirir:<\/strong>\u00a0\u201c\u018fvv\u0259la, onu qeyd ed\u0259k ki, h\u0259qiq\u0259t\u0259n d\u0259 bu g\u00fcn\u0259 q\u0259d\u0259r Az\u0259rbaycan\u0131n manevr imkanlar\u0131 m\u0259hdud idi. \u00c7\u00fcnki ortada Qaraba\u011f kimi \u00f6z h\u0259llini g\u00f6zl\u0259y\u0259n problem m\u00f6vcud idi. Bu g\u00fcn is\u0259 Qaraba\u011f m\u0259s\u0259l\u0259si qapan\u0131b, h\u0259tta bir az da ir\u0259li ged\u0259r\u0259k dey\u0259 bil\u0259r\u0259m ki, Xank\u0259ndi he\u00e7 olmad\u0131\u011f\u0131 q\u0259d\u0259r bizimdir. B\u00fct\u00fcn bunlar Az\u0259rbaycan\u0131n manevr imkanlar\u0131n\u0131 geni\u015fl\u0259ndirm\u0259kl\u0259 yana\u015f\u0131, daha rahat h\u0259r\u0259k\u0259t etm\u0259yimiz\u0259 d\u0259 s\u0259b\u0259b olub. Xarici t\u0259hdid dey\u0259rk\u0259n t\u0259bii ki, ilk \u00f6nc\u0259 a\u011fl\u0131m\u0131za Erm\u0259nistan g\u0259lir. Ancaq n\u0259z\u0259r\u0259 almaq laz\u0131md\u0131r ki, haz\u0131rda o t\u0259hdid d\u0259 b\u00f6y\u00fck \u00f6l\u00e7\u00fcd\u0259 aradan qalx\u0131b. T\u0259bii ki, Az\u0259rbaycan el\u0259 bir b\u00f6lg\u0259d\u0259, el\u0259 \u00f6lk\u0259l\u0259rin aras\u0131nda yerl\u0259\u015fir ki, t\u0259hdidl\u0259rin olmas\u0131 t\u0259\u0259cc\u00fcbl\u00fc deyil. Erm\u0259nistanla yana\u015f\u0131 c\u0259nub qon\u015fumuz \u0130randan da ciddi t\u0259hdidl\u0259r olurdu. Bu t\u0259hdidl\u0259r h\u0259m h\u0259rbi, h\u0259m d\u0259 ideoloji m\u00fcst\u0259vid\u0259 \u00f6z\u00fcn\u00fc g\u00f6st\u0259rirdi. Lakin biz h\u0259r iki istiqam\u0259td\u0259 b\u00fct\u00fcn bunlar\u0131n \u00f6hd\u0259sind\u0259n g\u0259ldik v\u0259 \u0130ran\u0131 da yeni reall\u0131qlar\u0131 q\u0259bul etm\u0259y\u0259 m\u0259cbur ed\u0259 bildik. M\u0259hz b\u00fct\u00fcn bunlar\u0131n n\u0259tic\u0259sidir ki, \u00f6t\u0259n g\u00fcn \u0130ran HDQ-nin komandanl\u0131\u011f\u0131 \u00f6lk\u0259miz\u0259 s\u0259f\u0259r\u0259 g\u0259ldi v\u0259 bir s\u0131ra m\u0259s\u0259l\u0259 il\u0259 ba\u011fl\u0131 \u0259m\u0259kda\u015fl\u0131q t\u0259klif edildi. H\u0259r halda, sad\u0259c\u0259, b\u00f6lg\u0259 \u00f6lk\u0259l\u0259ri deyil, okean\u0131n o tay\u0131ndan da t\u0259hdidl\u0259r g\u0259lir. M\u0259s\u0259l\u0259n, \u00f6t\u0259n h\u0259ft\u0259 Az\u0259rbaycan \u0259leyhin\u0259 h\u0259dyanlar s\u0259sl\u0259ndir\u0259n AB\u015e r\u0259smisi O\u2019Brayn art\u0131q Bak\u0131dad\u0131r v\u0259 \u00f6lk\u0259 ba\u015f\u00e7\u0131s\u0131 il\u0259 d\u0259 g\u00f6r\u00fc\u015f\u00fcb. Lakin bu s\u0259f\u0259r \u00fc\u00e7\u00fcn Entoni Blinken \u0130lham \u018fliyevd\u0259n xahi\u015f etm\u0259li oldu. H\u0259r halda, O\u2019Brayn Az\u0259rbaycana t\u0259klifl\u0259rl\u0259 g\u0259lib v\u0259 C\u0259nubi Qafqaz\u0131n lider d\u00f6vl\u0259ti olan Az\u0259rbaycan AB\u015e \u00fc\u00e7\u00fcn d\u0259 imtina edilm\u0259si m\u00fcmk\u00fcn olmayan a\u00e7ar d\u00f6vl\u0259tdir. \u00dcmumiyy\u0259tl\u0259, Az\u0259rbaycan olmadan b\u00f6lg\u0259d\u0259 he\u00e7 bir \u0259laq\u0259, he\u00e7 bir inki\u015fafdan s\u00f6hb\u0259t ged\u0259 bilm\u0259z ki, bu da Az\u0259rbaycan\u0131n \u00f6n\u0259mini bir\u0259 be\u015f art\u0131rm\u0131\u015f olur. Az\u0259rbaycan da bunu \u00e7ox yax\u015f\u0131 anlay\u0131r v\u0259 yeti\u015fmi\u015f \u0259lveri\u015fli \u015f\u0259raitd\u0259n \u00f6z milli v\u0259 t\u0259hl\u00fck\u0259sizlik maraqlar\u0131 \u00fc\u00e7\u00fcn istifad\u0259 edir. Ancaq maraql\u0131 bir m\u0259qam da ondan ibar\u0259tdir ki, AB\u015e-\u0131n Beyn\u0259lxalq Dini Etiqad Azadl\u0131\u011f\u0131 \u00fczr\u0259 Komissiyas\u0131 (USC\u0130RF) \u00f6lk\u0259mizd\u0259 dini etiqad\u0131n haz\u0131rk\u0131 v\u0259ziyy\u0259ti il\u0259 ba\u011fl\u0131 q\u0259r\u0259zli hesabat haz\u0131rlay\u0131b. Kelli Beken t\u0259r\u0259find\u0259n haz\u0131rlanan bu hesabatda &#8220;Da\u011fl\u0131q Qaraba\u011fda dini yerl\u0259r&#8221; adl\u0131 hiss\u0259 d\u0259 yer al\u0131r. Bu is\u0259 q\u0259buledilm\u0259zdir v\u0259 n\u00f6vb\u0259ti t\u0259hdid v\u0259 t\u0259xribat xarakterli bir add\u0131md\u0131r. \u018fvv\u0259la, Qaraba\u011f m\u0259s\u0259l\u0259si h\u0259m de-yure, h\u0259m d\u0259 de-fakto bitib. H\u0259tta bunu Erm\u0259nistan\u0131n siyasi hakimiyy\u0259ti bel\u0259 q\u0259bul edir. O zaman \u201cDa\u011fl\u0131q Qaraba\u011f\u201d termini h\u0259l\u0259 d\u0259 niy\u0259 i\u015fl\u0259dilir? Prezident \u0130lham \u018fliyev xarici t\u0259hdidl\u0259r dey\u0259rk\u0259n \u00e7ox g\u00fcman ki, h\u0259m d\u0259 Fransan\u0131n son zamanlar atd\u0131\u011f\u0131 add\u0131mlar\u0131 da n\u0259z\u0259rd\u0259 tutub. Fransa Avropa Birliyinin apar\u0131c\u0131 \u00fczvl\u0259rind\u0259n biri olaraq prosesl\u0259rd\u0259 daha praqmatik davranmal\u0131 oldu\u011fu halda birm\u0259nal\u0131 \u015f\u0259kild\u0259 t\u0259r\u0259f tutmaq q\u0259rar\u0131na g\u0259lib. Tutdu\u011fu t\u0259r\u0259f is\u0259 he\u00e7 bir perspektivi olmayan, iqtisadi dalanda olan Erm\u0259nistand\u0131r. H\u0259tta v\u0259ziyy\u0259t el\u0259 bir yer\u0259 g\u0259lib \u00e7at\u0131b ki, Az\u0259rbaycan v\u0259 Erm\u0259nistan aras\u0131nda vasit\u0259\u00e7i olmadan ke\u00e7iril\u0259n g\u00f6r\u00fc\u015fl\u0259r ba\u015f tutur, yekun s\u00fclh\u0259 do\u011fru add\u0131mlar at\u0131l\u0131r v\u0259 bu zaman Fransa Erm\u0259nistan\u0131 silahland\u0131rmaq q\u0259rar\u0131na g\u0259lir. Bu, b\u00f6lg\u0259d\u0259 n\u00f6vb\u0259ti qar\u015f\u0131durma riskini d\u0259 art\u0131rm\u0131\u015f olur. N\u0259z\u0259r\u0259 alsaq ki, Fransan\u0131n Erm\u0259nistana t\u0259dar\u00fck etdiyi silahlar h\u0259m d\u0259 h\u00fccum silahlar\u0131d\u0131r, o zaman Az\u0259rbaycan\u0131n buna s\u0259ssiz qalaca\u011f\u0131 sad\u0259l\u00f6vhl\u00fck olard\u0131. T\u0259bii ki, b\u00fct\u00fcn bunlar n\u0259 \u00fcmumi n\u0259tic\u0259y\u0259 t\u0259sir g\u00f6st\u0259rm\u0259k, n\u0259 d\u0259 b\u00f6lg\u0259d\u0259ki g\u00fcc balans\u0131nda d\u0259yi\u015fiklik yaratmaq q\u00fcdr\u0259tind\u0259 deyil&#8221;.<\/p>\n","protected":false},"excerpt":{"rendered":"<p>Hakimiyy\u0259ti \u0130ran, Rusiya v\u0259 Erm\u0259nistan kimi d\u00f6vl\u0259tl\u0259rin \u0259hat\u0259sind\u0259 arxay\u0131n ed\u0259n n\u0259dir? \u201cAz\u0259rbaycanda v\u0259ziyy\u0259t sabitdir. Bizim daxili v\u0259ziyy\u0259timiz xarici amill\u0259rd\u0259n as\u0131l\u0131 deyil. \u018flb\u0259tt\u0259, s\u0259rh\u0259dl\u0259rimizin h\u00fcdudlar\u0131ndan k\u0259narda ba\u015f ver\u0259n prosesl\u0259r ciddi narahatl\u0131q do\u011furur. Biz bunu h\u0259r zaman n\u0259z\u0259r\u0259 almal\u0131y\u0131q\u201d.\u00a0 Bu bar\u0259d\u0259 Prezident \u0130lham \u018fliyev ADA Universitetind\u0259 ke\u00e7iril\u0259n forumda dan\u0131\u015f\u0131b. D\u00f6vl\u0259timizin ba\u015f\u00e7\u0131s\u0131, h\u0259m\u00e7inin deyib: \u201cDaxili riskl\u0259r\u0259 g\u0259ldikd\u0259, el\u0259 bir ciddi risk v\u0259 \u00e7a\u011f\u0131r\u0131\u015flar\u0131m\u0131z yoxdur. \u018frazil\u0259rimizin v\u0259 s\u0259rh\u0259dl\u0259rimizin d\u00fczg\u00fcn m\u00fcdafi\u0259 edilm\u0259si \u00fc\u00e7\u00fcn z\u0259ruri layih\u0259l\u0259r h\u0259yata ke\u00e7iririk ki, h\u0259r hans\u0131 xarici riskl\u0259rd\u0259n \u00f6z\u00fcm\u00fcz\u00fc s\u0131\u011fortalayaq\u201d. \u018fvv\u0259ll\u0259r xarici t\u0259hdidl\u0259r \u00f6n\u0259 \u00e7\u0131xard\u0131. Prezident is\u0259 a\u00e7\u0131q dedi ki, \u00f6lk\u0259d\u0259ki&hellip;<\/p>\n","protected":false},"author":2,"featured_media":666116,"comment_status":"closed","ping_status":"closed","sticky":false,"template":"","format":"standard","meta":{"om_disable_all_campaigns":false,"_monsterinsights_skip_tracking":false,"_monsterinsights_sitenote_active":false,"_monsterinsights_sitenote_note":"","_monsterinsights_sitenote_category":0},"categories":[4],"tags":[],"aioseo_notices":[],"gutentor_comment":0,"rttpg_featured_image_url":{"full":["https:\/\/arantv.az\/wp-content\/uploads\/2023\/12\/5b5f6b42e801bb8f23a6cc0f2c76917b.jpg",700,478,false],"landscape":["https:\/\/arantv.az\/wp-content\/uploads\/2023\/12\/5b5f6b42e801bb8f23a6cc0f2c76917b.jpg",700,478,false],"portraits":["https:\/\/arantv.az\/wp-content\/uploads\/2023\/12\/5b5f6b42e801bb8f23a6cc0f2c76917b.jpg",700,478,false],"thumbnail":["https:\/\/arantv.az\/wp-content\/uploads\/2023\/12\/5b5f6b42e801bb8f23a6cc0f2c76917b-500x280.jpg",500,280,true],"medium":["https:\/\/arantv.az\/wp-content\/uploads\/2023\/12\/5b5f6b42e801bb8f23a6cc0f2c76917b-535x365.jpg",535,365,true],"large":["https:\/\/arantv.az\/wp-content\/uploads\/2023\/12\/5b5f6b42e801bb8f23a6cc0f2c76917b.jpg",640,437,false],"1536x1536":["https:\/\/arantv.az\/wp-content\/uploads\/2023\/12\/5b5f6b42e801bb8f23a6cc0f2c76917b.jpg",700,478,false],"2048x2048":["https:\/\/arantv.az\/wp-content\/uploads\/2023\/12\/5b5f6b42e801bb8f23a6cc0f2c76917b.jpg",700,478,false],"post-thumbnail":["https:\/\/arantv.az\/wp-content\/uploads\/2023\/12\/5b5f6b42e801bb8f23a6cc0f2c76917b-240x172.jpg",240,172,true],"advps-thumb-one":["https:\/\/arantv.az\/wp-content\/uploads\/2023\/12\/5b5f6b42e801bb8f23a6cc0f2c76917b.jpg",700,478,false]},"rttpg_author":{"display_name":"V\u00fcsal Rafiqo\u011flu","author_link":"https:\/\/arantv.az\/?author=2"},"rttpg_comment":0,"rttpg_category":"<a href=\"https:\/\/arantv.az\/?cat=4\" rel=\"category\">Siyas\u0259t<\/a>","rttpg_excerpt":"Hakimiyy\u0259ti \u0130ran, Rusiya v\u0259 Erm\u0259nistan kimi d\u00f6vl\u0259tl\u0259rin \u0259hat\u0259sind\u0259 arxay\u0131n ed\u0259n n\u0259dir? \u201cAz\u0259rbaycanda v\u0259ziyy\u0259t sabitdir. Bizim daxili v\u0259ziyy\u0259timiz xarici amill\u0259rd\u0259n as\u0131l\u0131 deyil. \u018flb\u0259tt\u0259, s\u0259rh\u0259dl\u0259rimizin h\u00fcdudlar\u0131ndan k\u0259narda ba\u015f ver\u0259n prosesl\u0259r ciddi narahatl\u0131q do\u011furur. Biz bunu h\u0259r zaman n\u0259z\u0259r\u0259 almal\u0131y\u0131q\u201d.\u00a0 Bu bar\u0259d\u0259 Prezident \u0130lham \u018fliyev ADA Universitetind\u0259 ke\u00e7iril\u0259n forumda dan\u0131\u015f\u0131b. D\u00f6vl\u0259timizin ba\u015f\u00e7\u0131s\u0131, h\u0259m\u00e7inin deyib: \u201cDaxili riskl\u0259r\u0259 g\u0259ldikd\u0259, el\u0259&hellip;","_links":{"self":[{"href":"https:\/\/arantv.az\/index.php?rest_route=\/wp\/v2\/posts\/666091"}],"collection":[{"href":"https:\/\/arantv.az\/index.php?rest_route=\/wp\/v2\/posts"}],"about":[{"href":"https:\/\/arantv.az\/index.php?rest_route=\/wp\/v2\/types\/post"}],"author":[{"embeddable":true,"href":"https:\/\/arantv.az\/index.php?rest_route=\/wp\/v2\/users\/2"}],"replies":[{"embeddable":true,"href":"https:\/\/arantv.az\/index.php?rest_route=%2Fwp%2Fv2%2Fcomments&post=666091"}],"version-history":[{"count":0,"href":"https:\/\/arantv.az\/index.php?rest_route=\/wp\/v2\/posts\/666091\/revisions"}],"wp:featuredmedia":[{"embeddable":true,"href":"https:\/\/arantv.az\/index.php?rest_route=\/wp\/v2\/media\/666116"}],"wp:attachment":[{"href":"https:\/\/arantv.az\/index.php?rest_route=%2Fwp%2Fv2%2Fmedia&parent=666091"}],"wp:term":[{"taxonomy":"category","embeddable":true,"href":"https:\/\/arantv.az\/index.php?rest_route=%2Fwp%2Fv2%2Fcategories&post=666091"},{"taxonomy":"post_tag","embeddable":true,"href":"https:\/\/arantv.az\/index.php?rest_route=%2Fwp%2Fv2%2Ftags&post=666091"}],"curies":[{"name":"wp","href":"https:\/\/api.w.org\/{rel}","templated":true}]}}