{"id":666109,"date":"2023-12-08T11:18:11","date_gmt":"2023-12-08T07:18:11","guid":{"rendered":"https:\/\/arantv.az\/?p=666109"},"modified":"2023-12-08T11:18:11","modified_gmt":"2023-12-08T07:18:11","slug":"novb%c9%99d%c9%99nk%c9%99nar-secki-z%c9%99rur%c9%99ti-corcill-sindromu-yoxsa-yeni-cagirislara-yeni-cavablar","status":"publish","type":"post","link":"https:\/\/arantv.az\/?p=666109","title":{"rendered":"N\u00f6vb\u0259d\u0259nk\u0259nar se\u00e7ki z\u0259rur\u0259ti \u2013 \u201c\u00c7\u00f6r\u00e7ill sindromu\u201d, yoxsa yeni \u00e7a\u011f\u0131r\u0131\u015flara yeni cavablar?"},"content":{"rendered":"<p><strong>N\u00f6vb\u0259d\u0259nk\u0259nar prezident se\u00e7kisinin 2 aydan sonraya t\u0259yin edilm\u0259si ger\u00e7\u0259kd\u0259n d\u0259 n\u0259inki m\u00fcxalif\u0259t d\u00fc\u015f\u0259rg\u0259si \u00fc\u00e7\u00fcn, o c\u00fcml\u0259d\u0259n iqtidar komandas\u0131 \u00fc\u00e7\u00fcn d\u0259 g\u00f6zl\u0259nilm\u0259z oldu.<\/strong><\/p>\n<p>Ne\u00e7\u0259 vaxt idi ki, siyasi arenada parlament se\u00e7kil\u0259rinin n\u00f6vb\u0259d\u0259nk\u0259nar ke\u00e7iril\u0259c\u0259yi bar\u0259d\u0259 s\u00f6hb\u0259tl\u0259r gedirdi v\u0259 \u0259g\u0259r el\u0259 bir q\u0259rar q\u0259bul olunsayd\u0131, bu, g\u00f6zl\u0259nilm\u0259z olmayacaqd\u0131.<\/p>\n<p>Az\u0259rbaycanda sonuncu d\u0259f\u0259 prezident se\u00e7kisi 2018-ci ild\u0259 ba\u015f tutub. Prezident 7 illik m\u00fcdd\u0259t\u0259 se\u00e7ildiyi \u00fc\u00e7\u00fcn n\u00f6vb\u0259ti se\u00e7ki 2025-ci ild\u0259 ke\u00e7iril\u0259c\u0259kdi. Prezident se\u00e7kisinin 2024-c\u00fc ilin fevral\u0131na t\u0259yin edilm\u0259si o dem\u0259kdir ki, se\u00e7ki c\u0259mi 1 il \u0259vv\u0259l\u0259 \u00e7\u0259kilib, 7 ilin tamam\u0131nda yox, 6 ilin t\u0259xmini tamam\u0131nda t\u0259\u015fkil olunacaq.<\/p>\n<p><img loading=\"lazy\" src=\"https:\/\/cdn.musavat.com\/news\/thumbnails\/be32f64dc4a7b017bb72b9f98c0626aa.jpg\" alt=\"quttt.jpg (232 KB)\" width=\"750\" height=\"380\" \/><\/p>\n<p>Bel\u0259 baxanda 1 il b\u00f6y\u00fck m\u00fcdd\u0259t deyil. Ancaq bu, siyasi arenada ist\u0259r-ist\u0259m\u0259z m\u00fcbahis\u0259 predmetin\u0259 \u00e7evrilm\u0259kd\u0259dir. H\u0259r\u00e7\u0259nd ist\u0259nil\u0259n se\u00e7kinin vaxt\u0131ndan gec (3 ay, yar\u0131m il) ke\u00e7irilm\u0259si vaxt\u0131ndan \u0259vv\u0259l ke\u00e7irilm\u0259sind\u0259n daha \u00e7ox polemika, q\u0131z\u011f\u0131n m\u00fcbahis\u0259l\u0259r do\u011furur.<\/p>\n<p>Haz\u0131rda prezident se\u00e7kisinin n\u00f6vb\u0259d\u0259nk\u0259nar ke\u00e7irilm\u0259sinin z\u0259rur\u0259ti haqq\u0131nda bir ne\u00e7\u0259 q\u0259na\u0259t, arqument, tezis var.<\/p>\n<p>Onlardan biri bel\u0259dir ki, n\u0259hay\u0259t, m\u00fcst\u0259qillik tariximizd\u0259 ilk d\u0259f\u0259 olaraq se\u00e7ki b\u00fct\u00fcn \u00f6lk\u0259 \u0259razisind\u0259, hans\u0131sa bir separatizm yuvas\u0131 t\u0259r\u0259find\u0259n boykot olunmadan ke\u00e7iril\u0259c\u0259k. Art\u0131q \u0259razi b\u00fct\u00f6vl\u00fcy\u00fcm\u00fcz b\u0259rpa olunub, torpaqlar\u0131m\u0131z i\u015f\u011faldan tam azad edilib. \u0130ndi \u015eu\u015fada, Xank\u0259ndid\u0259, i\u015f\u011faldan azad olunmu\u015f dig\u0259r ya\u015fay\u0131\u015f m\u0259nt\u0259q\u0259l\u0259rind\u0259 se\u00e7ki m\u0259nt\u0259q\u0259q\u0259l\u0259ri yarad\u0131lacaq v\u0259 orada olanlar se\u00e7kid\u0259 i\u015ftirak ed\u0259c\u0259kl\u0259r. Bu se\u00e7ki \u0259razi b\u00fct\u00f6vl\u00fcy\u00fcm\u00fcz\u00fcn v\u0259 suverenliyimizin t\u0259sbiti dem\u0259k olacaq.<\/p>\n<p>\u00dcmumiyy\u0259tl\u0259, n\u00f6vb\u0259d\u0259nk\u0259nar, y\u0259ni vaxt\u0131ndan \u0259vv\u0259l se\u00e7kil\u0259r ke\u00e7irilm\u0259si d\u00fcnyada q\u0259bul olunmu\u015f v\u0259 yay\u011f\u0131nla\u015fm\u0131\u015f siyasi t\u0259cr\u00fcb\u0259dir. D\u00fcnyan\u0131n \u0259n inki\u015faf etmi\u015f \u00f6lk\u0259l\u0259ri (Yaponiya, \u0130taliya, Kanada, C\u0259nubi Koreya, T\u00fcrkiy\u0259 v\u0259 s.) bir ara az qala h\u0259r iki ild\u0259n bir, n\u00f6vb\u0259d\u0259nk\u0259nar se\u00e7ki ke\u00e7irirdil\u0259r. H\u0259r yeni se\u00e7ki d\u00f6vl\u0259tin idar\u0259olunmas\u0131 mexanizmind\u0259 bo\u015falm\u0131\u015f vintl\u0259ri s\u0131xmaq, d\u00f6vl\u0259t ma\u015f\u0131n\u0131n\u0131n saz v\u0259ziyy\u0259td\u0259 saxlamaq \u00fc\u00e7\u00fcn laz\u0131md\u0131r. \u018fsas odur ki, h\u0259r d\u0259f\u0259 se\u00e7icil\u0259r siyasi irad\u0259l\u0259rini azad ifad\u0259 etsinl\u0259r.<\/p>\n<p>Prezident se\u00e7kisinin vaxt\u0131n\u0131n bir il \u00f6n\u0259 \u00e7\u0259kilm\u0259si t\u0259\u015f\u0259bb\u00fcs\u00fcn\u00fc ictimai-siyasi f\u0259allar aras\u0131nda \u201c\u00c7\u00f6r\u00e7ill sindromu\u201d il\u0259 \u0259laq\u0259l\u0259ndir\u0259nl\u0259r d\u0259 var, amma bu arqumenti ciddiy\u0259 almaq m\u00fcmk\u00fcn deyil.<\/p>\n<p><img loading=\"lazy\" src=\"https:\/\/cdn.musavat.com\/news\/thumbnails\/e62bbd8a76042630871aafcc62a54344.jpg\" alt=\"corcil.jpg (126 KB)\" width=\"703\" height=\"527\" \/><\/p>\n<p>Birincisi, \u201c\u00c7\u00f6r\u00e7ill sindromu\u201dnun mahiyy\u0259tin\u0259 diqq\u0259t ed\u0259k. II d\u00fcnya m\u00fcharib\u0259si zaman\u0131 \u0130ngilt\u0259r\u0259nin ba\u015f naziri olan Uinston \u00c7\u00f6r\u00e7ill o qanl\u0131 sava\u015fdan h\u0259m \u00f6lk\u0259sini daha az itkiyl\u0259 \u00e7\u0131xarm\u0131\u015fd\u0131, h\u0259m d\u0259 3 qalib \u00f6lk\u0259d\u0259n biriydi (dig\u0259rl\u0259ri AB\u015e v\u0259 SSR\u0130). Bununla bel\u0259, m\u00fcharib\u0259nin ba\u015fa \u00e7atmas\u0131ndan 2 ay sonra, 1945-ci ilin iyulunda Britaniya se\u00e7icisi ba\u015f nazirin partiyas\u0131na, y\u0259ni \u00c7\u00f6r\u00e7ill\u0259 s\u0259s verm\u0259di, dolay\u0131s\u0131 il\u0259 ona \u201cburaya q\u0259d\u0259r olan xidm\u0259tin\u0259 g\u00f6r\u0259 sa\u011f ol, amma yeni m\u0259rh\u0259l\u0259 ba\u015flay\u0131b v\u0259 biz ona ba\u015fqa liderl\u0259 ged\u0259c\u0259yik\u201d mesaj\u0131 verdi. N\u0259tic\u0259d\u0259 \u00c7\u00f6r\u00e7ill v\u0259zif\u0259d\u0259n getdi.<\/p>\n<p>\u0130ndi bir \u00e7oxlar\u0131 d\u00fc\u015f\u00fcn\u00fcr ki, qalibiyy\u0259tizimizl\u0259 ba\u015fa \u00e7atan m\u00fcharib\u0259d\u0259n sonra prezident \u0130lham \u018fliyevin ictimaiyy\u0259t aras\u0131nda n\u00fcfuzu get-ged\u0259 azalaca\u011f\u0131 \u00fc\u00e7\u00fcn o, preventiv add\u0131m at\u0131r, n\u00fcfuzunun, siyasi reytinqinin \u0259n pik vaxt\u0131nda xalqdan \u00f6z\u00fcn\u0259 yeni etimad votumu almaq ist\u0259yir.<\/p>\n<p>Bel\u0259 d\u00fc\u015f\u00fcn\u0259nl\u0259r bir \u015feyi bilm\u0259lidirl\u0259r ki, ba\u015fqa \u00f6lk\u0259l\u0259rd\u0259 ke\u00e7\u0259rli olan meyarlar Az\u0259rbaycanda ke\u00e7\u0259rli deyil. Az\u0259rbaycan se\u00e7icisi 21-ci \u0259srin 23-c\u00fc ilind\u0259 bel\u0259 Britaniyan\u0131n 1945-ci ild\u0259ki se\u00e7icil\u0259rind\u0259n f\u0259rqli d\u00fc\u015f\u00fcn\u00fcr. D\u00fc\u015fm\u0259n i\u015f\u011fal\u0131 g\u00f6rm\u0259mi\u015f Britaniyada \u0259hali \u00fc\u00e7\u00fcn \u015f\u0259xsi rifah, g\u00fcn-g\u00fcz\u0259ran m\u0259s\u0259l\u0259si h\u0259mi\u015f\u0259 daha \u00f6nd\u0259 olubsa, bu, 35 ild\u0259n b\u0259ri paralanm\u0131\u015f v\u0259t\u0259nd\u0259 \u00f6m\u00fcr s\u00fcr\u0259n, he\u00e7 c\u00fcr bitm\u0259k bilm\u0259y\u0259n, gah aktiv, gah da passiv fazaya ke\u00e7\u0259n, amma can almaqda davam ed\u0259n m\u00fcharib\u0259 t\u0259hl\u00fck\u0259sinin xofu alt\u0131nda ya\u015fayan xalq \u00fc\u00e7\u00fcn Qaraba\u011f problemi 35 ildir ki, \u0259sas m\u0259s\u0259l\u0259ydi. \u0130lham \u018fliyev bu problemi h\u0259ll etdiyin\u0259 g\u00f6r\u0259 xalq s\u0259mimi olaraq onun daha uzun ill\u0259r d\u00f6vl\u0259t ba\u015f\u00e7\u0131s\u0131 olmas\u0131n\u0131 ist\u0259yir. H\u0259tta get-ged\u0259 yay\u011f\u0131nla\u015fan bel\u0259 bir fikir var ki, \u0130lham \u018fliyevd\u0259n sonra nec\u0259 olacaq, 2020-2023-c\u00fc ill\u0259rd\u0259 \u0259ld\u0259 etdiyimiz tarixi h\u0259rbi nailiyy\u0259tl\u0259r\u0259 t\u0259hl\u00fck\u0259 yaranmayacaq ki.<\/p>\n<p><img loading=\"lazy\" src=\"https:\/\/cdn.musavat.com\/news\/thumbnails\/2aa4a5f39101a38d744673e1936c4857.jpg\" alt=\"Ilham-Eliyev--900x506.jpg (41 KB)\" width=\"750\" height=\"422\" \/><\/p>\n<p>Bu bax\u0131mdan d\u00f6vl\u0259t ba\u015f\u00e7\u0131s\u0131 \u00fc\u00e7\u00fcn se\u00e7kinin g\u0259l\u0259n il v\u0259 ya 2025-ci ild\u0259 ke\u00e7irilm\u0259sinin el\u0259 bir f\u0259rqi yoxdur. Bir az qaba\u011fa ged\u0259r\u0259k, iddia etm\u0259k olar ki, \u0259g\u0259r \u0130lham \u018fliyev 2031-ci ild\u0259 prezidentliy\u0259 namiz\u0259d olacaqsa, yen\u0259 d\u0259 ona r\u0259\u011fb\u0259t b\u0259sl\u0259y\u0259n elektorat sar\u0131dan problemi olmayacaq. H\u0259tta onun n\u00fcfuzu ilb\u0259il artacaq, \u015f\u0259xsiyy\u0259tin\u0259 p\u0259r\u0259sti\u015f yaranacaq.<\/p>\n<p>Bu, hans\u0131sa d\u00f6vl\u0259t xadimin\u0259 100 ild\u0259n, 1000 ild\u0259n bir qism\u0259t olan nailiyy\u0259tdir v\u0259 bel\u0259 anla\u015f\u0131l\u0131r ki, bu tarixi titul \u0130lham \u018fliyevin n\u0259sibi imi\u015f.<\/p>\n<p>Ona g\u00f6r\u0259 d\u0259 n\u00f6vb\u0259d\u0259nk\u0259nar se\u00e7kiy\u0259 ba\u015fqa prizmadan yox, m\u0259hz postm\u00fcharib\u0259 d\u00f6vr\u00fcn\u00fcn \u00e7a\u011f\u0131r\u0131\u015flar\u0131na adekvat cavab verm\u0259k, yeni m\u0259rh\u0259l\u0259y\u0259 yeni etimad votumu, yeni komanda, yeni plan v\u0259 proqramlarla getm\u0259k \u015fans\u0131 qazanmaq f\u00fcrs\u0259ti kimi baxmaq laz\u0131md\u0131r.<\/p>\n<p>Budur, ham\u0131 n\u00f6vb\u0259d\u0259nk\u0259nar se\u00e7kid\u0259n b\u0259hs edir, amma h\u0259r k\u0259s d\u0259 se\u00e7kinin n\u0259tic\u0259sini 2 ay \u00f6nc\u0259d\u0259n bilirmi\u015f kimi dan\u0131\u015f\u0131r.<\/p>\n","protected":false},"excerpt":{"rendered":"<p>N\u00f6vb\u0259d\u0259nk\u0259nar prezident se\u00e7kisinin 2 aydan sonraya t\u0259yin edilm\u0259si ger\u00e7\u0259kd\u0259n d\u0259 n\u0259inki m\u00fcxalif\u0259t d\u00fc\u015f\u0259rg\u0259si \u00fc\u00e7\u00fcn, o c\u00fcml\u0259d\u0259n iqtidar komandas\u0131 \u00fc\u00e7\u00fcn d\u0259 g\u00f6zl\u0259nilm\u0259z oldu. Ne\u00e7\u0259 vaxt idi ki, siyasi arenada parlament se\u00e7kil\u0259rinin n\u00f6vb\u0259d\u0259nk\u0259nar ke\u00e7iril\u0259c\u0259yi bar\u0259d\u0259 s\u00f6hb\u0259tl\u0259r gedirdi v\u0259 \u0259g\u0259r el\u0259 bir q\u0259rar q\u0259bul olunsayd\u0131, bu, g\u00f6zl\u0259nilm\u0259z olmayacaqd\u0131. Az\u0259rbaycanda sonuncu d\u0259f\u0259 prezident se\u00e7kisi 2018-ci ild\u0259 ba\u015f tutub. Prezident 7 illik m\u00fcdd\u0259t\u0259 se\u00e7ildiyi \u00fc\u00e7\u00fcn n\u00f6vb\u0259ti se\u00e7ki 2025-ci ild\u0259 ke\u00e7iril\u0259c\u0259kdi. Prezident se\u00e7kisinin 2024-c\u00fc ilin fevral\u0131na t\u0259yin edilm\u0259si o dem\u0259kdir ki, se\u00e7ki c\u0259mi 1 il \u0259vv\u0259l\u0259 \u00e7\u0259kilib, 7 ilin tamam\u0131nda yox, 6 ilin t\u0259xmini tamam\u0131nda t\u0259\u015fkil&hellip;<\/p>\n","protected":false},"author":2,"featured_media":666110,"comment_status":"closed","ping_status":"closed","sticky":false,"template":"","format":"standard","meta":{"om_disable_all_campaigns":false,"_monsterinsights_skip_tracking":false,"_monsterinsights_sitenote_active":false,"_monsterinsights_sitenote_note":"","_monsterinsights_sitenote_category":0},"categories":[19],"tags":[],"aioseo_notices":[],"gutentor_comment":0,"rttpg_featured_image_url":{"full":["https:\/\/arantv.az\/wp-content\/uploads\/2023\/12\/59df6becbea202985633474c68d488a2.jpg",821,388,false],"landscape":["https:\/\/arantv.az\/wp-content\/uploads\/2023\/12\/59df6becbea202985633474c68d488a2.jpg",821,388,false],"portraits":["https:\/\/arantv.az\/wp-content\/uploads\/2023\/12\/59df6becbea202985633474c68d488a2.jpg",821,388,false],"thumbnail":["https:\/\/arantv.az\/wp-content\/uploads\/2023\/12\/59df6becbea202985633474c68d488a2-500x280.jpg",500,280,true],"medium":["https:\/\/arantv.az\/wp-content\/uploads\/2023\/12\/59df6becbea202985633474c68d488a2-660x312.jpg",660,312,true],"large":["https:\/\/arantv.az\/wp-content\/uploads\/2023\/12\/59df6becbea202985633474c68d488a2.jpg",640,302,false],"1536x1536":["https:\/\/arantv.az\/wp-content\/uploads\/2023\/12\/59df6becbea202985633474c68d488a2.jpg",821,388,false],"2048x2048":["https:\/\/arantv.az\/wp-content\/uploads\/2023\/12\/59df6becbea202985633474c68d488a2.jpg",821,388,false],"post-thumbnail":["https:\/\/arantv.az\/wp-content\/uploads\/2023\/12\/59df6becbea202985633474c68d488a2-240x172.jpg",240,172,true],"advps-thumb-one":["https:\/\/arantv.az\/wp-content\/uploads\/2023\/12\/59df6becbea202985633474c68d488a2.jpg",821,388,false]},"rttpg_author":{"display_name":"V\u00fcsal Rafiqo\u011flu","author_link":"https:\/\/arantv.az\/?author=2"},"rttpg_comment":0,"rttpg_category":"<a href=\"https:\/\/arantv.az\/?cat=19\" rel=\"category\">G\u00fcnd\u0259m<\/a>","rttpg_excerpt":"N\u00f6vb\u0259d\u0259nk\u0259nar prezident se\u00e7kisinin 2 aydan sonraya t\u0259yin edilm\u0259si ger\u00e7\u0259kd\u0259n d\u0259 n\u0259inki m\u00fcxalif\u0259t d\u00fc\u015f\u0259rg\u0259si \u00fc\u00e7\u00fcn, o c\u00fcml\u0259d\u0259n iqtidar komandas\u0131 \u00fc\u00e7\u00fcn d\u0259 g\u00f6zl\u0259nilm\u0259z oldu. Ne\u00e7\u0259 vaxt idi ki, siyasi arenada parlament se\u00e7kil\u0259rinin n\u00f6vb\u0259d\u0259nk\u0259nar ke\u00e7iril\u0259c\u0259yi bar\u0259d\u0259 s\u00f6hb\u0259tl\u0259r gedirdi v\u0259 \u0259g\u0259r el\u0259 bir q\u0259rar q\u0259bul olunsayd\u0131, bu, g\u00f6zl\u0259nilm\u0259z olmayacaqd\u0131. Az\u0259rbaycanda sonuncu d\u0259f\u0259 prezident se\u00e7kisi 2018-ci ild\u0259 ba\u015f tutub. Prezident&hellip;","_links":{"self":[{"href":"https:\/\/arantv.az\/index.php?rest_route=\/wp\/v2\/posts\/666109"}],"collection":[{"href":"https:\/\/arantv.az\/index.php?rest_route=\/wp\/v2\/posts"}],"about":[{"href":"https:\/\/arantv.az\/index.php?rest_route=\/wp\/v2\/types\/post"}],"author":[{"embeddable":true,"href":"https:\/\/arantv.az\/index.php?rest_route=\/wp\/v2\/users\/2"}],"replies":[{"embeddable":true,"href":"https:\/\/arantv.az\/index.php?rest_route=%2Fwp%2Fv2%2Fcomments&post=666109"}],"version-history":[{"count":0,"href":"https:\/\/arantv.az\/index.php?rest_route=\/wp\/v2\/posts\/666109\/revisions"}],"wp:featuredmedia":[{"embeddable":true,"href":"https:\/\/arantv.az\/index.php?rest_route=\/wp\/v2\/media\/666110"}],"wp:attachment":[{"href":"https:\/\/arantv.az\/index.php?rest_route=%2Fwp%2Fv2%2Fmedia&parent=666109"}],"wp:term":[{"taxonomy":"category","embeddable":true,"href":"https:\/\/arantv.az\/index.php?rest_route=%2Fwp%2Fv2%2Fcategories&post=666109"},{"taxonomy":"post_tag","embeddable":true,"href":"https:\/\/arantv.az\/index.php?rest_route=%2Fwp%2Fv2%2Ftags&post=666109"}],"curies":[{"name":"wp","href":"https:\/\/api.w.org\/{rel}","templated":true}]}}