{"id":666112,"date":"2023-12-08T11:19:03","date_gmt":"2023-12-08T07:19:03","guid":{"rendered":"https:\/\/arantv.az\/?p=666112"},"modified":"2023-12-08T11:19:03","modified_gmt":"2023-12-08T07:19:03","slug":"dunyaya-s%c9%99s-salan-z%c9%99f%c9%99r-paradi","status":"publish","type":"post","link":"https:\/\/arantv.az\/?p=666112","title":{"rendered":"D\u00fcnyaya s\u0259s salan Z\u0259f\u0259r parad\u0131"},"content":{"rendered":"<p>2020-ci il noyabr\u0131n 10-da Erm\u0259nistan 44 g\u00fcnl\u00fck m\u00fcharib\u0259d\u0259 m\u0259\u011flubiyy\u0259tini r\u0259smil\u0259\u015fdirdikd\u0259n &#8211; kapitulyasiya akt\u0131n\u0131 imzalad\u0131qdan bir ay sonra Bak\u0131n\u0131n Azadl\u0131q meydan\u0131nda ke\u00e7irilmi\u015f m\u00f6ht\u0259\u015f\u0259m Z\u0259f\u0259r parad\u0131 XXI \u0259srin tarixi h\u0259rbi parad\u0131 hesab olunur. \u00c7\u00fcnki d\u00fcnyada ba\u015f ver\u0259n b\u00fct\u00fcn m\u00fcharib\u0259l\u0259r aras\u0131nda Q\u0259l\u0259b\u0259 il\u0259 ba\u015fa \u00e7atan q\u0131sam\u00fcdd\u0259tli sava\u015f olmay\u0131b. Bu, yaln\u0131z Az\u0259rbaycan\u0131n Erm\u0259nistan \u00fcz\u0259rind\u0259ki \u015fanl\u0131 Q\u0259l\u0259b\u0259sidir. Q\u0259l\u0259b\u0259d\u0259n bir ay sonra m\u00f6ht\u0259\u015f\u0259m Z\u0259f\u0259r parad\u0131n\u0131n ke\u00e7irilm\u0259si d\u0259 tarixd\u0259 nadir hadis\u0259l\u0259rd\u0259ndir. \u00c7\u00fcnki m\u00fcharib\u0259 h\u0259m qalib, h\u0259m d\u0259 m\u0259\u011flub t\u0259r\u0259fi \u0259ld\u0259n sal\u0131r. Ancaq Az\u0259rbaycan is\u0259 sanki m\u00fcharib\u0259d\u0259n \u00e7\u0131xan d\u00f6vl\u0259t\u0259 b\u0259nz\u0259mirdi v\u0259 \u00e7ox q\u00fcdr\u0259tli g\u00f6r\u00fcn\u00fcrd\u00fc. Bu, \u00f6lk\u0259mizin h\u0259m iqtisadi, h\u0259m d\u0259 h\u0259rbi g\u00fcc\u00fcn\u00fcn t\u0259sdiq idi. Haqq-\u0259dal\u0259t, \u0259razi b\u00fct\u00f6vl\u00fcy\u00fcm\u00fcz u\u011frunda, i\u015f\u011fal\u00e7\u0131 siyas\u0259t\u0259 qar\u015f\u0131 apar\u0131lan V\u0259t\u0259n m\u00fcharib\u0259sinin n\u0259tic\u0259si olan bu Q\u0259l\u0259b\u0259 xalq\u0131m\u0131z\u0131 daha da b\u00fct\u00f6vl\u0259\u015fdirdi, m\u00fcbariz etdi, milli h\u0259mr\u0259yliyimizi g\u00fccl\u0259ndirdi v\u0259 bir yumruq kimi birl\u0259\u015fdirdi. D\u00f6vl\u0259timizin ba\u015f\u00e7\u0131s\u0131n\u0131n dediyi d\u0259mir yumruq kimi. 2020-ci il dekabr\u0131n 10-da ke\u00e7irilmi\u015f Z\u0259f\u0259r parad\u0131 d\u00fcnyaya s\u0259s sald\u0131, Az\u0259rbaycan\u0131n g\u00fccl\u00fc, q\u00fcdr\u0259tli d\u00f6vl\u0259t oldu\u011funu beyn\u0259lxalq al\u0259m\u0259 n\u00fcmayi\u015f etdirdi.<\/p>\n<p>Bu fikirl\u0259ri\u00a0<a class=\"azertac-link\" href=\"https:\/\/azertag.az\/\" target=\"_blank\" rel=\"noopener\">AZ\u018fRTAC<\/a>-a a\u00e7\u0131qlamas\u0131nda Demokratiya v\u0259 \u0130nsan H\u00fcquqlar\u0131 Komit\u0259sinin s\u0259dri, h\u00fcquq \u00fczr\u0259 f\u0259ls\u0259f\u0259 doktoru \u00c7ingiz Q\u0259nizad\u0259 bildirib.<\/p>\n<p>Bak\u0131n\u0131n \u201cAzadl\u0131q\u201d meydan\u0131nda ke\u00e7irilmi\u015f h\u0259rbi parad\u0131n x\u00fcsusi \u0259h\u0259miyy\u0259t k\u0259sb etdiyini dey\u0259n h\u00fcquq m\u00fcdafi\u0259\u00e7isi \u0259lav\u0259 edib: \u201cBu, Erm\u0259nistana, onun havadarlar\u0131na, h\u0259m\u00e7inin beyn\u0259lxalq ictimaiyy\u0259t\u0259 ciddi mesaj idi. Prezident, Az\u0259rbaycan Silahl\u0131 Q\u00fcvv\u0259l\u0259rinin M\u00fcz\u0259ff\u0259r Ali Ba\u015f Komandan\u0131 \u0130lham \u018fliyevin: \u201cAzadl\u0131q meydan\u0131nda paradlar \u00e7ox ke\u00e7irilib. Ancaq bu parad\u0131n x\u00fcsusi \u00f6n\u0259mi var. Bu, Z\u0259f\u0259r parad\u0131d\u0131r. Bu, tarixi hadis\u0259dir\u201d &#8211; m\u00fcdrik fikirl\u0259ri \u00f6lk\u0259mizin h\u0259rbi q\u00fcdr\u0259tini \u0259ks etdirirdi. H\u0259min parada f\u0259xri qonaq qismind\u0259 d\u0259v\u0259t edilmi\u015f T\u00fcrkiy\u0259 Prezidenti R\u0259c\u0259b Tayyib \u018frdo\u011fan\u0131n s\u0259sl\u0259ndirdiyi fikirl\u0259r d\u0259 d\u00fcnyaya \u201cQaraba\u011f Az\u0259rbaycand\u0131r!\u201d mesaj\u0131n\u0131 verdi: \u201cQaraba\u011f art\u0131q Ana V\u0259t\u0259nin\u0259 qovu\u015fmu\u015f, otuz illik h\u0259sr\u0259t sona \u00e7atm\u0131\u015fd\u0131r. T\u00fcrkiy\u0259 v\u0259 Az\u0259rbaycan olaraq bundan sonrak\u0131 h\u0259d\u0259fimiz bu torpaqlar\u0131 daha abad, daha inki\u015faf etmi\u015f, u\u015faqlar\u0131m\u0131z\u0131n daha yax\u015f\u0131 ya\u015fayaca\u011f\u0131 bir yer\u0259 \u00e7evirm\u0259k \u00fc\u00e7\u00fcn m\u00fcbariz\u0259 aparmaqd\u0131r\u201d. \u0130ki qarda\u015f \u00f6lk\u0259 r\u0259hb\u0259rinin parad\u0131 birg\u0259 q\u0259bul etm\u0259si d\u00fcnya birliyin\u0259 T\u00fcrkiy\u0259-Az\u0259rbaycan birliyinin sars\u0131lmazl\u0131\u011f\u0131n\u0131n n\u00fcmayi\u015fi bar\u0259d\u0259 verilmi\u015f ciddi mesaj idi. Yeri g\u0259lmi\u015fk\u0259n, V\u0259t\u0259n m\u00fcharib\u0259sinin ilk saatlar\u0131ndan etibar\u0259n Az\u0259rbaycan xalq\u0131 qarda\u015f T\u00fcrkiy\u0259nin d\u0259st\u0259yini hiss etmi\u015fdi\u201d.<\/p>\n<p><img src=\"https:\/\/azertag.az\/store\/files_new\/2023\/MODERATOR\/DEKABR\/08\/093186be-50a7-4616-93a6-cd87c74c87a7.jpg\" alt=\"\" width=\"600\" \/><\/p>\n<p>\u00c7.Q\u0259nizad\u0259 deyib ki, h\u0259rbi paradda diqq\u0259t \u00e7\u0259k\u0259n\u0259 \u0259sas m\u0259qamlardan biri d\u0259 \u015eu\u015fa \u015f\u0259h\u0259rinin azad edilm\u0259sind\u0259n sonra, Az\u0259rbaycan h\u0259rb\u00e7il\u0259ri t\u0259r\u0259find\u0259n \u015f\u0259h\u0259r \u00fcz\u0259rind\u0259 qald\u0131r\u0131lan Z\u0259f\u0259r bayra\u011f\u0131n\u0131n parada g\u0259tirilm\u0259si oldu.<\/p>\n<p>Komit\u0259 s\u0259dri m\u00fcst\u0259qillik tariximizin ilk Z\u0259f\u0259r parad\u0131n\u0131n t\u0259kc\u0259 regionda deyil, b\u00fct\u00fcn d\u00fcnyada geni\u015f rezonans do\u011furdu\u011funu, \u0259ks\u0259r apar\u0131c\u0131 n\u00fcfuzlu telekanallar\u0131n, informasiya agentlikl\u0259rinin, \u00e7oxtirajl\u0131 q\u0259zetl\u0259rin h\u0259rbi parad\u0131 geni\u015f \u015f\u0259kild\u0259 i\u015f\u0131qland\u0131rd\u0131\u011f\u0131n\u0131, Z\u0259f\u0259r parad\u0131n\u0131n m\u00f6ht\u0259\u015f\u0259mliyi haqq\u0131nda \u0259trafl\u0131 m\u0259lumatlar, s\u00fcjetl\u0259r, m\u0259qal\u0259l\u0259r yer ald\u0131\u011f\u0131n\u0131 qeyd edib: \u201cBu, h\u0259m d\u0259 Az\u0259rbaycan\u0131n h\u0259rbi q\u00fcdr\u0259tin n\u00fcmayi\u015fi idi. Paradda min n\u0259f\u0259rd\u0259n art\u0131q \u015f\u0259xsi hey\u0259tin, 150-d\u0259k h\u0259rbi texnikan\u0131n, o c\u00fcml\u0259d\u0259n silahlanmaya yeni q\u0259bul edilmi\u015f m\u00fcasir h\u0259rbi texnikan\u0131n, raket v\u0259 artilleriya qur\u011fular\u0131n\u0131n, hava h\u00fccumundan m\u00fcdafi\u0259 sisteml\u0259rinin, el\u0259c\u0259 d\u0259 h\u0259rbi g\u0259mi v\u0259 katerl\u0259rin n\u00fcmayi\u015fi oldu. Paradda qarda\u015f T\u00fcrkiy\u0259 Silahl\u0131 Q\u00fcvv\u0259l\u0259rini t\u0259msil ed\u0259n h\u0259rbi qulluq\u00e7ular\u0131n i\u015ftirak\u0131 Az\u0259rbaycan-T\u00fcrkiy\u0259 dostlu\u011funun, qarda\u015fl\u0131\u011f\u0131n\u0131n bir daha \u0259yani n\u00fcmayi\u015fi oldu. B\u00fct\u00fcn d\u00fcnya bir daha g\u00f6rd\u00fc ki, ulu \u00f6nd\u0259rl\u0259r Heyd\u0259r \u018fliyevin dediyi kimi, bir mill\u0259t, iki d\u00f6vl\u0259t olan Az\u0259rbaycan v\u0259 T\u00fcrkiy\u0259nin Mustafa Kamal Atat\u00fcrk\u00fcn ifad\u0259 etdiyi kimi, sevincli g\u00fcnl\u0259rd\u0259 d\u0259, k\u0259d\u0259rli g\u00fcnl\u0259rd\u0259 d\u0259 daim bir-birinin yan\u0131ndad\u0131r. B\u00fct\u00fcn d\u00fcnya bir daha \u015fahid oldu ki, Az\u0259rbaycan-T\u00fcrkiy\u0259 dostlu\u011fu v\u0259 qarda\u015fl\u0131\u011f\u0131 \u0259b\u0259di v\u0259 sars\u0131lmazd\u0131r. \u0130ki \u00f6lk\u0259 bundan sonra da h\u0259mr\u0259ylik n\u00fcmayi\u015f etdir\u0259c\u0259k, b\u00f6y\u00fck u\u011furlar qazanaraq tarix yazacaq\u201d.<\/p>\n<p>Z\u0259f\u0259r parad\u0131n\u0131n q\u00fcrurverici anlar\u0131ndan birinin d\u0259 Azadl\u0131q meydan\u0131na 44 g\u00fcnl\u00fck V\u0259t\u0259n m\u00fcharib\u0259sind\u0259 d\u00fc\u015fm\u0259nd\u0259n q\u0259nim\u0259t kimi g\u00f6t\u00fcr\u00fclm\u00fc\u015f h\u0259rbi texnikalar\u0131n bir qisminin g\u0259tirilm\u0259si oldu\u011funu dey\u0259n \u00c7.Q\u0259nizad\u0259 s\u00f6zl\u0259rin\u0259 davam edib: \u201cX\u00fcsusil\u0259, V\u0259t\u0259n m\u00fcharib\u0259si zaman\u0131 Az\u0259rbaycan Silahl\u0131 Q\u00fcvv\u0259l\u0259rinin i\u015f\u011faldan azad olunan \u0259razil\u0259rd\u0259 erm\u0259nil\u0259rd\u0259n q\u0259nim\u0259t g\u00f6t\u00fcrd\u00fcy\u00fc v\u0259 s\u0131radan \u00e7\u0131xard\u0131\u011f\u0131 iki mind\u0259n \u00e7ox avtomobilin n\u00f6mr\u0259 ni\u015fanlar\u0131ndan haz\u0131rlanan v\u0259 \u00fcz\u0259rin\u0259 \u201cQaraba\u011f Az\u0259rbaycand\u0131r!\u201d \u015f\u00fcar\u0131n\u0131n h\u0259kk olundu\u011fu kompozisiyan\u0131n n\u00fcmayi\u015fi h\u0259r bir az\u0259rbaycanl\u0131ya sonsuz q\u00fcrur hissi ya\u015fatd\u0131. D\u00fc\u015fm\u0259nd\u0259n q\u0259nim\u0259t g\u00f6t\u00fcr\u00fcl\u0259n silah-sursat, a\u011f\u0131r texnika bu g\u00fcn d\u0259 Bak\u0131n\u0131n m\u0259rk\u0259zind\u0259 yarad\u0131lm\u0131\u015f H\u0259rbi Q\u0259nim\u0259tl\u0259r Park\u0131nda n\u00fcmayi\u015f etdirilir. Az\u0259rbaycan Ordusunun \u015fanl\u0131 Q\u0259l\u0259b\u0259sinin simvolu olan H\u0259rbi Q\u0259nim\u0259tl\u0259r Park\u0131 Silahl\u0131 Q\u00fcvv\u0259l\u0259rimizin g\u00fcc\u00fcn\u00fcn, q\u00fcdr\u0259tinin \u0259yani g\u00f6st\u0259ricisidir\u201d.<\/p>\n<p>\u201cZ\u0259f\u0259r parad\u0131 h\u0259m i\u015f\u011fal\u00e7\u0131, m\u0259\u011flub Erm\u0259nistana, h\u0259m d\u0259 onun havadarlar\u0131na g\u00f6z da\u011f\u0131 oldu. Bu Z\u0259f\u0259r h\u0259m d\u0259 yadda\u015flara xalq\u0131 birl\u0259\u015fdir\u0259n Z\u0259f\u0259r kimi h\u0259kk olundu. Tariximizin \u0259n \u015fanl\u0131 s\u0259hif\u0259sinin &#8211; V\u0259t\u0259n m\u00fcharib\u0259sind\u0259 parlaq Q\u0259l\u0259b\u0259nin t\u0259nt\u0259n\u0259si olan Z\u0259f\u0259r parad\u0131n\u0131 \u00f6lk\u0259mizin b\u00fct\u00fcn b\u00f6lg\u0259l\u0259rind\u0259n Bak\u0131ya g\u0259lmi\u015f on minl\u0259rl\u0259 v\u0259t\u0259nda\u015f\u0131m\u0131z izl\u0259di\u201d, &#8211; dey\u0259 \u00c7.Q\u0259nizad\u0259 bildirib.<\/p>\n","protected":false},"excerpt":{"rendered":"<p>2020-ci il noyabr\u0131n 10-da Erm\u0259nistan 44 g\u00fcnl\u00fck m\u00fcharib\u0259d\u0259 m\u0259\u011flubiyy\u0259tini r\u0259smil\u0259\u015fdirdikd\u0259n &#8211; kapitulyasiya akt\u0131n\u0131 imzalad\u0131qdan bir ay sonra Bak\u0131n\u0131n Azadl\u0131q meydan\u0131nda ke\u00e7irilmi\u015f m\u00f6ht\u0259\u015f\u0259m Z\u0259f\u0259r parad\u0131 XXI \u0259srin tarixi h\u0259rbi parad\u0131 hesab olunur. \u00c7\u00fcnki d\u00fcnyada ba\u015f ver\u0259n b\u00fct\u00fcn m\u00fcharib\u0259l\u0259r aras\u0131nda Q\u0259l\u0259b\u0259 il\u0259 ba\u015fa \u00e7atan q\u0131sam\u00fcdd\u0259tli sava\u015f olmay\u0131b. Bu, yaln\u0131z Az\u0259rbaycan\u0131n Erm\u0259nistan \u00fcz\u0259rind\u0259ki \u015fanl\u0131 Q\u0259l\u0259b\u0259sidir. Q\u0259l\u0259b\u0259d\u0259n bir ay sonra m\u00f6ht\u0259\u015f\u0259m Z\u0259f\u0259r parad\u0131n\u0131n ke\u00e7irilm\u0259si d\u0259 tarixd\u0259 nadir hadis\u0259l\u0259rd\u0259ndir. \u00c7\u00fcnki m\u00fcharib\u0259 h\u0259m qalib, h\u0259m d\u0259 m\u0259\u011flub t\u0259r\u0259fi \u0259ld\u0259n sal\u0131r. Ancaq Az\u0259rbaycan is\u0259 sanki m\u00fcharib\u0259d\u0259n \u00e7\u0131xan d\u00f6vl\u0259t\u0259 b\u0259nz\u0259mirdi v\u0259 \u00e7ox q\u00fcdr\u0259tli g\u00f6r\u00fcn\u00fcrd\u00fc. Bu, \u00f6lk\u0259mizin h\u0259m iqtisadi,&hellip;<\/p>\n","protected":false},"author":2,"featured_media":666113,"comment_status":"closed","ping_status":"closed","sticky":false,"template":"","format":"standard","meta":{"om_disable_all_campaigns":false,"_monsterinsights_skip_tracking":false,"_monsterinsights_sitenote_active":false,"_monsterinsights_sitenote_note":"","_monsterinsights_sitenote_category":0},"categories":[19],"tags":[],"aioseo_notices":[],"gutentor_comment":0,"rttpg_featured_image_url":{"full":["https:\/\/arantv.az\/wp-content\/uploads\/2023\/12\/1ac47406d13e17a12dacfaa79098a64a.jpg",870,500,false],"landscape":["https:\/\/arantv.az\/wp-content\/uploads\/2023\/12\/1ac47406d13e17a12dacfaa79098a64a.jpg",870,500,false],"portraits":["https:\/\/arantv.az\/wp-content\/uploads\/2023\/12\/1ac47406d13e17a12dacfaa79098a64a.jpg",870,500,false],"thumbnail":["https:\/\/arantv.az\/wp-content\/uploads\/2023\/12\/1ac47406d13e17a12dacfaa79098a64a-500x280.jpg",500,280,true],"medium":["https:\/\/arantv.az\/wp-content\/uploads\/2023\/12\/1ac47406d13e17a12dacfaa79098a64a-635x365.jpg",635,365,true],"large":["https:\/\/arantv.az\/wp-content\/uploads\/2023\/12\/1ac47406d13e17a12dacfaa79098a64a-840x483.jpg",640,368,true],"1536x1536":["https:\/\/arantv.az\/wp-content\/uploads\/2023\/12\/1ac47406d13e17a12dacfaa79098a64a.jpg",870,500,false],"2048x2048":["https:\/\/arantv.az\/wp-content\/uploads\/2023\/12\/1ac47406d13e17a12dacfaa79098a64a.jpg",870,500,false],"post-thumbnail":["https:\/\/arantv.az\/wp-content\/uploads\/2023\/12\/1ac47406d13e17a12dacfaa79098a64a-240x172.jpg",240,172,true],"advps-thumb-one":["https:\/\/arantv.az\/wp-content\/uploads\/2023\/12\/1ac47406d13e17a12dacfaa79098a64a.jpg",870,500,false]},"rttpg_author":{"display_name":"V\u00fcsal Rafiqo\u011flu","author_link":"https:\/\/arantv.az\/?author=2"},"rttpg_comment":0,"rttpg_category":"<a href=\"https:\/\/arantv.az\/?cat=19\" rel=\"category\">G\u00fcnd\u0259m<\/a>","rttpg_excerpt":"2020-ci il noyabr\u0131n 10-da Erm\u0259nistan 44 g\u00fcnl\u00fck m\u00fcharib\u0259d\u0259 m\u0259\u011flubiyy\u0259tini r\u0259smil\u0259\u015fdirdikd\u0259n &#8211; kapitulyasiya akt\u0131n\u0131 imzalad\u0131qdan bir ay sonra Bak\u0131n\u0131n Azadl\u0131q meydan\u0131nda ke\u00e7irilmi\u015f m\u00f6ht\u0259\u015f\u0259m Z\u0259f\u0259r parad\u0131 XXI \u0259srin tarixi h\u0259rbi parad\u0131 hesab olunur. \u00c7\u00fcnki d\u00fcnyada ba\u015f ver\u0259n b\u00fct\u00fcn m\u00fcharib\u0259l\u0259r aras\u0131nda Q\u0259l\u0259b\u0259 il\u0259 ba\u015fa \u00e7atan q\u0131sam\u00fcdd\u0259tli sava\u015f olmay\u0131b. Bu, yaln\u0131z Az\u0259rbaycan\u0131n Erm\u0259nistan \u00fcz\u0259rind\u0259ki \u015fanl\u0131 Q\u0259l\u0259b\u0259sidir. Q\u0259l\u0259b\u0259d\u0259n bir ay&hellip;","_links":{"self":[{"href":"https:\/\/arantv.az\/index.php?rest_route=\/wp\/v2\/posts\/666112"}],"collection":[{"href":"https:\/\/arantv.az\/index.php?rest_route=\/wp\/v2\/posts"}],"about":[{"href":"https:\/\/arantv.az\/index.php?rest_route=\/wp\/v2\/types\/post"}],"author":[{"embeddable":true,"href":"https:\/\/arantv.az\/index.php?rest_route=\/wp\/v2\/users\/2"}],"replies":[{"embeddable":true,"href":"https:\/\/arantv.az\/index.php?rest_route=%2Fwp%2Fv2%2Fcomments&post=666112"}],"version-history":[{"count":0,"href":"https:\/\/arantv.az\/index.php?rest_route=\/wp\/v2\/posts\/666112\/revisions"}],"wp:featuredmedia":[{"embeddable":true,"href":"https:\/\/arantv.az\/index.php?rest_route=\/wp\/v2\/media\/666113"}],"wp:attachment":[{"href":"https:\/\/arantv.az\/index.php?rest_route=%2Fwp%2Fv2%2Fmedia&parent=666112"}],"wp:term":[{"taxonomy":"category","embeddable":true,"href":"https:\/\/arantv.az\/index.php?rest_route=%2Fwp%2Fv2%2Fcategories&post=666112"},{"taxonomy":"post_tag","embeddable":true,"href":"https:\/\/arantv.az\/index.php?rest_route=%2Fwp%2Fv2%2Ftags&post=666112"}],"curies":[{"name":"wp","href":"https:\/\/api.w.org\/{rel}","templated":true}]}}