{"id":666115,"date":"2023-12-08T11:23:10","date_gmt":"2023-12-08T07:23:10","guid":{"rendered":"https:\/\/arantv.az\/?p=666115"},"modified":"2023-12-08T11:23:10","modified_gmt":"2023-12-08T07:23:10","slug":"h%c9%99rbi-qudr%c9%99tin-numayisi","status":"publish","type":"post","link":"https:\/\/arantv.az\/?p=666115","title":{"rendered":"H\u0259rbi q\u00fcdr\u0259tin n\u00fcmayi\u015fi"},"content":{"rendered":"<p>M\u00fcz\u0259ff\u0259r Ali Ba\u015f Komandan \u0130lham \u018fliyevin 10 dekabr 2020-ci il tarixd\u0259 Azadl\u0131q meydan\u0131nda V\u0259t\u0259n m\u00fcharib\u0259sind\u0259 Q\u0259l\u0259b\u0259y\u0259 h\u0259sr olunmu\u015f Z\u0259f\u0259r parad\u0131nda \u00a0s\u00f6yl\u0259diyi \u201cAzadl\u0131q meydan\u0131nda paradlar \u00e7ox ke\u00e7irilib. Ancaq bu parad\u0131n x\u00fcsusi \u00f6n\u0259mi var. Bu, Z\u0259f\u0259r parad\u0131d\u0131r. Bu, tarixi hadis\u0259dir. Paradlar\u0131n birind\u0259 m\u0259n demi\u015fdim ki, parada 2016-c\u0131 ild\u0259 L\u0259l\u0259t\u0259p\u0259 y\u00fcks\u0259kliyind\u0259 qald\u0131r\u0131lm\u0131\u015f bayraq g\u0259tiril\u0259c\u0259k. Demi\u015fdim ki, g\u00fcn g\u0259l\u0259c\u0259k v\u0259 bu g\u00fcn i\u015f\u011faldan azad edil\u0259n torpaqlarda qald\u0131r\u0131lan Az\u0259rbaycan bayra\u011f\u0131 Azadl\u0131q meydan\u0131na g\u0259tiril\u0259c\u0259k v\u0259 bu g\u00fcn g\u0259ldi. Bu tarixi g\u00fcn\u00fcn \u015fahidi bizik, Az\u0259rbaycan xalq\u0131d\u0131r. Biz bundan sonra ancaq v\u0259 ancaq ir\u0259li ged\u0259c\u0259yik\u201d fikirl\u0259ri h\u0259m parad\u0131n \u0259h\u0259miyy\u0259tini, h\u0259m d\u0259 h\u0259d\u0259fl\u0259ri a\u00e7\u0131qlad\u0131. Z\u0259f\u0259r parad\u0131, eyni zamanda, Az\u0259rbaycan-T\u00fcrkiy\u0259 qarda\u015fl\u0131\u011f\u0131n\u0131n t\u0259qdimat\u0131 oldu. Az\u0259rbaycan v\u0259 T\u00fcrkiy\u0259 prezidentl\u0259rinin parad\u0131 birg\u0259 q\u0259bul etm\u0259l\u0259ri d\u00fcnyaya n\u00f6vb\u0259ti mesaj oldu.<\/p>\n<p>D\u00fcnya 44 g\u00fcnl\u00fck \u0130kinci Qaraba\u011f m\u00fcharib\u0259sind\u0259 T\u00fcrkiy\u0259nin \u0259sl qarda\u015f d\u0259st\u0259yini g\u00f6rd\u00fc. \u0130lk g\u00fcnd\u0259n d\u00fcnyaya bu mesaj \u00e7atd\u0131r\u0131ld\u0131 ki, Az\u0259rbaycan t\u0259k deyil. Qarda\u015f \u00f6lk\u0259 sonad\u0259k m\u0259n\u0259vi v\u0259 siyasi d\u0259st\u0259yini g\u00f6st\u0259rdi, Z\u0259f\u0259rimizin sevincini biziml\u0259 eyni ya\u015fad\u0131. T\u00fcrkiy\u0259 Prezidenti R\u0259c\u0259b Tayyib \u018frdo\u011fan\u0131n Z\u0259f\u0259r parad\u0131nda s\u00f6yl\u0259diyi \u201cAz\u0259rbaycan\u0131n h\u0259m h\u0259rbi, h\u0259m d\u0259 diplomatiya sah\u0259sind\u0259 \u0259ld\u0259 etdiyi bu u\u011furda \u0259n b\u00f6y\u00fck paylardan biri \u015f\u00fcbh\u0259siz ki, \u0259ziz qarda\u015f\u0131m c\u0259nab Prezident \u0130lham \u018fliyev\u0259 aiddir. Qarda\u015f\u0131m \u0130lham \u018fliyev bununla m\u0259rhum Heyd\u0259r \u018fliyevin ona v\u0259siyy\u0259t olaraq etdiyi arzusunu da yerin\u0259 yetirmi\u015fdir. F\u00fcrs\u0259td\u0259n istifad\u0259 ed\u0259r\u0259k g\u00fccl\u00fc Az\u0259rbaycan\u0131n \u0259sas\u0131n\u0131 qoyan \u00dcmummilli Lider Heyd\u0259r \u018fliyevi d\u0259 burada r\u0259hm\u0259tl\u0259 yad edir\u0259m. Az\u0259rbaycan qarda\u015f\u0131m \u0130lham \u018fliyevin q\u0259tiyy\u0259tli r\u0259hb\u0259rliyi il\u0259, in\u015fallah, dastan yazmaqda davam ed\u0259c\u0259k\u201d fikirl\u0259ri d\u0259 bunun t\u0259sdiqidir.<\/p>\n<p>T\u00fcrkiy\u0259 Prezidenti bu fikirl\u0259rinin davam\u0131 olaraq onu da \u0259lav\u0259 etmi\u015fdir ki, T\u00fcrkiy\u0259 Az\u0259rbaycan\u0131n apard\u0131\u011f\u0131 m\u00fcbariz\u0259y\u0259 ilk g\u00fcnl\u0259rd\u0259n b\u00fct\u00fcn qurum v\u0259 t\u0259\u015fkilatlar\u0131 il\u0259 d\u0259st\u0259k vermi\u015f, b\u00fct\u00fcn imkanlar\u0131 il\u0259 az\u0259rbaycanl\u0131 qarda\u015flar\u0131n\u0131n yan\u0131nda olmu\u015fdur. T\u00fcrkiy\u0259 olaraq Az\u0259rbaycan il\u0259 m\u00fcnasib\u0259tl\u0259rimizd\u0259 \u00f6z\u00fcm\u00fcz\u0259 h\u0259r zaman b\u00f6y\u00fck Lider Heyd\u0259r \u018fliyevin \u201cBir mill\u0259t, iki d\u00f6vl\u0259t\u201d \u015f\u00fcar\u0131n\u0131 r\u0259hb\u0259r tutduq. Qazi Mustafa Kamal Atat\u00fcrk\u00fcn d\u0259qiq ifad\u0259si il\u0259 Az\u0259rbaycan\u0131n k\u0259d\u0259rini k\u0259d\u0259rimiz, sevincini sevincimiz bildik. Bu anlay\u0131\u015fla Qaraba\u011f\u0131 otuz il boyunca sin\u0259mizd\u0259 yara etdik. Bu g\u00fcn d\u0259 bu yaran\u0131n sa\u011falmas\u0131n\u0131n sevincini payla\u015fmaq, bu \u015fanl\u0131 z\u0259f\u0259ri birlikd\u0259 qeyd etm\u0259k \u00fc\u00e7\u00fcn aran\u0131zday\u0131q. Az\u0259rbaycan 44 g\u00fcnd\u0259 yazd\u0131\u011f\u0131 tarixl\u0259 haqq\u0131-\u0259dal\u0259ti, beyn\u0259lxalq h\u00fcququ b\u0259rpa etdi, i\u015f\u011fala son qoydu. Az\u0259rbaycan Ordusu g\u00f6st\u0259rdiyi \u015f\u00fcca\u0259ti il\u0259 bir daha i\u015f\u011fal\u00e7\u0131 Erm\u0259nistana yerini g\u00f6st\u0259rdi, diz \u00e7\u00f6kd\u00fcrd\u00fc, \u201cm\u0259\u011flubedilm\u0259z erm\u0259ni ordusu\u201d mifini da\u011f\u0131td\u0131, kimin haql\u0131, kimin saxta tarix yazaraq yalanlar\u0131 il\u0259 h\u0259qiq\u0259ti inkar etm\u0259k yolu tutdu\u011funu d\u00fcnyaya n\u00fcmayi\u015f etdirdi. Tarixi Z\u0259f\u0259rimizd\u0259n, Z\u0259f\u0259r parad\u0131ndan \u00f6t\u0259n \u00fc\u00e7 ilin h\u0259r g\u00fcn\u00fc tariximiz\u0259\u00a0 biri-birind\u0259n \u0259h\u0259miyy\u0259tli\u00a0 hadis\u0259l\u0259ri yaz\u0131b. D\u00f6vl\u0259t ba\u015f\u00e7\u0131s\u0131 \u0130lham \u018fliyevin v\u0259 birinci xan\u0131m Mehriban \u018fliyevan\u0131n i\u015f\u011faldan azad edilmi\u015f \u0259razil\u0259rimiz\u0259 ard\u0131c\u0131l s\u0259f\u0259rl\u0259ri B\u00f6y\u00fck Qay\u0131d\u0131\u015f\u0131n daha da s\u00fcr\u0259tl\u0259nm\u0259si dem\u0259kdir.<\/p>\n<p>Tarixi Z\u0259f\u0259rimizd\u0259n d\u0259rhal sonra c\u0259nab \u0130lham \u018fliyev Erm\u0259nistana beyn\u0259lxalq h\u00fcququn 5 \u0259sas prinsipini \u00f6z\u00fcnd\u0259 \u0259ks etdir\u0259n s\u00fclh t\u0259klifini edib. Haz\u0131rda b\u00fct\u00fcn i\u015f\u011faldan azad edilmi\u015f \u0259razil\u0259rimiz qurculuq meydan\u0131na \u00e7evrilib. Qaraba\u011f v\u0259 \u015e\u0259rqi Z\u0259ng\u0259zur c\u0259nn\u0259t\u0259 \u00e7evrilir. B\u00f6y\u00fck Qay\u0131d\u0131\u015f\u0131n tam \u015f\u0259kild\u0259 realla\u015fmas\u0131 il\u0259 \u00f6lk\u0259mizin h\u0259yat\u0131nda\u00a0 yeni m\u0259rh\u0259l\u0259 ba\u015flayacaq. 30 il i\u015f\u011fal alt\u0131nda olan v\u0259 \u00fc\u00e7 ildir tarixi sahibin\u0259 qovu\u015fan torpaqlar\u0131m\u0131z\u0131n malik oldu\u011fu potensialdan s\u0259m\u0259r\u0259li istifad\u0259 etm\u0259kl\u0259 daha yeni-yeni h\u0259d\u0259fl\u0259r\u0259 do\u011fru inamla add\u0131mlayaca\u011f\u0131q. \u00dc\u00e7 ild\u0259 soyda\u015flar\u0131m\u0131z\u0131n qay\u0131td\u0131qlar\u0131 \u00fcnvanlar\u0131n s\u0131ralanmas\u0131 geni\u015fl\u0259nib. Qar\u015f\u0131dak\u0131 ill\u0259rd\u0259 daha \u00e7ox soyda\u015f\u0131m\u0131z\u0131n dogma yurd-yuvas\u0131na qay\u0131d\u0131\u015f\u0131 n\u0259z\u0259rd\u0259 tutulub. N\u00f6vb\u0259ti \u00fcnvan, t\u0259bii ki, Xank\u0259ndidir. M\u0259lum oldu\u011fu kimi, bu ilin 19 sentyabr tarixind\u0259 Silahl\u0131 Q\u00fcvv\u0259l\u0259rimizin ba\u015flad\u0131\u011f\u0131 lokal antiterror t\u0259dbirl\u0259ri n\u0259tic\u0259sind\u0259 \u0259razil\u0259rimiz separat\u00e7\u0131lardan t\u0259mizl\u0259ndi.<\/p>\n<p>M\u00fcz\u0259ff\u0259r Ali Ba\u015f Komandan \u0130lham \u018fliyev oktyabr\u0131n 15-d\u0259 Xank\u0259ndiy\u0259, Xocal\u0131ya, A\u011fd\u0259r\u0259y\u0259 v\u0259 Xocav\u0259nd\u0259 s\u0259f\u0259r etdi v\u0259 burada Az\u0259rbaycan Bayra\u011f\u0131n\u0131 ucaltd\u0131. 8 noyabr- Z\u0259f\u0259r G\u00fcn\u00fcnd\u0259 is\u0259 Xank\u0259ndi \u015f\u0259h\u0259rind\u0259 h\u0259rbi parad ke\u00e7irildi. Bu parad bir daha Erm\u0259nistana v\u0259 ona havadarl\u0131q ed\u0259nl\u0259r\u0259 ciddi mesaj oldu.\u00a0 \u00a0D\u00f6vl\u0259t ba\u015f\u00e7\u0131s\u0131 \u0130lham \u018fliyev h\u0259rbi paraddak\u0131 \u00e7\u0131x\u0131\u015f\u0131nda\u00a0 Az\u0259rbaycan\u0131n V\u0259t\u0259n m\u00fcharib\u0259sind\u0259 Q\u0259l\u0259b\u0259sini t\u0259min ed\u0259n amill\u0259rd\u0259n v\u0259 postm\u00fcnaqi\u015f\u0259 d\u00f6vr\u00fcn\u00fcn reall\u0131qlar\u0131ndan geni\u015f b\u0259hs ed\u0259r\u0259k bildirmi\u015fdir ki, \u00fc\u00e7 il bundan \u0259vv\u0259l m\u0259n \u0259mr ver\u0259r\u0259k Az\u0259rbaycan Ordusunu dayand\u0131rd\u0131m: \u201cBir daha dem\u0259k ist\u0259yir\u0259m, tarix g\u00f6st\u0259rdi ki, n\u0259 q\u0259d\u0259r d\u00fczg\u00fcn add\u0131m idi. Ancaq o g\u00fcnd\u0259n, bax, bu g\u00fcn\u0259 q\u0259d\u0259r &#8211; sentyabr ay\u0131na q\u0259d\u0259r h\u0259r g\u00fcn biz i\u015fl\u0259yirdik, \u00e7al\u0131\u015f\u0131rd\u0131q ki, Az\u0259rbaycan\u0131n suverenliyi tam \u015f\u0259kild\u0259 b\u0259rpa edilsin. Oktyabr\u0131n 15-d\u0259 A\u011fd\u0259r\u0259d\u0259, \u018fsg\u0259randa, Xocav\u0259ndd\u0259, Xocal\u0131da v\u0259 Xank\u0259ndid\u0259 m\u0259n Az\u0259rbaycan Bayra\u011f\u0131n\u0131 qald\u0131rd\u0131m. Bundan b\u00f6y\u00fck xo\u015fb\u0259xtlik ola bilm\u0259z &#8211; h\u0259m m\u0259nim \u00fc\u00e7\u00fcn, h\u0259m sizin \u00fc\u00e7\u00fcn, h\u0259m Az\u0259rbaycan xalq\u0131 \u00fc\u00e7\u00fcn, h\u0259m d\u0259 b\u00fct\u00fcn d\u00fcnya az\u0259rbaycanl\u0131lar\u0131 \u00fc\u00e7\u00fcn.\u201d Bu g\u00fcn b\u00f6y\u00fck q\u00fcrur hissi il\u0259 qeyd edirik ki, Az\u0259rbaycan \u015fanl\u0131 Z\u0259f\u0259rimizin yaratd\u0131\u011f\u0131 yeni imkanlar fonunda yeni-yeni h\u0259d\u0259fl\u0259r\u0259 do\u011fru inamla ir\u0259lil\u0259yir.<\/p>\n<p><strong>Nihad P\u0259nahov,<\/strong><br \/>\n<u>YAP Tovuz rayon t\u0259\u015fkilat\u0131n\u0131n s\u0259dri<\/u><\/p>\n","protected":false},"excerpt":{"rendered":"<p>M\u00fcz\u0259ff\u0259r Ali Ba\u015f Komandan \u0130lham \u018fliyevin 10 dekabr 2020-ci il tarixd\u0259 Azadl\u0131q meydan\u0131nda V\u0259t\u0259n m\u00fcharib\u0259sind\u0259 Q\u0259l\u0259b\u0259y\u0259 h\u0259sr olunmu\u015f Z\u0259f\u0259r parad\u0131nda \u00a0s\u00f6yl\u0259diyi \u201cAzadl\u0131q meydan\u0131nda paradlar \u00e7ox ke\u00e7irilib. Ancaq bu parad\u0131n x\u00fcsusi \u00f6n\u0259mi var. Bu, Z\u0259f\u0259r parad\u0131d\u0131r. Bu, tarixi hadis\u0259dir. Paradlar\u0131n birind\u0259 m\u0259n demi\u015fdim ki, parada 2016-c\u0131 ild\u0259 L\u0259l\u0259t\u0259p\u0259 y\u00fcks\u0259kliyind\u0259 qald\u0131r\u0131lm\u0131\u015f bayraq g\u0259tiril\u0259c\u0259k. Demi\u015fdim ki, g\u00fcn g\u0259l\u0259c\u0259k v\u0259 bu g\u00fcn i\u015f\u011faldan azad edil\u0259n torpaqlarda qald\u0131r\u0131lan Az\u0259rbaycan bayra\u011f\u0131 Azadl\u0131q meydan\u0131na g\u0259tiril\u0259c\u0259k v\u0259 bu g\u00fcn g\u0259ldi. Bu tarixi g\u00fcn\u00fcn \u015fahidi bizik, Az\u0259rbaycan xalq\u0131d\u0131r. Biz bundan sonra ancaq v\u0259 ancaq ir\u0259li ged\u0259c\u0259yik\u201d fikirl\u0259ri h\u0259m parad\u0131n&hellip;<\/p>\n","protected":false},"author":2,"featured_media":666121,"comment_status":"closed","ping_status":"closed","sticky":false,"template":"","format":"standard","meta":{"om_disable_all_campaigns":false,"_monsterinsights_skip_tracking":false,"_monsterinsights_sitenote_active":false,"_monsterinsights_sitenote_note":"","_monsterinsights_sitenote_category":0},"categories":[19],"tags":[],"aioseo_notices":[],"gutentor_comment":0,"rttpg_featured_image_url":{"full":["https:\/\/arantv.az\/wp-content\/uploads\/2023\/12\/78573683169400801771614321110366991.jpg",975,540,false],"landscape":["https:\/\/arantv.az\/wp-content\/uploads\/2023\/12\/78573683169400801771614321110366991.jpg",975,540,false],"portraits":["https:\/\/arantv.az\/wp-content\/uploads\/2023\/12\/78573683169400801771614321110366991.jpg",975,540,false],"thumbnail":["https:\/\/arantv.az\/wp-content\/uploads\/2023\/12\/78573683169400801771614321110366991-500x280.jpg",500,280,true],"medium":["https:\/\/arantv.az\/wp-content\/uploads\/2023\/12\/78573683169400801771614321110366991-660x365.jpg",660,365,true],"large":["https:\/\/arantv.az\/wp-content\/uploads\/2023\/12\/78573683169400801771614321110366991-840x465.jpg",640,354,true],"1536x1536":["https:\/\/arantv.az\/wp-content\/uploads\/2023\/12\/78573683169400801771614321110366991.jpg",975,540,false],"2048x2048":["https:\/\/arantv.az\/wp-content\/uploads\/2023\/12\/78573683169400801771614321110366991.jpg",975,540,false],"post-thumbnail":["https:\/\/arantv.az\/wp-content\/uploads\/2023\/12\/78573683169400801771614321110366991-240x172.jpg",240,172,true],"advps-thumb-one":["https:\/\/arantv.az\/wp-content\/uploads\/2023\/12\/78573683169400801771614321110366991.jpg",975,540,false]},"rttpg_author":{"display_name":"V\u00fcsal Rafiqo\u011flu","author_link":"https:\/\/arantv.az\/?author=2"},"rttpg_comment":0,"rttpg_category":"<a href=\"https:\/\/arantv.az\/?cat=19\" rel=\"category\">G\u00fcnd\u0259m<\/a>","rttpg_excerpt":"M\u00fcz\u0259ff\u0259r Ali Ba\u015f Komandan \u0130lham \u018fliyevin 10 dekabr 2020-ci il tarixd\u0259 Azadl\u0131q meydan\u0131nda V\u0259t\u0259n m\u00fcharib\u0259sind\u0259 Q\u0259l\u0259b\u0259y\u0259 h\u0259sr olunmu\u015f Z\u0259f\u0259r parad\u0131nda \u00a0s\u00f6yl\u0259diyi \u201cAzadl\u0131q meydan\u0131nda paradlar \u00e7ox ke\u00e7irilib. Ancaq bu parad\u0131n x\u00fcsusi \u00f6n\u0259mi var. Bu, Z\u0259f\u0259r parad\u0131d\u0131r. Bu, tarixi hadis\u0259dir. Paradlar\u0131n birind\u0259 m\u0259n demi\u015fdim ki, parada 2016-c\u0131 ild\u0259 L\u0259l\u0259t\u0259p\u0259 y\u00fcks\u0259kliyind\u0259 qald\u0131r\u0131lm\u0131\u015f bayraq g\u0259tiril\u0259c\u0259k. Demi\u015fdim ki, g\u00fcn g\u0259l\u0259c\u0259k&hellip;","_links":{"self":[{"href":"https:\/\/arantv.az\/index.php?rest_route=\/wp\/v2\/posts\/666115"}],"collection":[{"href":"https:\/\/arantv.az\/index.php?rest_route=\/wp\/v2\/posts"}],"about":[{"href":"https:\/\/arantv.az\/index.php?rest_route=\/wp\/v2\/types\/post"}],"author":[{"embeddable":true,"href":"https:\/\/arantv.az\/index.php?rest_route=\/wp\/v2\/users\/2"}],"replies":[{"embeddable":true,"href":"https:\/\/arantv.az\/index.php?rest_route=%2Fwp%2Fv2%2Fcomments&post=666115"}],"version-history":[{"count":0,"href":"https:\/\/arantv.az\/index.php?rest_route=\/wp\/v2\/posts\/666115\/revisions"}],"wp:featuredmedia":[{"embeddable":true,"href":"https:\/\/arantv.az\/index.php?rest_route=\/wp\/v2\/media\/666121"}],"wp:attachment":[{"href":"https:\/\/arantv.az\/index.php?rest_route=%2Fwp%2Fv2%2Fmedia&parent=666115"}],"wp:term":[{"taxonomy":"category","embeddable":true,"href":"https:\/\/arantv.az\/index.php?rest_route=%2Fwp%2Fv2%2Fcategories&post=666115"},{"taxonomy":"post_tag","embeddable":true,"href":"https:\/\/arantv.az\/index.php?rest_route=%2Fwp%2Fv2%2Ftags&post=666115"}],"curies":[{"name":"wp","href":"https:\/\/api.w.org\/{rel}","templated":true}]}}