{"id":666129,"date":"2023-12-08T12:46:55","date_gmt":"2023-12-08T08:46:55","guid":{"rendered":"https:\/\/arantv.az\/?p=666129"},"modified":"2023-12-08T12:46:55","modified_gmt":"2023-12-08T08:46:55","slug":"q%c9%99rbi-az%c9%99rbaycan-icmasi-abs-senatorlarina-cavab-verib-zavalli-duruma-aciyiriq","status":"publish","type":"post","link":"https:\/\/arantv.az\/?p=666129","title":{"rendered":"Q\u0259rbi Az\u0259rbaycan \u0130cmas\u0131 AB\u015e senatorlar\u0131na cavab verib: \u201cZavall\u0131 duruma ac\u0131y\u0131r\u0131q\u201d"},"content":{"rendered":"<p>Q\u0259rbi Az\u0259rbaycan \u0130cmas\u0131 AB\u015e konqresmen v\u0259 senatorlar\u0131n\u0131n b\u00f6htan mahiyy\u0259tli m\u0259ktubuna cavab verib.<\/p>\n<p>Bununla ba\u011fl\u0131 icman\u0131n b\u0259yanat\u0131nda deyilir:<\/p>\n<p>\u201cBir qrup amerikal\u0131 konqresmen v\u0259 senator \u0259n\u0259n\u0259l\u0259rin\u0259 sadiq qalaraq Az\u0259rbaycanla ba\u011fl\u0131 n\u00f6vb\u0259ti b\u00f6htan mahiyy\u0259tli m\u0259ktubla \u00e7\u0131x\u0131\u015f edib.<\/p>\n<p>Az\u0259rbaycan\u0131 \u201cQaraba\u011fa t\u0259cav\u00fcz etm\u0259kd\u0259\u201d ittiham ed\u0259n birg\u0259 m\u0259ktubun \u0259n absurd t\u0259r\u0259fi ondan ibar\u0259tdir ki, konqresmenl\u0259r v\u0259 senatorlar i\u015f\u011fal alt\u0131nda qalan s\u0259kkiz Az\u0259rbaycan k\u0259ndini \u201cerm\u0259ni k\u0259ndi\u201d kimi q\u0259l\u0259m\u0259 veribl\u0259r.<\/p>\n<p>Erm\u0259nistan\u0131n \u00f6z\u00fcn\u00fcn r\u0259smi s\u0259viyy\u0259d\u0259 s\u0259kkiz k\u0259ndin Az\u0259rbaycana m\u0259xsus olmas\u0131 bar\u0259d\u0259 m\u00f6vqeyind\u0259n sonra konqresmenl\u0259r v\u0259 senatorlar\u0131n bel\u0259 a\u00e7\u0131qlamas\u0131 istehza do\u011furur. Amerikal\u0131 konqresmenl\u0259r v\u0259 senatorlar\u0131n zavall\u0131 durumuna ac\u0131y\u0131r\u0131q.<\/p>\n<p>Bunu konqresmenl\u0259rin v\u0259 senatorlar\u0131n savads\u0131zl\u0131\u011f\u0131n\u0131n, yalan\u00e7\u0131 \u201cAmerikan m\u00fcst\u0259snal\u0131\u011f\u0131\u201dna \u0259saslanan t\u0259k\u0259bb\u00fcr\u00fcn\u00fcn, az\u0259rbaycanofobiya v\u0259 islamofobiya m\u0259r\u0259zin\u0259 tutulmas\u0131n\u0131n bariz n\u00fcmun\u0259si kimi d\u0259y\u0259rl\u0259ndiririk.<\/p>\n<p>D\u00fcn\u0259n Az\u0259rbaycan v\u0259 Erm\u0259nistan aras\u0131nda birba\u015fa t\u0259maslar vasit\u0259sil\u0259 \u0259ld\u0259 edilmi\u015f raz\u0131la\u015fma onu g\u00f6st\u0259rir ki, C\u0259nubi Qafqaz\u0131n amerikal\u0131 konqresmenl\u0259r v\u0259 senatorlar\u0131n savads\u0131z m\u0259ktublar\u0131na he\u00e7 bir ehtiyac\u0131 yoxdur v\u0259 onlar b\u00f6lg\u0259y\u0259 l\u00fczumsuz geosiyasi r\u0259qab\u0259tin g\u0259tirilm\u0259si siyas\u0259tind\u0259n \u0259l \u00e7\u0259km\u0259lidirl\u0259r\u201d.<\/p>\n","protected":false},"excerpt":{"rendered":"<p>Q\u0259rbi Az\u0259rbaycan \u0130cmas\u0131 AB\u015e konqresmen v\u0259 senatorlar\u0131n\u0131n b\u00f6htan mahiyy\u0259tli m\u0259ktubuna cavab verib. Bununla ba\u011fl\u0131 icman\u0131n b\u0259yanat\u0131nda deyilir: \u201cBir qrup amerikal\u0131 konqresmen v\u0259 senator \u0259n\u0259n\u0259l\u0259rin\u0259 sadiq qalaraq Az\u0259rbaycanla ba\u011fl\u0131 n\u00f6vb\u0259ti b\u00f6htan mahiyy\u0259tli m\u0259ktubla \u00e7\u0131x\u0131\u015f edib. Az\u0259rbaycan\u0131 \u201cQaraba\u011fa t\u0259cav\u00fcz etm\u0259kd\u0259\u201d ittiham ed\u0259n birg\u0259 m\u0259ktubun \u0259n absurd t\u0259r\u0259fi ondan ibar\u0259tdir ki, konqresmenl\u0259r v\u0259 senatorlar i\u015f\u011fal alt\u0131nda qalan s\u0259kkiz Az\u0259rbaycan k\u0259ndini \u201cerm\u0259ni k\u0259ndi\u201d kimi q\u0259l\u0259m\u0259 veribl\u0259r. Erm\u0259nistan\u0131n \u00f6z\u00fcn\u00fcn r\u0259smi s\u0259viyy\u0259d\u0259 s\u0259kkiz k\u0259ndin Az\u0259rbaycana m\u0259xsus olmas\u0131 bar\u0259d\u0259 m\u00f6vqeyind\u0259n sonra konqresmenl\u0259r v\u0259 senatorlar\u0131n bel\u0259 a\u00e7\u0131qlamas\u0131 istehza do\u011furur. Amerikal\u0131 konqresmenl\u0259r v\u0259 senatorlar\u0131n zavall\u0131 durumuna ac\u0131y\u0131r\u0131q. Bunu konqresmenl\u0259rin&hellip;<\/p>\n","protected":false},"author":2,"featured_media":666130,"comment_status":"closed","ping_status":"closed","sticky":false,"template":"","format":"standard","meta":{"om_disable_all_campaigns":false,"_monsterinsights_skip_tracking":false,"_monsterinsights_sitenote_active":false,"_monsterinsights_sitenote_note":"","_monsterinsights_sitenote_category":0},"categories":[4],"tags":[],"aioseo_notices":[],"gutentor_comment":0,"rttpg_featured_image_url":{"full":["https:\/\/arantv.az\/wp-content\/uploads\/2023\/12\/130f1a8e169003180081208130510206007-1.jpg",975,540,false],"landscape":["https:\/\/arantv.az\/wp-content\/uploads\/2023\/12\/130f1a8e169003180081208130510206007-1.jpg",975,540,false],"portraits":["https:\/\/arantv.az\/wp-content\/uploads\/2023\/12\/130f1a8e169003180081208130510206007-1.jpg",975,540,false],"thumbnail":["https:\/\/arantv.az\/wp-content\/uploads\/2023\/12\/130f1a8e169003180081208130510206007-1-500x280.jpg",500,280,true],"medium":["https:\/\/arantv.az\/wp-content\/uploads\/2023\/12\/130f1a8e169003180081208130510206007-1-660x365.jpg",660,365,true],"large":["https:\/\/arantv.az\/wp-content\/uploads\/2023\/12\/130f1a8e169003180081208130510206007-1-840x465.jpg",640,354,true],"1536x1536":["https:\/\/arantv.az\/wp-content\/uploads\/2023\/12\/130f1a8e169003180081208130510206007-1.jpg",975,540,false],"2048x2048":["https:\/\/arantv.az\/wp-content\/uploads\/2023\/12\/130f1a8e169003180081208130510206007-1.jpg",975,540,false],"post-thumbnail":["https:\/\/arantv.az\/wp-content\/uploads\/2023\/12\/130f1a8e169003180081208130510206007-1-240x172.jpg",240,172,true],"advps-thumb-one":["https:\/\/arantv.az\/wp-content\/uploads\/2023\/12\/130f1a8e169003180081208130510206007-1.jpg",975,540,false]},"rttpg_author":{"display_name":"V\u00fcsal Rafiqo\u011flu","author_link":"https:\/\/arantv.az\/?author=2"},"rttpg_comment":0,"rttpg_category":"<a href=\"https:\/\/arantv.az\/?cat=4\" rel=\"category\">Siyas\u0259t<\/a>","rttpg_excerpt":"Q\u0259rbi Az\u0259rbaycan \u0130cmas\u0131 AB\u015e konqresmen v\u0259 senatorlar\u0131n\u0131n b\u00f6htan mahiyy\u0259tli m\u0259ktubuna cavab verib. Bununla ba\u011fl\u0131 icman\u0131n b\u0259yanat\u0131nda deyilir: \u201cBir qrup amerikal\u0131 konqresmen v\u0259 senator \u0259n\u0259n\u0259l\u0259rin\u0259 sadiq qalaraq Az\u0259rbaycanla ba\u011fl\u0131 n\u00f6vb\u0259ti b\u00f6htan mahiyy\u0259tli m\u0259ktubla \u00e7\u0131x\u0131\u015f edib. Az\u0259rbaycan\u0131 \u201cQaraba\u011fa t\u0259cav\u00fcz etm\u0259kd\u0259\u201d ittiham ed\u0259n birg\u0259 m\u0259ktubun \u0259n absurd t\u0259r\u0259fi ondan ibar\u0259tdir ki, konqresmenl\u0259r v\u0259 senatorlar i\u015f\u011fal alt\u0131nda qalan s\u0259kkiz&hellip;","_links":{"self":[{"href":"https:\/\/arantv.az\/index.php?rest_route=\/wp\/v2\/posts\/666129"}],"collection":[{"href":"https:\/\/arantv.az\/index.php?rest_route=\/wp\/v2\/posts"}],"about":[{"href":"https:\/\/arantv.az\/index.php?rest_route=\/wp\/v2\/types\/post"}],"author":[{"embeddable":true,"href":"https:\/\/arantv.az\/index.php?rest_route=\/wp\/v2\/users\/2"}],"replies":[{"embeddable":true,"href":"https:\/\/arantv.az\/index.php?rest_route=%2Fwp%2Fv2%2Fcomments&post=666129"}],"version-history":[{"count":0,"href":"https:\/\/arantv.az\/index.php?rest_route=\/wp\/v2\/posts\/666129\/revisions"}],"wp:featuredmedia":[{"embeddable":true,"href":"https:\/\/arantv.az\/index.php?rest_route=\/wp\/v2\/media\/666130"}],"wp:attachment":[{"href":"https:\/\/arantv.az\/index.php?rest_route=%2Fwp%2Fv2%2Fmedia&parent=666129"}],"wp:term":[{"taxonomy":"category","embeddable":true,"href":"https:\/\/arantv.az\/index.php?rest_route=%2Fwp%2Fv2%2Fcategories&post=666129"},{"taxonomy":"post_tag","embeddable":true,"href":"https:\/\/arantv.az\/index.php?rest_route=%2Fwp%2Fv2%2Ftags&post=666129"}],"curies":[{"name":"wp","href":"https:\/\/api.w.org\/{rel}","templated":true}]}}