{"id":666158,"date":"2023-12-08T12:53:45","date_gmt":"2023-12-08T08:53:45","guid":{"rendered":"https:\/\/arantv.az\/?p=666158"},"modified":"2023-12-08T12:53:45","modified_gmt":"2023-12-08T08:53:45","slug":"t%c9%99bib-qizilcaya-yoluxanlari-evd%c9%99-oz-bildikl%c9%99ri-kimi-mualic%c9%99-etm%c9%99k-duzgun-deyil","status":"publish","type":"post","link":"https:\/\/arantv.az\/?p=666158","title":{"rendered":"T\u018fB\u0130B: \u201cQ\u0131z\u0131lcaya yoluxanlar\u0131 evd\u0259, \u00f6z bildikl\u0259ri kimi m\u00fcalic\u0259 etm\u0259k d\u00fczg\u00fcn deyil\u201d"},"content":{"rendered":"<p>\u201cQ\u0131z\u0131lcaya yoluxan x\u0259st\u0259l\u0259rin evd\u0259 v\u0259 ya \u00f6zl\u0259rinin bildikl\u0259ri kimi m\u00fcalic\u0259 edilm\u0259l\u0259ri d\u00fczg\u00fcn hesab olunmur\u201d.<\/p>\n<p>\u201cReport\u201d x\u0259b\u0259r verir ki, bunu Tibbi \u018frazi B\u00f6lm\u0259l\u0259rini \u0130dar\u0259etm\u0259 Birliyinin (T\u018fB\u0130B) icra\u00e7\u0131 direktoru V\u00fcqar Qurbanov jurnalistl\u0259r\u0259 a\u00e7\u0131qlamas\u0131nda deyib.<\/p>\n<p>Onun s\u00f6zl\u0259rin\u0259 g\u00f6r\u0259, x\u0259st\u0259y\u0259 ixtisasl\u0131 h\u0259kiml\u0259rin baxma\u011f\u0131na ehtiyac var:<\/p>\n<p>\u201cBu x\u0259st\u0259l\u0259rin evd\u0259 v\u0259 ya \u00f6zl\u0259rinin bildikl\u0259ri kimi m\u00fcalic\u0259 etm\u0259l\u0259ri d\u00fczg\u00fcn hesab olunmur. Tibb m\u00fc\u0259ssis\u0259l\u0259rimiz d\u0259 buna haz\u0131rd\u0131r. \u0130st\u0259nil\u0259n sayda ambulator \u015f\u0259raitd\u0259 x\u0259st\u0259 d\u0259 q\u0259bul ed\u0259 bilirik\u201d.<\/p>\n<p>T\u018fB\u0130B s\u0259dri, h\u0259m\u00e7inin, q\u0131z\u0131lca il\u0259 ba\u011fl\u0131 valideynl\u0259r\u0259 \u00e7a\u011f\u0131r\u0131\u015f edib:<\/p>\n<p>\u201cValideynl\u0259r v\u0259 v\u0259t\u0259nda\u015flar \u00f6vladlar\u0131nda q\u0131z\u0131lca il\u0259 ba\u011fl\u0131 hans\u0131sa simptomun oldu\u011fu g\u00f6r\u0259nd\u0259 tibb m\u00fc\u0259ssis\u0259l\u0259rimiz\u0259 m\u00fcraci\u0259t etsinl\u0259r\u201d.<\/p>\n","protected":false},"excerpt":{"rendered":"<p>\u201cQ\u0131z\u0131lcaya yoluxan x\u0259st\u0259l\u0259rin evd\u0259 v\u0259 ya \u00f6zl\u0259rinin bildikl\u0259ri kimi m\u00fcalic\u0259 edilm\u0259l\u0259ri d\u00fczg\u00fcn hesab olunmur\u201d. \u201cReport\u201d x\u0259b\u0259r verir ki, bunu Tibbi \u018frazi B\u00f6lm\u0259l\u0259rini \u0130dar\u0259etm\u0259 Birliyinin (T\u018fB\u0130B) icra\u00e7\u0131 direktoru V\u00fcqar Qurbanov jurnalistl\u0259r\u0259 a\u00e7\u0131qlamas\u0131nda deyib. Onun s\u00f6zl\u0259rin\u0259 g\u00f6r\u0259, x\u0259st\u0259y\u0259 ixtisasl\u0131 h\u0259kiml\u0259rin baxma\u011f\u0131na ehtiyac var: \u201cBu x\u0259st\u0259l\u0259rin evd\u0259 v\u0259 ya \u00f6zl\u0259rinin bildikl\u0259ri kimi m\u00fcalic\u0259 etm\u0259l\u0259ri d\u00fczg\u00fcn hesab olunmur. Tibb m\u00fc\u0259ssis\u0259l\u0259rimiz d\u0259 buna haz\u0131rd\u0131r. \u0130st\u0259nil\u0259n sayda ambulator \u015f\u0259raitd\u0259 x\u0259st\u0259 d\u0259 q\u0259bul ed\u0259 bilirik\u201d. T\u018fB\u0130B s\u0259dri, h\u0259m\u00e7inin, q\u0131z\u0131lca il\u0259 ba\u011fl\u0131 valideynl\u0259r\u0259 \u00e7a\u011f\u0131r\u0131\u015f edib: \u201cValideynl\u0259r v\u0259 v\u0259t\u0259nda\u015flar \u00f6vladlar\u0131nda q\u0131z\u0131lca il\u0259 ba\u011fl\u0131 hans\u0131sa simptomun oldu\u011fu g\u00f6r\u0259nd\u0259 tibb m\u00fc\u0259ssis\u0259l\u0259rimiz\u0259&hellip;<\/p>\n","protected":false},"author":2,"featured_media":666159,"comment_status":"closed","ping_status":"closed","sticky":false,"template":"","format":"standard","meta":{"om_disable_all_campaigns":false,"_monsterinsights_skip_tracking":false,"_monsterinsights_sitenote_active":false,"_monsterinsights_sitenote_note":"","_monsterinsights_sitenote_category":0},"categories":[1],"tags":[],"aioseo_notices":[],"gutentor_comment":0,"rttpg_featured_image_url":{"full":["https:\/\/arantv.az\/wp-content\/uploads\/2023\/12\/6.jpg",620,413,false],"landscape":["https:\/\/arantv.az\/wp-content\/uploads\/2023\/12\/6.jpg",620,413,false],"portraits":["https:\/\/arantv.az\/wp-content\/uploads\/2023\/12\/6.jpg",620,413,false],"thumbnail":["https:\/\/arantv.az\/wp-content\/uploads\/2023\/12\/6-500x280.jpg",500,280,true],"medium":["https:\/\/arantv.az\/wp-content\/uploads\/2023\/12\/6-548x365.jpg",548,365,true],"large":["https:\/\/arantv.az\/wp-content\/uploads\/2023\/12\/6.jpg",620,413,false],"1536x1536":["https:\/\/arantv.az\/wp-content\/uploads\/2023\/12\/6.jpg",620,413,false],"2048x2048":["https:\/\/arantv.az\/wp-content\/uploads\/2023\/12\/6.jpg",620,413,false],"post-thumbnail":["https:\/\/arantv.az\/wp-content\/uploads\/2023\/12\/6-240x172.jpg",240,172,true],"advps-thumb-one":["https:\/\/arantv.az\/wp-content\/uploads\/2023\/12\/6.jpg",620,413,false]},"rttpg_author":{"display_name":"V\u00fcsal Rafiqo\u011flu","author_link":"https:\/\/arantv.az\/?author=2"},"rttpg_comment":0,"rttpg_category":"<a href=\"https:\/\/arantv.az\/?cat=1\" rel=\"category\">C\u0259miyy\u0259t<\/a>","rttpg_excerpt":"\u201cQ\u0131z\u0131lcaya yoluxan x\u0259st\u0259l\u0259rin evd\u0259 v\u0259 ya \u00f6zl\u0259rinin bildikl\u0259ri kimi m\u00fcalic\u0259 edilm\u0259l\u0259ri d\u00fczg\u00fcn hesab olunmur\u201d. \u201cReport\u201d x\u0259b\u0259r verir ki, bunu Tibbi \u018frazi B\u00f6lm\u0259l\u0259rini \u0130dar\u0259etm\u0259 Birliyinin (T\u018fB\u0130B) icra\u00e7\u0131 direktoru V\u00fcqar Qurbanov jurnalistl\u0259r\u0259 a\u00e7\u0131qlamas\u0131nda deyib. Onun s\u00f6zl\u0259rin\u0259 g\u00f6r\u0259, x\u0259st\u0259y\u0259 ixtisasl\u0131 h\u0259kiml\u0259rin baxma\u011f\u0131na ehtiyac var: \u201cBu x\u0259st\u0259l\u0259rin evd\u0259 v\u0259 ya \u00f6zl\u0259rinin bildikl\u0259ri kimi m\u00fcalic\u0259 etm\u0259l\u0259ri d\u00fczg\u00fcn hesab olunmur. Tibb&hellip;","_links":{"self":[{"href":"https:\/\/arantv.az\/index.php?rest_route=\/wp\/v2\/posts\/666158"}],"collection":[{"href":"https:\/\/arantv.az\/index.php?rest_route=\/wp\/v2\/posts"}],"about":[{"href":"https:\/\/arantv.az\/index.php?rest_route=\/wp\/v2\/types\/post"}],"author":[{"embeddable":true,"href":"https:\/\/arantv.az\/index.php?rest_route=\/wp\/v2\/users\/2"}],"replies":[{"embeddable":true,"href":"https:\/\/arantv.az\/index.php?rest_route=%2Fwp%2Fv2%2Fcomments&post=666158"}],"version-history":[{"count":0,"href":"https:\/\/arantv.az\/index.php?rest_route=\/wp\/v2\/posts\/666158\/revisions"}],"wp:featuredmedia":[{"embeddable":true,"href":"https:\/\/arantv.az\/index.php?rest_route=\/wp\/v2\/media\/666159"}],"wp:attachment":[{"href":"https:\/\/arantv.az\/index.php?rest_route=%2Fwp%2Fv2%2Fmedia&parent=666158"}],"wp:term":[{"taxonomy":"category","embeddable":true,"href":"https:\/\/arantv.az\/index.php?rest_route=%2Fwp%2Fv2%2Fcategories&post=666158"},{"taxonomy":"post_tag","embeddable":true,"href":"https:\/\/arantv.az\/index.php?rest_route=%2Fwp%2Fv2%2Ftags&post=666158"}],"curies":[{"name":"wp","href":"https:\/\/api.w.org\/{rel}","templated":true}]}}