{"id":666227,"date":"2023-12-08T14:21:36","date_gmt":"2023-12-08T10:21:36","guid":{"rendered":"https:\/\/arantv.az\/?p=666227"},"modified":"2023-12-08T14:21:36","modified_gmt":"2023-12-08T10:21:36","slug":"agali-sakini-heyd%c9%99r-%c9%99liyev-olmasaydi-z%c9%99ngilanda-ikinci-xocali-faci%c9%99si-bas-ver%c9%99-bil%c9%99rdi-foto","status":"publish","type":"post","link":"https:\/\/arantv.az\/?p=666227","title":{"rendered":"A\u011fal\u0131 sakini: \u201cHeyd\u0259r \u018fliyev olmasayd\u0131, Z\u0259ngilanda ikinci Xocal\u0131 faci\u0259si ba\u015f ver\u0259 bil\u0259rdi\u201d &#8211; FOTO"},"content":{"rendered":"<p>A\u011fal\u0131 k\u0259nd sakini Rahil\u0259 Almuradova hesab edir ki, Heyd\u0259r \u018fliyev olmasayd\u0131, Z\u0259ngilanda ikinci Xocal\u0131 faci\u0259si ba\u015f ver\u0259 bil\u0259rdi.<\/p>\n<p>O, \u201cReport\u201dun Z\u0259ngilana ezam olunmu\u015f \u0259m\u0259kda\u015f\u0131 il\u0259 s\u00f6hb\u0259tind\u0259 h\u0259min d\u00f6vrd\u0259 ba\u015f ver\u0259nl\u0259ri bel\u0259 xat\u0131rlay\u0131r:<\/p>\n<p>&nbsp;<\/p>\n<div class=\"gallery\">\n<div class=\"gallery-i\"><img src=\"https:\/\/cdn.oxu.az\/uploads\/W1siZiIsIjIwMjMvMTIvMDgvMTIvMTEvMjYvYTEzODVhY2QtOTBiMi00NzU4LWE1MGMtYWZlZDBlMWU3MDI4L2U0Y2U1YTZkLWVkYTQtMzAxYy1iMmI2LTc2OGM5MTJiY2MwZi5qcGVnIl0sWyJwIiwiZW5jb2RlIiwianBnIiwiLXF1YWxpdHkgODAiXSxbInAiLCJ0aHVtYiIsIjU5MHg1OTBcdTAwM2UiXV0?sha=54b458ae8cb9eb9d\" alt=\"\" \/><\/p>\n<div class=\"gallery-i-caption\"><\/div>\n<\/div>\n<\/div>\n<p>\u201cHeyd\u0259r \u018fliyev olmasayd\u0131, y\u0259qin ki, ikinci Xocal\u0131 faci\u0259si Z\u0259ngilanda ya\u015fanacaqd\u0131. Z\u0259ngilan rayonu m\u00fchasir\u0259d\u0259 qald\u0131\u011f\u0131 \u00fc\u00e7\u00fcn 1993-c\u00fc ilin oktyabr ay\u0131nda Araz \u00e7ay\u0131n\u0131 ke\u00e7m\u0259k m\u0259cburiyy\u0259tind\u0259 qald\u0131q. \u0130ki ay m\u00fchasir\u0259d\u0259 qalsaq da, evimizi t\u0259rk etm\u0259k ist\u0259mirdik, lakin Qubadl\u0131n\u0131n i\u015f\u011fal\u0131ndan sonra burada ya\u015famaq olduqca t\u0259hl\u00fck\u0259li idi\u201d.<\/p>\n<p>R.Almuradova deyir ki, o zaman k\u0259ndin \u0259halisini qorumaq m\u0259qs\u0259dil\u0259 \u00fcmummilli lider Heyd\u0259r \u018fliyevin t\u0259kidi il\u0259 sakinl\u0259rin \u00e7ay\u0131 rahatl\u0131qla ke\u00e7\u0259 bilm\u0259si \u00fc\u00e7\u00fcn Araz torpaqla doldurulub suyu azald\u0131lm\u0131\u015fd\u0131:<\/p>\n<p>\u201c\u018fg\u0259r bel\u0259 olmasayd\u0131, y\u0259qin ki, ikinci Xocal\u0131 faci\u0259si Z\u0259ngilanda ya\u015fanacaqd\u0131. Doqquz bac\u0131-qarda\u015f\u0131n ail\u0259si qarda\u015f\u0131m\u0131n \u201cKamAZ\u201d\u0131 il\u0259 Araz \u00e7ay\u0131n\u0131 ke\u00e7ib \u0130randan \u0130mi\u015fliy\u0259 do\u011fru k\u00f6\u00e7 etdik. Araz\u0131n k\u0259nar\u0131nda \u00fcr\u0259k \u00e7at\u0131\u015fmazl\u0131\u011f\u0131ndan d\u00fcnyas\u0131n\u0131 d\u0259yi\u015f\u0259nl\u0259r, eyni zamanda \u00e7ayda bo\u011fularaq \u00f6l\u0259nl\u0259r oldu\u201d.<\/p>\n<p>Sakin bildirib\u00a0ki, ail\u0259nin h\u0259r bir \u00fczv\u00fc f\u0259rqli yerl\u0259r\u0259 da\u011f\u0131lma\u011fa, m\u0259sk\u0259n tutma\u011fa m\u0259cbur olub:<\/p>\n<p>\u201cH\u0259yat yolda\u015f\u0131m v\u0259fat etdi, d\u00f6rd\u00a0\u00f6vlad\u0131m\u0131 Zabrat q\u0259s\u0259b\u0259sind\u0259 yataqxanada t\u0259k b\u00f6y\u00fctm\u0259y\u0259 m\u0259cbur oldum. Araz\u0131 d\u00f6rd\u00a0u\u015faqla ke\u00e7mi\u015fdim, indi is\u0259 doqquz n\u0259v\u0259m v\u0259 n\u0259tic\u0259l\u0259riml\u0259 do\u011fma yurda qay\u0131tm\u0131\u015fam. Prezident\u00a0<strong>\u0130lham \u018fliyevin<\/strong>\u00a0xalqa m\u00fcraci\u0259ti zaman\u0131 Z\u0259ngilan\u0131n i\u015f\u011faldan azad edilm\u0259si x\u0259b\u0259rini verm\u0259si bizi o q\u0259d\u0259r sevindirdi ki, yad\u0131ma d\u00fc\u015f\u0259nd\u0259 indi d\u0259 sevincimd\u0259n g\u00f6zl\u0259rim dolur. H\u0259sr\u0259tl\u0259 k\u0259ndimiz\u0259 qay\u0131daca\u011f\u0131m\u0131z g\u00fcn\u00fc g\u00f6zl\u0259yirdik\u201d.<\/p>\n<p>R.Almuradova 30 ild\u0259n sonra A\u011fal\u0131ya qay\u0131tmas\u0131n\u0131 bel\u0259 xat\u0131rlay\u0131r:<\/p>\n<p>\u201cBir g\u00fcn \u201cQa\u00e7q\u0131nkom\u201ddan z\u0259ng g\u0259ldi v\u0259 biz\u0259 A\u011fal\u0131ya qay\u0131tmaq ist\u0259yib-ist\u0259m\u0259m\u0259yimiz bar\u0259d\u0259 sual verildi. T\u0259bii ki, bu t\u0259klifi h\u0259min d\u0259qiq\u0259 q\u0259bul etdik. Xo\u015fb\u0259xtlikd\u0259n d\u0259 bura k\u00f6\u00e7\u0259n ilk ail\u0259l\u0259rd\u0259n biri biz olduq. Yolboyu sevincd\u0259n a\u011flaya-a\u011flaya g\u0259ldik. A\u011fal\u0131 30 il sonra bizi yenid\u0259n qucaqlad\u0131\u201d.<\/p>\n","protected":false},"excerpt":{"rendered":"<p>A\u011fal\u0131 k\u0259nd sakini Rahil\u0259 Almuradova hesab edir ki, Heyd\u0259r \u018fliyev olmasayd\u0131, Z\u0259ngilanda ikinci Xocal\u0131 faci\u0259si ba\u015f ver\u0259 bil\u0259rdi. O, \u201cReport\u201dun Z\u0259ngilana ezam olunmu\u015f \u0259m\u0259kda\u015f\u0131 il\u0259 s\u00f6hb\u0259tind\u0259 h\u0259min d\u00f6vrd\u0259 ba\u015f ver\u0259nl\u0259ri bel\u0259 xat\u0131rlay\u0131r: &nbsp; \u201cHeyd\u0259r \u018fliyev olmasayd\u0131, y\u0259qin ki, ikinci Xocal\u0131 faci\u0259si Z\u0259ngilanda ya\u015fanacaqd\u0131. Z\u0259ngilan rayonu m\u00fchasir\u0259d\u0259 qald\u0131\u011f\u0131 \u00fc\u00e7\u00fcn 1993-c\u00fc ilin oktyabr ay\u0131nda Araz \u00e7ay\u0131n\u0131 ke\u00e7m\u0259k m\u0259cburiyy\u0259tind\u0259 qald\u0131q. \u0130ki ay m\u00fchasir\u0259d\u0259 qalsaq da, evimizi t\u0259rk etm\u0259k ist\u0259mirdik, lakin Qubadl\u0131n\u0131n i\u015f\u011fal\u0131ndan sonra burada ya\u015famaq olduqca t\u0259hl\u00fck\u0259li idi\u201d. R.Almuradova deyir ki, o zaman k\u0259ndin \u0259halisini qorumaq m\u0259qs\u0259dil\u0259 \u00fcmummilli lider Heyd\u0259r \u018fliyevin t\u0259kidi il\u0259&hellip;<\/p>\n","protected":false},"author":2,"featured_media":666228,"comment_status":"closed","ping_status":"closed","sticky":false,"template":"","format":"standard","meta":{"om_disable_all_campaigns":false,"_monsterinsights_skip_tracking":false,"_monsterinsights_sitenote_active":false,"_monsterinsights_sitenote_note":"","_monsterinsights_sitenote_category":0},"categories":[1],"tags":[],"aioseo_notices":[],"gutentor_comment":0,"rttpg_featured_image_url":{"full":["https:\/\/arantv.az\/wp-content\/uploads\/2023\/12\/4ec9eb87-50a9-39a2-8cc5-73b1737d29a8_850.jpg",620,413,false],"landscape":["https:\/\/arantv.az\/wp-content\/uploads\/2023\/12\/4ec9eb87-50a9-39a2-8cc5-73b1737d29a8_850.jpg",620,413,false],"portraits":["https:\/\/arantv.az\/wp-content\/uploads\/2023\/12\/4ec9eb87-50a9-39a2-8cc5-73b1737d29a8_850.jpg",620,413,false],"thumbnail":["https:\/\/arantv.az\/wp-content\/uploads\/2023\/12\/4ec9eb87-50a9-39a2-8cc5-73b1737d29a8_850-500x280.jpg",500,280,true],"medium":["https:\/\/arantv.az\/wp-content\/uploads\/2023\/12\/4ec9eb87-50a9-39a2-8cc5-73b1737d29a8_850-548x365.jpg",548,365,true],"large":["https:\/\/arantv.az\/wp-content\/uploads\/2023\/12\/4ec9eb87-50a9-39a2-8cc5-73b1737d29a8_850.jpg",620,413,false],"1536x1536":["https:\/\/arantv.az\/wp-content\/uploads\/2023\/12\/4ec9eb87-50a9-39a2-8cc5-73b1737d29a8_850.jpg",620,413,false],"2048x2048":["https:\/\/arantv.az\/wp-content\/uploads\/2023\/12\/4ec9eb87-50a9-39a2-8cc5-73b1737d29a8_850.jpg",620,413,false],"post-thumbnail":["https:\/\/arantv.az\/wp-content\/uploads\/2023\/12\/4ec9eb87-50a9-39a2-8cc5-73b1737d29a8_850-240x172.jpg",240,172,true],"advps-thumb-one":["https:\/\/arantv.az\/wp-content\/uploads\/2023\/12\/4ec9eb87-50a9-39a2-8cc5-73b1737d29a8_850.jpg",620,413,false]},"rttpg_author":{"display_name":"V\u00fcsal Rafiqo\u011flu","author_link":"https:\/\/arantv.az\/?author=2"},"rttpg_comment":0,"rttpg_category":"<a href=\"https:\/\/arantv.az\/?cat=1\" rel=\"category\">C\u0259miyy\u0259t<\/a>","rttpg_excerpt":"A\u011fal\u0131 k\u0259nd sakini Rahil\u0259 Almuradova hesab edir ki, Heyd\u0259r \u018fliyev olmasayd\u0131, Z\u0259ngilanda ikinci Xocal\u0131 faci\u0259si ba\u015f ver\u0259 bil\u0259rdi. O, \u201cReport\u201dun Z\u0259ngilana ezam olunmu\u015f \u0259m\u0259kda\u015f\u0131 il\u0259 s\u00f6hb\u0259tind\u0259 h\u0259min d\u00f6vrd\u0259 ba\u015f ver\u0259nl\u0259ri bel\u0259 xat\u0131rlay\u0131r: &nbsp; \u201cHeyd\u0259r \u018fliyev olmasayd\u0131, y\u0259qin ki, ikinci Xocal\u0131 faci\u0259si Z\u0259ngilanda ya\u015fanacaqd\u0131. Z\u0259ngilan rayonu m\u00fchasir\u0259d\u0259 qald\u0131\u011f\u0131 \u00fc\u00e7\u00fcn 1993-c\u00fc ilin oktyabr ay\u0131nda Araz \u00e7ay\u0131n\u0131 ke\u00e7m\u0259k&hellip;","_links":{"self":[{"href":"https:\/\/arantv.az\/index.php?rest_route=\/wp\/v2\/posts\/666227"}],"collection":[{"href":"https:\/\/arantv.az\/index.php?rest_route=\/wp\/v2\/posts"}],"about":[{"href":"https:\/\/arantv.az\/index.php?rest_route=\/wp\/v2\/types\/post"}],"author":[{"embeddable":true,"href":"https:\/\/arantv.az\/index.php?rest_route=\/wp\/v2\/users\/2"}],"replies":[{"embeddable":true,"href":"https:\/\/arantv.az\/index.php?rest_route=%2Fwp%2Fv2%2Fcomments&post=666227"}],"version-history":[{"count":0,"href":"https:\/\/arantv.az\/index.php?rest_route=\/wp\/v2\/posts\/666227\/revisions"}],"wp:featuredmedia":[{"embeddable":true,"href":"https:\/\/arantv.az\/index.php?rest_route=\/wp\/v2\/media\/666228"}],"wp:attachment":[{"href":"https:\/\/arantv.az\/index.php?rest_route=%2Fwp%2Fv2%2Fmedia&parent=666227"}],"wp:term":[{"taxonomy":"category","embeddable":true,"href":"https:\/\/arantv.az\/index.php?rest_route=%2Fwp%2Fv2%2Fcategories&post=666227"},{"taxonomy":"post_tag","embeddable":true,"href":"https:\/\/arantv.az\/index.php?rest_route=%2Fwp%2Fv2%2Ftags&post=666227"}],"curies":[{"name":"wp","href":"https:\/\/api.w.org\/{rel}","templated":true}]}}