{"id":666295,"date":"2023-12-08T15:23:18","date_gmt":"2023-12-08T11:23:18","guid":{"rendered":"https:\/\/arantv.az\/?p=666295"},"modified":"2023-12-08T15:23:18","modified_gmt":"2023-12-08T11:23:18","slug":"bayram-%c9%99r%c9%99f%c9%99sind%c9%99-hansi-%c9%99rzaq-m%c9%99hsullari-bahalasacaq-aciqlama","status":"publish","type":"post","link":"https:\/\/arantv.az\/?p=666295","title":{"rendered":"Bayram \u0259r\u0259f\u0259sind\u0259 hans\u0131 \u0259rzaq m\u0259hsullar\u0131 bahala\u015facaq? &#8211; A\u00c7IQLAMA"},"content":{"rendered":"<div class=\"text-content\" data-id=\"\" data-url=\"\">\n<p><strong>Ad\u0259t\u0259n Yeni il bayram\u0131 \u0259r\u0259f\u0259sind\u0259 \u0259rzaq m\u0259hsullar\u0131n\u0131n qiym\u0259tl\u0259rind\u0259 bahala\u015fma m\u00fc\u015fahid\u0259 olunur.<\/strong><\/p>\n<p>Maraql\u0131d\u0131r, bu il hans\u0131 m\u0259hsullarda bahala\u015fma g\u00f6zl\u0259nilir?<\/p>\n<p>M\u00f6vzu il\u0259 ba\u011fl\u0131 Sfera.az-dan\u0131\u015fan iqtisadi ekspert El\u015fad M\u0259mm\u0259dov bildirib ki, d\u00fcnyada ba\u015f ver\u0259n k\u0259skin qiym\u0259t art\u0131m\u0131 Az\u0259rbaycana da t\u0259sirsiz \u00f6t\u00fc\u015fm\u0259y\u0259c\u0259k:<\/p>\n<p>\u201c\u00d6lk\u0259d\u0259ki istehlak bazar\u0131nda \u0259halinin al\u0131c\u0131l\u0131q qabiliyy\u0259ti d\u0259 y\u00fcks\u0259lib. X\u00fcsusil\u0259, xaricd\u0259n idxal olunan m\u0259hsullar\u0131n qiym\u0259tind\u0259 art\u0131m g\u00f6zl\u0259nilir. Eyni zamanda, bir s\u0131ra inhisar\u00e7\u0131lar ticar\u0259t \u015f\u0259b\u0259k\u0259l\u0259rind\u0259ki m\u00f6vel\u0259rind\u0259n istifad\u0259 ed\u0259r\u0259k t\u0259l\u0259bat\u0131 y\u00fcks\u0259k olan m\u0259hsullar\u0131n qiym\u0259tini art\u0131racaqlar\u201d.<\/p>\n<p>Ekspert qeyd edib ki, antihisar siyas\u0259tin\u0259 cavabdeh olan qurum s\u00fcni qiym\u0259t art\u0131m\u0131na qar\u015f\u0131 intensiv \u015f\u0259kild\u0259 t\u0259dbirl\u0259r g\u00f6rm\u0259lidir. \u018fks halda ticar\u0259t \u015f\u0259b\u0259k\u0259l\u0259rind\u0259ki inhisar\u00e7\u0131lar qiym\u0259tl\u0259ri s\u00fcni \u015f\u0259kild\u0259 art\u0131racaqlar.<\/p>\n<\/div>\n<div><\/div>\n<div>\n<div class=\"banner banner-6cdd60ea0045eb7a6ec44c54d29ed402\" data-banner=\"MTg0\"><\/div>\n<\/div>\n","protected":false},"excerpt":{"rendered":"<p>Ad\u0259t\u0259n Yeni il bayram\u0131 \u0259r\u0259f\u0259sind\u0259 \u0259rzaq m\u0259hsullar\u0131n\u0131n qiym\u0259tl\u0259rind\u0259 bahala\u015fma m\u00fc\u015fahid\u0259 olunur. Maraql\u0131d\u0131r, bu il hans\u0131 m\u0259hsullarda bahala\u015fma g\u00f6zl\u0259nilir? M\u00f6vzu il\u0259 ba\u011fl\u0131 Sfera.az-dan\u0131\u015fan iqtisadi ekspert El\u015fad M\u0259mm\u0259dov bildirib ki, d\u00fcnyada ba\u015f ver\u0259n k\u0259skin qiym\u0259t art\u0131m\u0131 Az\u0259rbaycana da t\u0259sirsiz \u00f6t\u00fc\u015fm\u0259y\u0259c\u0259k: \u201c\u00d6lk\u0259d\u0259ki istehlak bazar\u0131nda \u0259halinin al\u0131c\u0131l\u0131q qabiliyy\u0259ti d\u0259 y\u00fcks\u0259lib. X\u00fcsusil\u0259, xaricd\u0259n idxal olunan m\u0259hsullar\u0131n qiym\u0259tind\u0259 art\u0131m g\u00f6zl\u0259nilir. Eyni zamanda, bir s\u0131ra inhisar\u00e7\u0131lar ticar\u0259t \u015f\u0259b\u0259k\u0259l\u0259rind\u0259ki m\u00f6vel\u0259rind\u0259n istifad\u0259 ed\u0259r\u0259k t\u0259l\u0259bat\u0131 y\u00fcks\u0259k olan m\u0259hsullar\u0131n qiym\u0259tini art\u0131racaqlar\u201d. Ekspert qeyd edib ki, antihisar siyas\u0259tin\u0259 cavabdeh olan qurum s\u00fcni qiym\u0259t art\u0131m\u0131na qar\u015f\u0131 intensiv \u015f\u0259kild\u0259 t\u0259dbirl\u0259r g\u00f6rm\u0259lidir. \u018fks halda ticar\u0259t&hellip;<\/p>\n","protected":false},"author":2,"featured_media":666296,"comment_status":"closed","ping_status":"closed","sticky":false,"template":"","format":"standard","meta":{"om_disable_all_campaigns":false,"_monsterinsights_skip_tracking":false,"_monsterinsights_sitenote_active":false,"_monsterinsights_sitenote_note":"","_monsterinsights_sitenote_category":0},"categories":[19],"tags":[],"aioseo_notices":[],"gutentor_comment":0,"rttpg_featured_image_url":{"full":["https:\/\/arantv.az\/wp-content\/uploads\/2023\/12\/2c1cf1065e587e00d3d4c2c0c0394947.jpg",690,462,false],"landscape":["https:\/\/arantv.az\/wp-content\/uploads\/2023\/12\/2c1cf1065e587e00d3d4c2c0c0394947.jpg",690,462,false],"portraits":["https:\/\/arantv.az\/wp-content\/uploads\/2023\/12\/2c1cf1065e587e00d3d4c2c0c0394947.jpg",690,462,false],"thumbnail":["https:\/\/arantv.az\/wp-content\/uploads\/2023\/12\/2c1cf1065e587e00d3d4c2c0c0394947-500x280.jpg",500,280,true],"medium":["https:\/\/arantv.az\/wp-content\/uploads\/2023\/12\/2c1cf1065e587e00d3d4c2c0c0394947-545x365.jpg",545,365,true],"large":["https:\/\/arantv.az\/wp-content\/uploads\/2023\/12\/2c1cf1065e587e00d3d4c2c0c0394947.jpg",640,429,false],"1536x1536":["https:\/\/arantv.az\/wp-content\/uploads\/2023\/12\/2c1cf1065e587e00d3d4c2c0c0394947.jpg",690,462,false],"2048x2048":["https:\/\/arantv.az\/wp-content\/uploads\/2023\/12\/2c1cf1065e587e00d3d4c2c0c0394947.jpg",690,462,false],"post-thumbnail":["https:\/\/arantv.az\/wp-content\/uploads\/2023\/12\/2c1cf1065e587e00d3d4c2c0c0394947-240x172.jpg",240,172,true],"advps-thumb-one":["https:\/\/arantv.az\/wp-content\/uploads\/2023\/12\/2c1cf1065e587e00d3d4c2c0c0394947.jpg",690,462,false]},"rttpg_author":{"display_name":"V\u00fcsal Rafiqo\u011flu","author_link":"https:\/\/arantv.az\/?author=2"},"rttpg_comment":0,"rttpg_category":"<a href=\"https:\/\/arantv.az\/?cat=19\" rel=\"category\">G\u00fcnd\u0259m<\/a>","rttpg_excerpt":"Ad\u0259t\u0259n Yeni il bayram\u0131 \u0259r\u0259f\u0259sind\u0259 \u0259rzaq m\u0259hsullar\u0131n\u0131n qiym\u0259tl\u0259rind\u0259 bahala\u015fma m\u00fc\u015fahid\u0259 olunur. Maraql\u0131d\u0131r, bu il hans\u0131 m\u0259hsullarda bahala\u015fma g\u00f6zl\u0259nilir? M\u00f6vzu il\u0259 ba\u011fl\u0131 Sfera.az-dan\u0131\u015fan iqtisadi ekspert El\u015fad M\u0259mm\u0259dov bildirib ki, d\u00fcnyada ba\u015f ver\u0259n k\u0259skin qiym\u0259t art\u0131m\u0131 Az\u0259rbaycana da t\u0259sirsiz \u00f6t\u00fc\u015fm\u0259y\u0259c\u0259k: \u201c\u00d6lk\u0259d\u0259ki istehlak bazar\u0131nda \u0259halinin al\u0131c\u0131l\u0131q qabiliyy\u0259ti d\u0259 y\u00fcks\u0259lib. X\u00fcsusil\u0259, xaricd\u0259n idxal olunan m\u0259hsullar\u0131n qiym\u0259tind\u0259 art\u0131m g\u00f6zl\u0259nilir. Eyni&hellip;","_links":{"self":[{"href":"https:\/\/arantv.az\/index.php?rest_route=\/wp\/v2\/posts\/666295"}],"collection":[{"href":"https:\/\/arantv.az\/index.php?rest_route=\/wp\/v2\/posts"}],"about":[{"href":"https:\/\/arantv.az\/index.php?rest_route=\/wp\/v2\/types\/post"}],"author":[{"embeddable":true,"href":"https:\/\/arantv.az\/index.php?rest_route=\/wp\/v2\/users\/2"}],"replies":[{"embeddable":true,"href":"https:\/\/arantv.az\/index.php?rest_route=%2Fwp%2Fv2%2Fcomments&post=666295"}],"version-history":[{"count":0,"href":"https:\/\/arantv.az\/index.php?rest_route=\/wp\/v2\/posts\/666295\/revisions"}],"wp:featuredmedia":[{"embeddable":true,"href":"https:\/\/arantv.az\/index.php?rest_route=\/wp\/v2\/media\/666296"}],"wp:attachment":[{"href":"https:\/\/arantv.az\/index.php?rest_route=%2Fwp%2Fv2%2Fmedia&parent=666295"}],"wp:term":[{"taxonomy":"category","embeddable":true,"href":"https:\/\/arantv.az\/index.php?rest_route=%2Fwp%2Fv2%2Fcategories&post=666295"},{"taxonomy":"post_tag","embeddable":true,"href":"https:\/\/arantv.az\/index.php?rest_route=%2Fwp%2Fv2%2Ftags&post=666295"}],"curies":[{"name":"wp","href":"https:\/\/api.w.org\/{rel}","templated":true}]}}