{"id":666299,"date":"2023-12-08T18:04:51","date_gmt":"2023-12-08T14:04:51","guid":{"rendered":"https:\/\/arantv.az\/?p=666299"},"modified":"2023-12-08T18:27:32","modified_gmt":"2023-12-08T14:27:32","slug":"leyla-m%c9%99mm%c9%99dova-fenomenal-s%c9%99xsiyy%c9%99t","status":"publish","type":"post","link":"https:\/\/arantv.az\/?p=666299","title":{"rendered":"Leyla M\u0259mm\u0259dova: FENOMENAL \u015e\u018fXS\u0130YY\u018fT"},"content":{"rendered":"<p><b>B\u0259rd\u0259 \u015f\u0259h\u0259r 10 sayl\u0131 k\u00f6rp\u0259l\u0259r evi u\u015faq ba\u011f\u00e7as\u0131n\u0131n m\u00fcdiri Leyla M\u0259mm\u0259dova\u00a0&#8211; 2003-c\u00fc ild\u0259n \u00f6t\u0259n h\u0259r il 12 dekabr tarixi xalq\u0131m\u0131z t\u0259r\u0259find\u0259n unudulmaz Ulu \u00f6nd\u0259r Heyd\u0259r \u018fliyevin an\u0131m g\u00fcn\u00fc kimi ehtiramla yad edilir.<br \/>\nXalq\u0131m\u0131z\u0131n q\u0259lbind\u0259 \u0259b\u0259di ya\u015fayan Ulu \u00d6nd\u0259r Heyd\u0259r \u018fliyev 1923-c\u00fc il may\u0131n 10-da Az\u0259rbaycan Respublikas\u0131n\u0131n Nax\u00e7\u0131van \u015f\u0259h\u0259rind\u0259 anadan olmu\u015fdur.<br \/>\n1939-cu ild\u0259 Nax\u00e7\u0131van Pedaqoji Texnikumunu bitirdikd\u0259n sonra Az\u0259rbaycan S\u0259naye \u0130nstitutunun (indiki Az\u0259rbaycan D\u00f6vl\u0259t Neft v\u0259 S\u0259naye Universiteti) memarl\u0131q fak\u00fclt\u0259sin\u0259 daxil olmu\u015f, lakin \u0130kinci D\u00fcnya m\u00fcharib\u0259sinin ba\u015flanmas\u0131 t\u0259hsilini ba\u015fa \u00e7atd\u0131rma\u011fa imkan verm\u0259mi\u015fdir.<br \/>\nUlu \u00f6nd\u0259r Heyd\u0259r \u018fliyev 1941-1944-c\u00fc ill\u0259rd\u0259 \u0259vv\u0259lc\u0259 Nax\u00e7\u0131van Muxtar Respublikas\u0131 Xalq Daxili \u0130\u015fl\u0259r Komissarl\u0131\u011f\u0131nda arxiv \u015f\u00f6b\u0259sinin m\u0259xfi hiss\u0259sinin m\u00fcdiri, sonra is\u0259 Nax\u00e7\u0131van MSSR Xalq Komissarlar\u0131 Sovetind\u0259 \u00fcmumi \u015f\u00f6b\u0259nin m\u00fcdiri v\u0259zif\u0259l\u0259rind\u0259 i\u015fl\u0259mi\u015fdir.<br \/>\n1944-c\u00fc ilin may ay\u0131nda Nax\u00e7\u0131van Vilay\u0259t Partiya Komit\u0259si t\u0259r\u0259find\u0259n d\u00f6vl\u0259t t\u0259hl\u00fck\u0259sizliyi orqanlar\u0131nda i\u015f\u0259 g\u00f6nd\u0259ril\u0259n ulu \u00f6nd\u0259r Heyd\u0259r \u018fliyev 1949-1950-ci ill\u0259rd\u0259 SSR\u0130 D\u00f6vl\u0259t T\u0259hl\u00fck\u0259sizliyi Komit\u0259sinin Leninqraddak\u0131 (indiki Sankt-Peterburq) R\u0259hb\u0259r Kadrlar\u0131n Haz\u0131rl\u0131\u011f\u0131 M\u0259kt\u0259bind\u0259 t\u0259hsil ald\u0131qdan sonra 1950-ci ild\u0259 Az\u0259rbaycan SSR D\u00f6vl\u0259t T\u0259hl\u00fck\u0259sizliyi Komit\u0259sind\u0259 b\u00f6lm\u0259 r\u0259isi t\u0259yin edilmi\u015fdir.<br \/>\n1957-ci ild\u0259 Az\u0259rbaycan D\u00f6vl\u0259t Universitetinin (indiki Bak\u0131 D\u00f6vl\u0259t Universiteti) Tarix fak\u00fclt\u0259sini bitir\u0259n ulu \u00f6nd\u0259r Heyd\u0259r \u018fliyev 1958-ci ild\u0259 Az\u0259rbaycan SSR D\u00f6vl\u0259t T\u0259hl\u00fck\u0259sizliyi Komit\u0259sinin \u0259ks-k\u0259\u015ffiyyat \u015f\u00f6b\u0259sinin r\u0259isi, 1964-c\u00fc ild\u0259 DTK-n\u0131n s\u0259dr m\u00fcavini t\u0259yin edilmi\u015fdir.<br \/>\n1966-c\u0131 ild\u0259 Moskvada DTK-n\u0131n F.E.Dzerjinski ad\u0131na Ali M\u0259kt\u0259binin r\u0259hb\u0259r hey\u0259tin t\u0259kmill\u0259\u015fdirilm\u0259si kurslar\u0131n\u0131 m\u00fcv\u0259ff\u0259qiyy\u0259tl\u0259 bitir\u0259n Heyd\u0259r \u018fliyev 1967-ci ild\u0259 Az\u0259rbaycan SSR Nazirl\u0259r Soveti yan\u0131nda D\u00f6vl\u0259t T\u0259hl\u00fck\u0259sizliyi Komit\u0259sinin s\u0259dri v\u0259zif\u0259sin\u0259 t\u0259yin edilmi\u015f v\u0259 h\u0259min ild\u0259 d\u0259 ona general-mayor r\u00fctb\u0259si verilmi\u015fdir.<\/b><\/p>\n<div><img title=\"Leyla M\u0259mm\u0259dova: FENOMENAL \u015e\u018fXS\u0130YY\u018fT\" src=\"https:\/\/cdn.axar.az\/2017\/12\/12\/heyder212.jpg\" alt=\"Leyla M\u0259mm\u0259dova: FENOMENAL \u015e\u018fXS\u0130YY\u018fT\" \/><\/div>\n<p><b><br \/>\nAz\u0259rbaycan Kommunist Partiyas\u0131 M\u0259rk\u0259zi Komit\u0259sinin 1969-cu il iyulun 14-d\u0259 ke\u00e7irilmi\u015f plenumunda o, Az\u0259rbaycan Kommunist Partiyas\u0131 M\u0259rk\u0259zi Komit\u0259sinin birinci katibi se\u00e7il\u0259n Heyd\u0259r \u018fliyev 22 il Az\u0259rbaycan SSR Ali Sovetinin v\u0259 SSR\u0130 Ali Sovetinin deputat\u0131 olmu\u015fdur. 1974-1979-cu ill\u0259rd\u0259 is\u0259 SSR\u0130 Ali Soveti \u0130ttifaq Sovetinin s\u0259dr m\u00fcavini v\u0259zif\u0259sind\u0259 i\u015fl\u0259mi\u015fdir.<br \/>\n1976-c\u0131 ild\u0259 Sovet \u0130ttifaq\u0131 Kommunist Partiyas\u0131 M\u0259rk\u0259zi Komit\u0259sinin Siyasi B\u00fcrosunun \u00fczvl\u00fcy\u00fcn\u0259 namiz\u0259d, 1982-ci ilin dekabr\u0131nda is\u0259 Siyasi B\u00fcronun \u00fczv\u00fc se\u00e7il\u0259n Heyd\u0259r \u018fliyev SSR\u0130 Nazirl\u0259r Soveti s\u0259drinin birinci m\u00fcavini v\u0259zif\u0259sin\u0259 t\u0259yin edilmi\u015fdir. Bu v\u0259zif\u0259d\u0259 i\u015fl\u0259y\u0259rk\u0259n Heyd\u0259r \u018fliyev SSR\u0130-nin iqtisadi, sosial v\u0259 m\u0259d\u0259ni h\u0259yat\u0131n\u0131n \u0259n m\u00fch\u00fcm sah\u0259l\u0259rin\u0259 r\u0259hb\u0259rlik etmi\u015fdir.<br \/>\nHeyd\u0259r \u018fliyev 1987-ci ilin oktyabr\u0131nda Sovet \u0130ttifaq\u0131 Kommunist Partiyas\u0131 M\u0259rk\u0259zi Komit\u0259si Siyasi B\u00fcrosunun v\u0259 \u015f\u0259xs\u0259n ba\u015f katib Mixail Qorba\u00e7ovun yeritdiyi siyasi x\u0259tt\u0259 etiraz olaraq tutdu\u011fu v\u0259zif\u0259l\u0259rd\u0259n istefa vermi\u015fdir.<br \/>\nUlu \u00f6nd\u0259r Heyd\u0259r \u018fliyev 1990-c\u0131 il yanvar\u0131n 19-dan 20-n\u0259 ke\u00e7\u0259n gec\u0259 sovet qo\u015funlar\u0131n\u0131n Bak\u0131da t\u00f6r\u0259tdiyi qanl\u0131 faci\u0259 il\u0259 \u0259laq\u0259dar yanvar\u0131n 21-d\u0259 Az\u0259rbaycan\u0131n Moskvadak\u0131 n\u00fcmay\u0259nd\u0259liyind\u0259 b\u0259yanatla \u00e7\u0131x\u0131\u015f ed\u0259r\u0259k Az\u0259rbaycan xalq\u0131na qar\u015f\u0131 t\u00f6r\u0259dilmi\u015f cinay\u0259tin t\u0259\u015fkilat\u00e7\u0131lar\u0131 v\u0259 icra\u00e7\u0131lar\u0131n\u0131n c\u0259zaland\u0131r\u0131lmas\u0131n\u0131 t\u0259l\u0259b etmi\u015fdir. O, Qaraba\u011fda yaranm\u0131\u015f k\u0259skin m\u00fcnaqi\u015f\u0259li v\u0259ziyy\u0259tl\u0259 ba\u011fl\u0131 SSR\u0130 r\u0259hb\u0259rliyinin iki\u00fczl\u00fc siyas\u0259tin\u0259 etiraz \u0259lam\u0259ti olaraq 1991-ci ilin iyulunda Sovet \u0130ttifaq\u0131 Kommunist Partiyas\u0131n\u0131n s\u0131ralar\u0131n\u0131 t\u0259rk etmi\u015fdir. 1990-c\u0131 il iyulun 20-d\u0259 Bak\u0131ya qay\u0131dan Heyd\u0259r \u018fliyev iki g\u00fcn sonra Nax\u00e7\u0131vana ged\u0259r\u0259k, h\u0259min ild\u0259 d\u0259 Az\u0259rbaycan SSR xalq deputat\u0131 v\u0259 Nax\u00e7\u0131van MSSR xalq deputat\u0131 se\u00e7ilmi\u015fdir. 1991-ci il sentyabr\u0131n 3-d\u0259 Heyd\u0259r \u018fliyev Nax\u00e7\u0131van Muxtar Respublikas\u0131 Ali Sovetinin s\u0259dri se\u00e7ilmi\u015f v\u0259 m\u00fcvafiq qanunvericiliy\u0259 \u0259sas\u0259n h\u0259m d\u0259 Az\u0259rbaycan Respublikas\u0131 Ali Soveti s\u0259drinin m\u00fcavini olmu\u015fdur.<br \/>\nUlu \u00f6nd\u0259r Heyd\u0259r \u018fliyev 1992-ci il noyabr\u0131n 21-d\u0259 Yeni Az\u0259rbaycan Partiyas\u0131n\u0131n Nax\u00e7\u0131van \u015f\u0259h\u0259rind\u0259 ke\u00e7irilmi\u015f t\u0259sis konfrans\u0131nda partiyan\u0131n s\u0259dri se\u00e7ilmi\u015fdir. 1993-c\u00fc ilin may-iyun aylar\u0131nda \u00f6lk\u0259d\u0259 v\u0259t\u0259nda\u015f m\u00fcharib\u0259si v\u0259 m\u00fcst\u0259qilliyin itirilm\u0259si t\u0259hl\u00fck\u0259si yarand\u0131\u011f\u0131 zaman, Az\u0259rbaycan xalq\u0131 Heyd\u0259r \u018fliyevin hakimiyy\u0259t\u0259 g\u0259tirilm\u0259si t\u0259l\u0259bini ir\u0259li s\u00fcrm\u00fc\u015f v\u0259 \u00f6lk\u0259nin o d\u00f6vrk\u00fc r\u0259hb\u0259rliyi onu Bak\u0131ya d\u0259v\u0259t etm\u0259y\u0259 m\u0259cbur olmu\u015fdur. Heyd\u0259r \u018fliyev 1993-c\u00fc il iyunun 15-d\u0259 Az\u0259rbaycan Respublikas\u0131 Ali Sovetinin s\u0259dri se\u00e7ilmi\u015f, iyunun 24-d\u0259n is\u0259 Az\u0259rbaycan Respublikas\u0131 Prezidentinin s\u0259lahiyy\u0259tl\u0259rini h\u0259yata ke\u00e7irm\u0259y\u0259 ba\u015flam\u0131\u015fd\u0131r.<br \/>\n1993-c\u00fc il oktyabr\u0131n 3-d\u0259 \u00fcmumxalq s\u0259sverm\u0259si n\u0259tic\u0259sind\u0259 Heyd\u0259r \u018fliyev Az\u0259rbaycan Respublikas\u0131n\u0131n Prezidenti se\u00e7ilmi\u015fdir.<br \/>\nBu dahi insan Az\u0259rbaycan xalq\u0131n\u0131n yadda\u015f\u0131nda qurucu v\u0259 xilaskar d\u00f6vl\u0259t xadimi, milli lider v\u0259 xalq m\u0259h\u0259bb\u0259tini qazanan \u00f6nd\u0259r kimi qalm\u0131\u015fd\u0131r. Xalq\u0131m\u0131zn tarixi taleyind\u0259, m\u0259n\u0259vi, siyasi v\u0259 ictimai h\u0259yat\u0131nda, d\u00f6vl\u0259t quruculu\u011funda onun q\u0259d\u0259r misilsiz xidm\u0259tl\u0259r g\u00f6st\u0259r\u0259n ikinci d\u00f6vl\u0259t adam\u0131 tapmaq m\u00fcmk\u00fcn deyildir. Heyd\u0259r \u018fliyev d\u00fcnyan\u0131n nadir, unikal, se\u00e7il\u0259n siyas\u0259t adam\u0131 idi. Bu dahi insan tarixi yazan v\u0259 yaradan, onu y\u00f6n\u0259ltm\u0259yi v\u0259 f\u00f6vq\u00fcnd\u0259 durma\u011f\u0131 bacaran, d\u00f6vl\u0259t idar\u0259\u00e7iliyi v\u0259 siyasi t\u0259liml\u0259r elminin m\u00fcnt\u0259x\u0259bat\u0131n\u0131 \u00f6z f\u0259aliyy\u0259ti il\u0259 dikt\u0259 ed\u0259n nadir \u015f\u0259xsiyy\u0259tl\u0259rd\u0259n biridir. Heyd\u0259r \u018fliyev Az\u0259rbaycana r\u0259hb\u0259rlik etdiyi ill\u0259rd\u0259 uzaqg\u00f6r\u0259n daxili v\u0259 xarici siyas\u0259ti il\u0259 \u00f6lk\u0259nin n\u00fcfuzunu art\u0131rm\u0131\u015f,h\u0259rt\u0259r\u0259fli inki\u015faf\u0131na nail olmu\u015f, m\u00fcst\u0259qilliyini \u0259b\u0259di v\u0259 d\u00f6nm\u0259z etmi\u015fdir. Ki\u00e7ik bir \u00f6lk\u0259 Heyd\u0259r \u018fliyevin u\u011furlu siyas\u0259ti n\u0259tic\u0259sind\u0259 d\u00fcnyada tan\u0131nan n\u00fcfuzlu bir d\u00f6vl\u0259t\u0259 \u00e7evrilmi\u015fdi. Az\u0259rbaycan\u0131n 30 ild\u0259n art\u0131q bir d\u00f6vr\u00fcn\u00fc \u0259hat\u0259 ed\u0259n tarixi taleyi, bu ill\u0259r \u0259rzind\u0259 xalq\u0131n ictimai-siyasi, iqtisadi v\u0259 m\u0259d\u0259ni h\u0259yat\u0131n\u0131n b\u00fct\u00fcn sah\u0259l\u0259rind\u0259 dir\u00e7\u0259li\u015fi Ulu \u00d6nd\u0259rin ad\u0131 il\u0259 s\u0131x ba\u011fl\u0131d\u0131r. Ulu \u00d6nd\u0259r r\u0259hb\u0259rlik etdiyi bu d\u00f6vr \u0259rzind\u0259 Az\u0259rbaycan\u0131 bir d\u00f6vl\u0259t kimi zaman\u0131n a\u011f\u0131r v\u0259 s\u0259rt s\u0131naqlar\u0131ndan \u00e7\u0131xara bilmi\u015f, \u00f6lk\u0259nin g\u0259l\u0259c\u0259k inki\u015faf strategiyas\u0131n\u0131 m\u00fc\u0259yy\u0259n etmi\u015f v\u0259 onun h\u0259yata ke\u00e7irilm\u0259si \u00fc\u00e7\u00fcn m\u00fch\u00fcm add\u0131mlar atm\u0131\u015fd\u0131r.Heyd\u0259r \u018fliyevin d\u00f6vl\u0259t qar\u015f\u0131s\u0131ndak\u0131 xidm\u0259tl\u0259ri Az\u0259rbaycan tarixinin \u015eanl\u0131 s\u0259hif\u0259l\u0259rini t\u0259\u015fkil edir. D\u00f6vl\u0259tin m\u0259nafeyini t\u0259m\u0259l prinsip kimi q\u0259bul ed\u0259n \u00dcmummilli Lider m\u00fcst\u0259qil Az\u0259rbaycanin memar\u0131d\u0131r.Heyd\u0259r \u018fliyev d\u00f6vr\u00fc Az\u0259rbaycan tarixinin b\u00fct\u00f6v bir epoxas\u0131n\u0131 t\u0259\u015fkil edir.Ulu \u00d6nd\u0259r Heyd\u0259r \u018fliyev Az\u0259rbaycan xalq\u0131n\u0131n v\u0259 d\u00f6vl\u0259tinin taley\u00fckl\u00fc probleml\u0259rini h\u0259ll ed\u0259n tarixi \u015f\u0259xsiyy\u0259t olmaqla yana\u015f\u0131,h\u0259m d\u0259 tarixi yaradan \u015f\u0259xsiyy\u0259tdir. Ulu \u00f6nd\u0259rin 1969-cu ild\u0259n Az\u0259rbaycana r\u0259hb\u0259rlik etdiyi d\u00f6vr xalq\u0131m\u0131z\u0131n tarixin\u0259 Heyd\u0259r \u018fliyev d\u00f6vr\u00fc kimi \u0259b\u0259di h\u0259kk olunmu\u015fdur.<br \/>\nUlu \u00d6nd\u0259r Az\u0259rbaycan r\u0259hb\u0259rliyin\u0259 qay\u0131d\u0131\u015f\u0131 il\u0259 \u00f6lk\u0259nin ictimai-siyasi, sosial, iqtisadi, elmi-m\u0259d\u0259ni h\u0259yat\u0131nda, beyn\u0259lxalq \u0259laq\u0259l\u0259rd\u0259 \u0259sl d\u00f6n\u00fc\u015f yaranm\u0131\u015f, elmi \u0259saslara, beyn\u0259lxalq norma v\u0259 prinsipl\u0259r\u0259 uy\u011fun m\u00fcst\u0259qil d\u00f6vl\u0259t quruculu\u011fu prosesi ba\u015flanm\u0131\u015fd\u0131r. Az\u0259rbaycan\u0131n m\u00fcr\u0259kk\u0259b v\u0259 taley\u00fckl\u00fc tarixi d\u00f6vr\u00fcnd\u0259 d\u00f6vl\u0259t\u0259 r\u0259hb\u0259rliyinin a\u011f\u0131r m\u0259suliyy\u0259tini \u00f6z \u00fcz\u0259rin\u0259 g\u00f6t\u00fcrm\u00fc\u015f Heyd\u0259r \u018fliyevin m\u00fcst\u0259qil d\u00f6vl\u0259t t\u0259limi v\u0259 onun ayr\u0131lmaz t\u0259rkib hiss\u0259si olan bu ideologiyan\u0131n h\u0259yata ke\u00e7irilm\u0259si m\u00fcst\u0259qil d\u00f6vl\u0259timizin bug\u00fcnk\u00fc varl\u0131\u011f\u0131n\u0131n v\u0259 g\u0259l\u0259c\u0259k inki\u015faf\u0131n\u0131n \u0259sas\u0131n\u0131 t\u0259\u015fkil edir. M\u0259hz Ulu \u00d6nd\u0259rin ikinci d\u0259f\u0259 xilaskarl\u0131q missiyas\u0131 il\u0259 hakimiyy\u0259t\u0259 d\u00f6n\u00fc\u015f\u00fcnd\u0259n sonra Az\u0259rbaycanda b\u00fct\u00fcn atributlara malik g\u00fccl\u00fc d\u00f6vl\u0259tin formala\u015fmas\u0131 prosesin\u0259 start verildi.<br \/>\nH\u0259l\u0259 sovetl\u0259r birliyi d\u00f6n\u0259mind\u0259 Heyd\u0259r \u018fliyev t\u0259r\u0259find\u0259n b\u00f6y\u00fck c\u0259sar\u0259t v\u0259 uzaqg\u00f6r\u0259nlikl\u0259 Az\u0259rbaycanda C\u0259m\u015fid Nax\u00e7\u0131vanski ad\u0131na h\u0259rbi m\u0259kt\u0259bin yarad\u0131lmas\u0131, g\u0259nc v\u0259 yeniyetm\u0259 az\u0259rbaycanl\u0131 o\u011flanlar\u0131n h\u0259min m\u0259kt\u0259b\u0259, habel\u0259 respublikadan k\u0259narda ali h\u0259rbi m\u0259kt\u0259bl\u0259r\u0259 c\u0259lb olunmas\u0131 Az\u0259rbaycan \u00fc\u00e7\u00fcn pe\u015f\u0259kar h\u0259rbi kadrlar haz\u0131rlanmas\u0131 i\u015fin\u0259 b\u00f6y\u00fck t\u0259kan vermi\u015fdi. Bel\u0259likl\u0259, Ulu \u00d6nd\u0259rin uzaqg\u00f6r\u0259nliyi say\u0259sind\u0259 g\u0259l\u0259c\u0259kd\u0259 m\u00fcst\u0259qil Az\u0259rbaycan\u0131n Milli Ordusunun formala\u015fmas\u0131 \u00fc\u00e7\u00fcn kadr probleminin h\u0259lli yolunda m\u00fch\u00fcm add\u0131m oldu.<br \/>\nAz\u0259rbaycan\u0131n milli m\u0259nafel\u0259rini qoruma\u011fa qadir olan silahl\u0131 q\u00fcvv\u0259l\u0259rin yarad\u0131lmas\u0131, torpaqlar\u0131m\u0131z\u0131n m\u00fcdafi\u0259 olunmas\u0131 il\u0259 ba\u011fl\u0131 m\u00fch\u00fcm add\u0131mlar at\u0131lma\u011fa ba\u015fland\u0131, siyasi v\u0259 diplomatik vasit\u0259l\u0259rin i\u015f\u0259 sal\u0131nmas\u0131 il\u0259 1994-c\u00fc ilin may ay\u0131nda h\u0259yati \u0259h\u0259miyy\u0259\u00f6t k\u0259sb ed\u0259n at\u0259\u015fk\u0259s elan edildi. \u201c\u018fsrin m\u00fcqavil\u0259si\u201dnin imzalanmas\u0131 Ulu \u00d6nd\u0259r Heyd\u0259r \u018fliyevin m\u00fcst\u0259qil Az\u0259rbaycan\u0131n neft strategiyas\u0131n\u0131n h\u0259yata ke\u00e7irilm\u0259sinin parlaq t\u0259zah\u00fcr\u00fcd\u00fcr. Heyd\u0259r \u018fliyevin r\u0259hb\u0259rliyi il\u0259 respublikam\u0131z Q\u0259dim \u0130p\u0259k Yolunun b\u0259rpas\u0131, Bak\u0131-Tbilisi-Ceyhan, Bak\u0131-Tbilisi-\u018frzurum neft v\u0259 qaz x\u0259tl\u0259rinin \u00e7\u0259kili\u015fi kimi qlobal layih\u0259l\u0259rin f\u0259al i\u015ftirak\u00e7\u0131s\u0131na v\u0259 t\u0259\u015f\u0259bb\u00fcskar\u0131na \u00e7evrildi.H\u0259yat\u0131n b\u00fct\u00fcn sah\u0259l\u0259rind\u0259 t\u0259r\u0259qqi v\u0259 dir\u00e7\u0259li\u015f ba\u015f verdi. Heyd\u0259r \u018fliyev \u015f\u0259xsiyy\u0259tinin xidm\u0259tl\u0259ri Az\u0259rbaycan\u0131 m\u0259hv olmaqdan qurtard\u0131, m\u00fcst\u0259qilliyimizi daimi, \u0259b\u0259di, sars\u0131lmaz v\u0259 d\u00f6nm\u0259z etdi.<br \/>\nAz\u0259rbaycan\u0131n d\u00f6vl\u0259t m\u00fcst\u0259qilliyi Ulu \u00d6nd\u0259r Heyd\u0259r \u018fliyevin ideyalar\u0131n\u0131n ba\u015fl\u0131ca qay\u0259sini t\u0259\u015fkil etmi\u015fdir. Heyd\u0259r \u018fliyevin siyasi kursunun layiqli davam\u00e7\u0131s\u0131 olan c\u0259nab \u0130lham \u018fliyevin m\u0259\u011frur v\u0259 \u0259zmkar f\u0259aliyy\u0259ti il\u0259 \u00f6lk\u0259mizin m\u00fcst\u0259qilliyi daha da m\u00f6hk\u0259ml\u0259ndi. Bu g\u00fcn Az\u0259rbaycan, tarixin \u0259n q\u00fcdr\u0259tli d\u00f6vr\u00fcn\u00fc ya\u015fay\u0131r. \u018fsas\u0131 Ulu \u00d6nd\u0259r Heyd\u0259r \u018fliyev t\u0259r\u0259find\u0259n qoyulan Milli Ordu quruculu\u011fu y\u00fcks\u0259k zirv\u0259sin\u0259 \u00e7atm\u0131\u015fd\u0131r. Az\u0259rbaycan Respublikas\u0131n\u0131n Prezidenti, Ali Ba\u015f Komandan c\u0259nab \u0130lham \u018fliyevin r\u0259hb\u0259rli il\u0259 2020-ci il sentyabr\u0131n 27-d\u0259n ba\u015flayaraq 44 g\u00fcn davam ed\u0259n z\u0259f\u0259r y\u00fcr\u00fc\u015f\u00fcnd Az\u0259rbaycan Ordusu Erm\u0259nistan\u0131n 30 il \u0259rzind\u0259 i\u015f\u011fal alt\u0131nda saxlad\u0131\u011f\u0131 tarixi \u0259razil\u0259rimizi d\u00fc\u015fm\u0259n tapda\u011f\u0131ndan azad ed\u0259r\u0259k Ulu \u00d6nd\u0259rin v\u0259siyy\u0259tini h\u0259yata ke\u00e7irdi.<br \/>\nBu Q\u0259l\u0259b\u0259nin t\u0259m\u0259lind\u0259 is\u0259 ulu \u00d6nd\u0259r Heyd\u0259r \u018fliyevin siyasi x\u0259ttin\u0259 s\u0259daq\u0259t, \u00f6lk\u0259 Prezidenti c\u0259nab \u0130lham \u018fliyevin iqtisadi y\u00fcks\u0259li\u015f\u0259 y\u00f6n\u0259lmi\u015f d\u00f6vl\u0259t\u00e7ilik m\u0259fkur\u0259si, sars\u0131lmaz siyasi irad\u0259si v\u0259 ordu quruculu\u011funa s\u0259rf etdiyi ill\u0259rin z\u0259hm\u0259ti dayan\u0131b.<br \/>\nD\u00fcnya tarixi s\u00fcbut etmi\u015fdir ki, \u015f\u0259xsiyy\u0259tl\u0259rin g\u00fcc\u00fc, a\u011fl\u0131, c\u0259sar\u0259ti, siyasi irad\u0259si v\u0259 m\u00fcdrikliyi m\u0259nsub oldu\u011fu xalq\u0131n, onun yaratd\u0131\u011f\u0131 d\u00f6vl\u0259tin h\u0259yat\u0131nda \u0259v\u0259zedilm\u0259z rola malikdir. Bel\u0259 \u015f\u0259xsiyy\u0259tl\u0259rd\u0259n biri d\u0259 Ulu \u00d6nd\u0259r Heyd\u0259r \u018fliyev idi.<br \/>\nH\u0259mi\u015f\u0259 oldu\u011fu kimi bu g\u00fcnd\u0259 b\u00fct\u00fcn xalq\u0131m\u0131zla yana\u015f\u0131 La\u00e7\u0131n rayon sakinl\u0259ri d\u0259 unudulmaz \u00fcmummilli Lider Heyd\u0259r \u018fliyevin \u0259ziz xatir\u0259sini d\u0259rin sevgi v\u0259 ehtiramla yad edirl\u0259r.<\/b><\/p>\n","protected":false},"excerpt":{"rendered":"<p>B\u0259rd\u0259 \u015f\u0259h\u0259r 10 sayl\u0131 k\u00f6rp\u0259l\u0259r evi u\u015faq ba\u011f\u00e7as\u0131n\u0131n m\u00fcdiri Leyla M\u0259mm\u0259dova\u00a0&#8211; 2003-c\u00fc ild\u0259n \u00f6t\u0259n h\u0259r il 12 dekabr tarixi xalq\u0131m\u0131z t\u0259r\u0259find\u0259n unudulmaz Ulu \u00f6nd\u0259r Heyd\u0259r \u018fliyevin an\u0131m g\u00fcn\u00fc kimi ehtiramla yad edilir. Xalq\u0131m\u0131z\u0131n q\u0259lbind\u0259 \u0259b\u0259di ya\u015fayan Ulu \u00d6nd\u0259r Heyd\u0259r \u018fliyev 1923-c\u00fc il may\u0131n 10-da Az\u0259rbaycan Respublikas\u0131n\u0131n Nax\u00e7\u0131van \u015f\u0259h\u0259rind\u0259 anadan olmu\u015fdur. 1939-cu ild\u0259 Nax\u00e7\u0131van Pedaqoji Texnikumunu bitirdikd\u0259n sonra Az\u0259rbaycan S\u0259naye \u0130nstitutunun (indiki Az\u0259rbaycan D\u00f6vl\u0259t Neft v\u0259 S\u0259naye Universiteti) memarl\u0131q fak\u00fclt\u0259sin\u0259 daxil olmu\u015f, lakin \u0130kinci D\u00fcnya m\u00fcharib\u0259sinin ba\u015flanmas\u0131 t\u0259hsilini ba\u015fa \u00e7atd\u0131rma\u011fa imkan verm\u0259mi\u015fdir. Ulu \u00f6nd\u0259r Heyd\u0259r \u018fliyev 1941-1944-c\u00fc ill\u0259rd\u0259 \u0259vv\u0259lc\u0259 Nax\u00e7\u0131van Muxtar&hellip;<\/p>\n","protected":false},"author":2,"featured_media":666385,"comment_status":"closed","ping_status":"closed","sticky":false,"template":"","format":"standard","meta":{"om_disable_all_campaigns":false,"_monsterinsights_skip_tracking":false,"_monsterinsights_sitenote_active":false,"_monsterinsights_sitenote_note":"","_monsterinsights_sitenote_category":0},"categories":[2],"tags":[],"aioseo_notices":[],"gutentor_comment":0,"rttpg_featured_image_url":{"full":["https:\/\/arantv.az\/wp-content\/uploads\/2023\/12\/1700742841_img-20231123-wa0043.jpg",450,450,false],"landscape":["https:\/\/arantv.az\/wp-content\/uploads\/2023\/12\/1700742841_img-20231123-wa0043.jpg",450,450,false],"portraits":["https:\/\/arantv.az\/wp-content\/uploads\/2023\/12\/1700742841_img-20231123-wa0043.jpg",450,450,false],"thumbnail":["https:\/\/arantv.az\/wp-content\/uploads\/2023\/12\/1700742841_img-20231123-wa0043-450x280.jpg",450,280,true],"medium":["https:\/\/arantv.az\/wp-content\/uploads\/2023\/12\/1700742841_img-20231123-wa0043-365x365.jpg",365,365,true],"large":["https:\/\/arantv.az\/wp-content\/uploads\/2023\/12\/1700742841_img-20231123-wa0043.jpg",450,450,false],"1536x1536":["https:\/\/arantv.az\/wp-content\/uploads\/2023\/12\/1700742841_img-20231123-wa0043.jpg",450,450,false],"2048x2048":["https:\/\/arantv.az\/wp-content\/uploads\/2023\/12\/1700742841_img-20231123-wa0043.jpg",450,450,false],"post-thumbnail":["https:\/\/arantv.az\/wp-content\/uploads\/2023\/12\/1700742841_img-20231123-wa0043-240x172.jpg",240,172,true],"advps-thumb-one":["https:\/\/arantv.az\/wp-content\/uploads\/2023\/12\/1700742841_img-20231123-wa0043.jpg",450,450,false]},"rttpg_author":{"display_name":"V\u00fcsal Rafiqo\u011flu","author_link":"https:\/\/arantv.az\/?author=2"},"rttpg_comment":0,"rttpg_category":"<a href=\"https:\/\/arantv.az\/?cat=2\" rel=\"category\">Region X\u0259b\u0259rl\u0259ri<\/a>","rttpg_excerpt":"B\u0259rd\u0259 \u015f\u0259h\u0259r 10 sayl\u0131 k\u00f6rp\u0259l\u0259r evi u\u015faq ba\u011f\u00e7as\u0131n\u0131n m\u00fcdiri Leyla M\u0259mm\u0259dova\u00a0&#8211; 2003-c\u00fc ild\u0259n \u00f6t\u0259n h\u0259r il 12 dekabr tarixi xalq\u0131m\u0131z t\u0259r\u0259find\u0259n unudulmaz Ulu \u00f6nd\u0259r Heyd\u0259r \u018fliyevin an\u0131m g\u00fcn\u00fc kimi ehtiramla yad edilir. Xalq\u0131m\u0131z\u0131n q\u0259lbind\u0259 \u0259b\u0259di ya\u015fayan Ulu \u00d6nd\u0259r Heyd\u0259r \u018fliyev 1923-c\u00fc il may\u0131n 10-da Az\u0259rbaycan Respublikas\u0131n\u0131n Nax\u00e7\u0131van \u015f\u0259h\u0259rind\u0259 anadan olmu\u015fdur. 1939-cu ild\u0259 Nax\u00e7\u0131van Pedaqoji Texnikumunu&hellip;","_links":{"self":[{"href":"https:\/\/arantv.az\/index.php?rest_route=\/wp\/v2\/posts\/666299"}],"collection":[{"href":"https:\/\/arantv.az\/index.php?rest_route=\/wp\/v2\/posts"}],"about":[{"href":"https:\/\/arantv.az\/index.php?rest_route=\/wp\/v2\/types\/post"}],"author":[{"embeddable":true,"href":"https:\/\/arantv.az\/index.php?rest_route=\/wp\/v2\/users\/2"}],"replies":[{"embeddable":true,"href":"https:\/\/arantv.az\/index.php?rest_route=%2Fwp%2Fv2%2Fcomments&post=666299"}],"version-history":[{"count":0,"href":"https:\/\/arantv.az\/index.php?rest_route=\/wp\/v2\/posts\/666299\/revisions"}],"wp:featuredmedia":[{"embeddable":true,"href":"https:\/\/arantv.az\/index.php?rest_route=\/wp\/v2\/media\/666385"}],"wp:attachment":[{"href":"https:\/\/arantv.az\/index.php?rest_route=%2Fwp%2Fv2%2Fmedia&parent=666299"}],"wp:term":[{"taxonomy":"category","embeddable":true,"href":"https:\/\/arantv.az\/index.php?rest_route=%2Fwp%2Fv2%2Fcategories&post=666299"},{"taxonomy":"post_tag","embeddable":true,"href":"https:\/\/arantv.az\/index.php?rest_route=%2Fwp%2Fv2%2Ftags&post=666299"}],"curies":[{"name":"wp","href":"https:\/\/api.w.org\/{rel}","templated":true}]}}