{"id":666304,"date":"2023-12-08T18:08:44","date_gmt":"2023-12-08T14:08:44","guid":{"rendered":"https:\/\/arantv.az\/?p=666304"},"modified":"2023-12-08T18:08:44","modified_gmt":"2023-12-08T14:08:44","slug":"az%c9%99rbaycan-sankt-peterburqda-keciril%c9%99c%c9%99k-iv-avrasiya-qadinlar-forumuna-d%c9%99v%c9%99t-olunub","status":"publish","type":"post","link":"https:\/\/arantv.az\/?p=666304","title":{"rendered":"Az\u0259rbaycan Sankt-Peterburqda ke\u00e7iril\u0259c\u0259k IV Avrasiya Qad\u0131nlar Forumuna d\u0259v\u0259t olunub"},"content":{"rendered":"<p>Az\u0259rbaycan 2024-c\u00fc il sentyabr\u0131n 18-20-d\u0259 Sankt-Peterburqda ke\u00e7iril\u0259c\u0259k IV Avrasiya Qad\u0131nlar Forumuna d\u0259v\u0259t olunub.<\/p>\n<p>\u201cReport\u201d x\u0259b\u0259r verir ki, bu bar\u0259d\u0259 Rusiya Federasiya \u015euras\u0131n\u0131n s\u0259drinin birinci m\u00fcavini Andrey Yatskin Bak\u0131da Az\u0259rbaycan Milli M\u0259clisi il\u0259 Rusiya Federasiya \u015euras\u0131 aras\u0131nda ikit\u0259r\u0259fli \u0259m\u0259kda\u015fl\u0131q \u00fczr\u0259 parlamentl\u0259raras\u0131 komissiyan\u0131n 20-ci yubiley iclas\u0131nda \u00e7\u0131x\u0131\u015f\u0131 zaman\u0131 m\u0259lumat verib.<\/p>\n<p>\u201cAvrasiya Qad\u0131nlar Forumu m\u00fcasir c\u0259miyy\u0259td\u0259 qad\u0131nlar\u0131n rolunun m\u00fczakir\u0259si \u00fc\u00e7\u00fcn \u0259n b\u00f6y\u00fck n\u00fcfuzlu beyn\u0259lxalq platformad\u0131r. Birinci forum 2015-ci ild\u0259 ba\u015f tutub v\u0259 qlobal xarakter da\u015f\u0131y\u0131b. Biz dost Az\u0259rbaycan\u0131 n\u00f6vb\u0259ti, d\u00f6rd\u00fcnc\u00fc foruma d\u0259v\u0259t edirik\u201d, &#8211; o bildirib.<\/p>\n","protected":false},"excerpt":{"rendered":"<p>Az\u0259rbaycan 2024-c\u00fc il sentyabr\u0131n 18-20-d\u0259 Sankt-Peterburqda ke\u00e7iril\u0259c\u0259k IV Avrasiya Qad\u0131nlar Forumuna d\u0259v\u0259t olunub. \u201cReport\u201d x\u0259b\u0259r verir ki, bu bar\u0259d\u0259 Rusiya Federasiya \u015euras\u0131n\u0131n s\u0259drinin birinci m\u00fcavini Andrey Yatskin Bak\u0131da Az\u0259rbaycan Milli M\u0259clisi il\u0259 Rusiya Federasiya \u015euras\u0131 aras\u0131nda ikit\u0259r\u0259fli \u0259m\u0259kda\u015fl\u0131q \u00fczr\u0259 parlamentl\u0259raras\u0131 komissiyan\u0131n 20-ci yubiley iclas\u0131nda \u00e7\u0131x\u0131\u015f\u0131 zaman\u0131 m\u0259lumat verib. \u201cAvrasiya Qad\u0131nlar Forumu m\u00fcasir c\u0259miyy\u0259td\u0259 qad\u0131nlar\u0131n rolunun m\u00fczakir\u0259si \u00fc\u00e7\u00fcn \u0259n b\u00f6y\u00fck n\u00fcfuzlu beyn\u0259lxalq platformad\u0131r. Birinci forum 2015-ci ild\u0259 ba\u015f tutub v\u0259 qlobal xarakter da\u015f\u0131y\u0131b. Biz dost Az\u0259rbaycan\u0131 n\u00f6vb\u0259ti, d\u00f6rd\u00fcnc\u00fc foruma d\u0259v\u0259t edirik\u201d, &#8211; o bildirib.<\/p>\n","protected":false},"author":2,"featured_media":666305,"comment_status":"closed","ping_status":"closed","sticky":false,"template":"","format":"standard","meta":{"om_disable_all_campaigns":false,"_monsterinsights_skip_tracking":false,"_monsterinsights_sitenote_active":false,"_monsterinsights_sitenote_note":"","_monsterinsights_sitenote_category":0},"categories":[1],"tags":[],"aioseo_notices":[],"gutentor_comment":0,"rttpg_featured_image_url":{"full":["https:\/\/arantv.az\/wp-content\/uploads\/2023\/12\/b04a88e8-8120-31d9-8812-beef41ade546_850.jpg",620,413,false],"landscape":["https:\/\/arantv.az\/wp-content\/uploads\/2023\/12\/b04a88e8-8120-31d9-8812-beef41ade546_850.jpg",620,413,false],"portraits":["https:\/\/arantv.az\/wp-content\/uploads\/2023\/12\/b04a88e8-8120-31d9-8812-beef41ade546_850.jpg",620,413,false],"thumbnail":["https:\/\/arantv.az\/wp-content\/uploads\/2023\/12\/b04a88e8-8120-31d9-8812-beef41ade546_850-500x280.jpg",500,280,true],"medium":["https:\/\/arantv.az\/wp-content\/uploads\/2023\/12\/b04a88e8-8120-31d9-8812-beef41ade546_850-548x365.jpg",548,365,true],"large":["https:\/\/arantv.az\/wp-content\/uploads\/2023\/12\/b04a88e8-8120-31d9-8812-beef41ade546_850.jpg",620,413,false],"1536x1536":["https:\/\/arantv.az\/wp-content\/uploads\/2023\/12\/b04a88e8-8120-31d9-8812-beef41ade546_850.jpg",620,413,false],"2048x2048":["https:\/\/arantv.az\/wp-content\/uploads\/2023\/12\/b04a88e8-8120-31d9-8812-beef41ade546_850.jpg",620,413,false],"post-thumbnail":["https:\/\/arantv.az\/wp-content\/uploads\/2023\/12\/b04a88e8-8120-31d9-8812-beef41ade546_850-240x172.jpg",240,172,true],"advps-thumb-one":["https:\/\/arantv.az\/wp-content\/uploads\/2023\/12\/b04a88e8-8120-31d9-8812-beef41ade546_850.jpg",620,413,false]},"rttpg_author":{"display_name":"V\u00fcsal Rafiqo\u011flu","author_link":"https:\/\/arantv.az\/?author=2"},"rttpg_comment":0,"rttpg_category":"<a href=\"https:\/\/arantv.az\/?cat=1\" rel=\"category\">C\u0259miyy\u0259t<\/a>","rttpg_excerpt":"Az\u0259rbaycan 2024-c\u00fc il sentyabr\u0131n 18-20-d\u0259 Sankt-Peterburqda ke\u00e7iril\u0259c\u0259k IV Avrasiya Qad\u0131nlar Forumuna d\u0259v\u0259t olunub. \u201cReport\u201d x\u0259b\u0259r verir ki, bu bar\u0259d\u0259 Rusiya Federasiya \u015euras\u0131n\u0131n s\u0259drinin birinci m\u00fcavini Andrey Yatskin Bak\u0131da Az\u0259rbaycan Milli M\u0259clisi il\u0259 Rusiya Federasiya \u015euras\u0131 aras\u0131nda ikit\u0259r\u0259fli \u0259m\u0259kda\u015fl\u0131q \u00fczr\u0259 parlamentl\u0259raras\u0131 komissiyan\u0131n 20-ci yubiley iclas\u0131nda \u00e7\u0131x\u0131\u015f\u0131 zaman\u0131 m\u0259lumat verib. \u201cAvrasiya Qad\u0131nlar Forumu m\u00fcasir c\u0259miyy\u0259td\u0259 qad\u0131nlar\u0131n rolunun&hellip;","_links":{"self":[{"href":"https:\/\/arantv.az\/index.php?rest_route=\/wp\/v2\/posts\/666304"}],"collection":[{"href":"https:\/\/arantv.az\/index.php?rest_route=\/wp\/v2\/posts"}],"about":[{"href":"https:\/\/arantv.az\/index.php?rest_route=\/wp\/v2\/types\/post"}],"author":[{"embeddable":true,"href":"https:\/\/arantv.az\/index.php?rest_route=\/wp\/v2\/users\/2"}],"replies":[{"embeddable":true,"href":"https:\/\/arantv.az\/index.php?rest_route=%2Fwp%2Fv2%2Fcomments&post=666304"}],"version-history":[{"count":0,"href":"https:\/\/arantv.az\/index.php?rest_route=\/wp\/v2\/posts\/666304\/revisions"}],"wp:featuredmedia":[{"embeddable":true,"href":"https:\/\/arantv.az\/index.php?rest_route=\/wp\/v2\/media\/666305"}],"wp:attachment":[{"href":"https:\/\/arantv.az\/index.php?rest_route=%2Fwp%2Fv2%2Fmedia&parent=666304"}],"wp:term":[{"taxonomy":"category","embeddable":true,"href":"https:\/\/arantv.az\/index.php?rest_route=%2Fwp%2Fv2%2Fcategories&post=666304"},{"taxonomy":"post_tag","embeddable":true,"href":"https:\/\/arantv.az\/index.php?rest_route=%2Fwp%2Fv2%2Ftags&post=666304"}],"curies":[{"name":"wp","href":"https:\/\/api.w.org\/{rel}","templated":true}]}}