{"id":666310,"date":"2023-12-08T18:09:46","date_gmt":"2023-12-08T14:09:46","guid":{"rendered":"https:\/\/arantv.az\/?p=666310"},"modified":"2023-12-08T18:09:46","modified_gmt":"2023-12-08T14:09:46","slug":"federasiya-surasi-az%c9%99rbaycan-rusiya-munasib%c9%99tl%c9%99ri-%c9%99n-yuks%c9%99k-s%c9%99viyy%c9%99d%c9%99dir","status":"publish","type":"post","link":"https:\/\/arantv.az\/?p=666310","title":{"rendered":"Federasiya \u015euras\u0131: \u201cAz\u0259rbaycan-Rusiya m\u00fcnasib\u0259tl\u0259ri \u0259n y\u00fcks\u0259k s\u0259viyy\u0259d\u0259dir\u201d"},"content":{"rendered":"<p>\u201cRusiya-Az\u0259rbaycan m\u00fcnasib\u0259tl\u0259ri \u0259n y\u00fcks\u0259k s\u0259viyy\u0259d\u0259dir\u201d.<\/p>\n<p>\u201cReport\u201d x\u0259b\u0259r verir ki, bunu Rusiya Federasiya \u015euras\u0131n\u0131n s\u0259drinin birinci m\u00fcavini Andrey Yatskin Bak\u0131da Az\u0259rbaycan Milli M\u0259clisi il\u0259 Rusiya Federasiya \u015euras\u0131 aras\u0131nda ikit\u0259r\u0259fli \u0259m\u0259kda\u015fl\u0131q \u00fczr\u0259 parlamentl\u0259raras\u0131 komissiyan\u0131n 20-ci yubiley iclas\u0131nda deyib.<\/p>\n<p>\u201cBiz bu \u0259laq\u0259l\u0259rin intensivl\u0259\u015fdirilm\u0259sin\u0259 x\u00fcsusi \u00f6n\u0259m veririk. Biz h\u0259m parlamentl\u0259raras\u0131, h\u0259m d\u0259 ondan k\u0259narda \u0259m\u0259kda\u015fl\u0131\u011f\u0131m\u0131z\u0131 g\u00fccl\u0259ndiririk\u201d, &#8211; A.Yatskin bildirib.<\/p>\n<p>O, Az\u0259rbaycan il\u0259 Rusiya aras\u0131nda ticar\u0259t d\u00f6vriyy\u0259sinin artd\u0131\u011f\u0131n\u0131 qeyd edib:<\/p>\n<p>\u201cRegionlar\u0131n \u0259m\u0259kda\u015fl\u0131q etm\u0259k ist\u0259yi daha da art\u0131r. N\u0259qliyyat sektorunda \u0259m\u0259kda\u015fl\u0131q iki \u00f6lk\u0259nin iqtisadiyyat\u0131 \u00fc\u00e7\u00fcn \u00e7ox vacibdir\u201d.<\/p>\n","protected":false},"excerpt":{"rendered":"<p>\u201cRusiya-Az\u0259rbaycan m\u00fcnasib\u0259tl\u0259ri \u0259n y\u00fcks\u0259k s\u0259viyy\u0259d\u0259dir\u201d. \u201cReport\u201d x\u0259b\u0259r verir ki, bunu Rusiya Federasiya \u015euras\u0131n\u0131n s\u0259drinin birinci m\u00fcavini Andrey Yatskin Bak\u0131da Az\u0259rbaycan Milli M\u0259clisi il\u0259 Rusiya Federasiya \u015euras\u0131 aras\u0131nda ikit\u0259r\u0259fli \u0259m\u0259kda\u015fl\u0131q \u00fczr\u0259 parlamentl\u0259raras\u0131 komissiyan\u0131n 20-ci yubiley iclas\u0131nda deyib. \u201cBiz bu \u0259laq\u0259l\u0259rin intensivl\u0259\u015fdirilm\u0259sin\u0259 x\u00fcsusi \u00f6n\u0259m veririk. Biz h\u0259m parlamentl\u0259raras\u0131, h\u0259m d\u0259 ondan k\u0259narda \u0259m\u0259kda\u015fl\u0131\u011f\u0131m\u0131z\u0131 g\u00fccl\u0259ndiririk\u201d, &#8211; A.Yatskin bildirib. O, Az\u0259rbaycan il\u0259 Rusiya aras\u0131nda ticar\u0259t d\u00f6vriyy\u0259sinin artd\u0131\u011f\u0131n\u0131 qeyd edib: \u201cRegionlar\u0131n \u0259m\u0259kda\u015fl\u0131q etm\u0259k ist\u0259yi daha da art\u0131r. N\u0259qliyyat sektorunda \u0259m\u0259kda\u015fl\u0131q iki \u00f6lk\u0259nin iqtisadiyyat\u0131 \u00fc\u00e7\u00fcn \u00e7ox vacibdir\u201d.<\/p>\n","protected":false},"author":2,"featured_media":666311,"comment_status":"closed","ping_status":"closed","sticky":false,"template":"","format":"standard","meta":{"om_disable_all_campaigns":false,"_monsterinsights_skip_tracking":false,"_monsterinsights_sitenote_active":false,"_monsterinsights_sitenote_note":"","_monsterinsights_sitenote_category":0},"categories":[4],"tags":[],"aioseo_notices":[],"gutentor_comment":0,"rttpg_featured_image_url":{"full":["https:\/\/arantv.az\/wp-content\/uploads\/2023\/12\/7db4827b-ad07-3f8f-b328-ee80a496f434_850.jpg",620,413,false],"landscape":["https:\/\/arantv.az\/wp-content\/uploads\/2023\/12\/7db4827b-ad07-3f8f-b328-ee80a496f434_850.jpg",620,413,false],"portraits":["https:\/\/arantv.az\/wp-content\/uploads\/2023\/12\/7db4827b-ad07-3f8f-b328-ee80a496f434_850.jpg",620,413,false],"thumbnail":["https:\/\/arantv.az\/wp-content\/uploads\/2023\/12\/7db4827b-ad07-3f8f-b328-ee80a496f434_850-500x280.jpg",500,280,true],"medium":["https:\/\/arantv.az\/wp-content\/uploads\/2023\/12\/7db4827b-ad07-3f8f-b328-ee80a496f434_850-548x365.jpg",548,365,true],"large":["https:\/\/arantv.az\/wp-content\/uploads\/2023\/12\/7db4827b-ad07-3f8f-b328-ee80a496f434_850.jpg",620,413,false],"1536x1536":["https:\/\/arantv.az\/wp-content\/uploads\/2023\/12\/7db4827b-ad07-3f8f-b328-ee80a496f434_850.jpg",620,413,false],"2048x2048":["https:\/\/arantv.az\/wp-content\/uploads\/2023\/12\/7db4827b-ad07-3f8f-b328-ee80a496f434_850.jpg",620,413,false],"post-thumbnail":["https:\/\/arantv.az\/wp-content\/uploads\/2023\/12\/7db4827b-ad07-3f8f-b328-ee80a496f434_850-240x172.jpg",240,172,true],"advps-thumb-one":["https:\/\/arantv.az\/wp-content\/uploads\/2023\/12\/7db4827b-ad07-3f8f-b328-ee80a496f434_850.jpg",620,413,false]},"rttpg_author":{"display_name":"V\u00fcsal Rafiqo\u011flu","author_link":"https:\/\/arantv.az\/?author=2"},"rttpg_comment":0,"rttpg_category":"<a href=\"https:\/\/arantv.az\/?cat=4\" rel=\"category\">Siyas\u0259t<\/a>","rttpg_excerpt":"\u201cRusiya-Az\u0259rbaycan m\u00fcnasib\u0259tl\u0259ri \u0259n y\u00fcks\u0259k s\u0259viyy\u0259d\u0259dir\u201d. \u201cReport\u201d x\u0259b\u0259r verir ki, bunu Rusiya Federasiya \u015euras\u0131n\u0131n s\u0259drinin birinci m\u00fcavini Andrey Yatskin Bak\u0131da Az\u0259rbaycan Milli M\u0259clisi il\u0259 Rusiya Federasiya \u015euras\u0131 aras\u0131nda ikit\u0259r\u0259fli \u0259m\u0259kda\u015fl\u0131q \u00fczr\u0259 parlamentl\u0259raras\u0131 komissiyan\u0131n 20-ci yubiley iclas\u0131nda deyib. \u201cBiz bu \u0259laq\u0259l\u0259rin intensivl\u0259\u015fdirilm\u0259sin\u0259 x\u00fcsusi \u00f6n\u0259m veririk. Biz h\u0259m parlamentl\u0259raras\u0131, h\u0259m d\u0259 ondan k\u0259narda \u0259m\u0259kda\u015fl\u0131\u011f\u0131m\u0131z\u0131 g\u00fccl\u0259ndiririk\u201d, &#8211; A.Yatskin bildirib.&hellip;","_links":{"self":[{"href":"https:\/\/arantv.az\/index.php?rest_route=\/wp\/v2\/posts\/666310"}],"collection":[{"href":"https:\/\/arantv.az\/index.php?rest_route=\/wp\/v2\/posts"}],"about":[{"href":"https:\/\/arantv.az\/index.php?rest_route=\/wp\/v2\/types\/post"}],"author":[{"embeddable":true,"href":"https:\/\/arantv.az\/index.php?rest_route=\/wp\/v2\/users\/2"}],"replies":[{"embeddable":true,"href":"https:\/\/arantv.az\/index.php?rest_route=%2Fwp%2Fv2%2Fcomments&post=666310"}],"version-history":[{"count":0,"href":"https:\/\/arantv.az\/index.php?rest_route=\/wp\/v2\/posts\/666310\/revisions"}],"wp:featuredmedia":[{"embeddable":true,"href":"https:\/\/arantv.az\/index.php?rest_route=\/wp\/v2\/media\/666311"}],"wp:attachment":[{"href":"https:\/\/arantv.az\/index.php?rest_route=%2Fwp%2Fv2%2Fmedia&parent=666310"}],"wp:term":[{"taxonomy":"category","embeddable":true,"href":"https:\/\/arantv.az\/index.php?rest_route=%2Fwp%2Fv2%2Fcategories&post=666310"},{"taxonomy":"post_tag","embeddable":true,"href":"https:\/\/arantv.az\/index.php?rest_route=%2Fwp%2Fv2%2Ftags&post=666310"}],"curies":[{"name":"wp","href":"https:\/\/api.w.org\/{rel}","templated":true}]}}