{"id":666324,"date":"2023-12-08T18:12:26","date_gmt":"2023-12-08T14:12:26","guid":{"rendered":"https:\/\/arantv.az\/?p=666324"},"modified":"2023-12-08T18:12:26","modified_gmt":"2023-12-08T14:12:26","slug":"tdt-az%c9%99rbaycan-v%c9%99-erm%c9%99nistanin-birg%c9%99-aciqlamasini-alqislayib","status":"publish","type":"post","link":"https:\/\/arantv.az\/?p=666324","title":{"rendered":"TDT Az\u0259rbaycan v\u0259 Erm\u0259nistan\u0131n birg\u0259 a\u00e7\u0131qlamas\u0131n\u0131 alq\u0131\u015flay\u0131b"},"content":{"rendered":"<p>T\u00fcrk D\u00f6vl\u0259tl\u0259ri T\u0259\u015fkilat\u0131n\u0131n (TDT) ba\u015f katibi Kuban\u00e7\u0131k \u00d6mural\u0131iyev Az\u0259rbaycan v\u0259 Erm\u0259nistan\u0131n dekabr\u0131n 7-d\u0259 yayd\u0131\u011f\u0131 birg\u0259 a\u00e7\u0131qlaman\u0131 alq\u0131\u015flay\u0131b.<\/p>\n<p>Bu bar\u0259d\u0259 TDT m\u0259lumat yay\u0131b.<\/p>\n<p>\u201cBirg\u0259 a\u00e7\u0131qlama regionda davaml\u0131 s\u00fclh\u00fcn t\u0259min edilm\u0259si istiqam\u0259tind\u0259 m\u00fch\u00fcm add\u0131md\u0131r\u201d, &#8211; m\u0259lumatda bildirilib.<\/p>\n<p>Qeyd olunub ki, bu, iki \u00f6lk\u0259nin suverenlik v\u0259 \u0259razi b\u00fct\u00f6vl\u00fcy\u00fc prinsipl\u0259rin\u0259 h\u00f6rm\u0259t \u0259sas\u0131nda s\u00fclh m\u00fcqavil\u0259sinin \u0259ld\u0259 olunmas\u0131na g\u0259tirib \u00e7\u0131xaracaq birba\u015fa dialoq yolunda at\u0131lan ilk add\u0131md\u0131r.<\/p>\n<p>H\u0259m\u00e7inin bildirilib ki, a\u00e7\u0131qlama m\u00fcnasib\u0259tl\u0259rin normalla\u015fd\u0131r\u0131lmas\u0131 istiqam\u0259tind\u0259 konkret add\u0131mlar atmaq irad\u0259sinin t\u0259zah\u00fcr\u00fcd\u00fcr.<\/p>\n<p>Qeyd ed\u0259k ki, dekabr\u0131n 7-d\u0259 Az\u0259rbaycan Respublikas\u0131 Prezidentinin Administrasiyas\u0131 v\u0259 Erm\u0259nistan Respublikas\u0131 ba\u015f nazirinin aparat\u0131 birg\u0259 a\u00e7\u0131qlama yayaraq, bir s\u0131ra raz\u0131l\u0131qlar\u0131n \u0259ld\u0259 olunmas\u0131n\u0131 elan edibl\u0259r. Bel\u0259 ki, Az\u0259rbaycan 32 erm\u0259ni h\u0259rb\u00e7ini azad edir, Erm\u0259nistan is\u0259 \u00f6z n\u00f6vb\u0259sind\u0259 2 az\u0259rbaycanl\u0131 h\u0259rb\u00e7ini azad edir. Bundan ba\u015fqa Erm\u0259nistan BMT-nin \u0130qlim D\u0259yi\u015fm\u0259l\u0259ri \u00fczr\u0259 \u00c7\u0259r\u00e7iv\u0259 Konvensiyas\u0131na T\u0259r\u0259f D\u00f6vl\u0259tl\u0259rin 29-cu Konfrans\u0131na (COP29) ev sahibliyin\u0259 \u00f6z namiz\u0259dliyini geri g\u00f6t\u00fcr\u0259r\u0259k, Az\u0259rbaycan\u0131n namiz\u0259dliyini d\u0259st\u0259kl\u0259yir. Az\u0259rbaycan is\u0259 Erm\u0259nistan\u0131n \u015e\u0259rqi Avropa Qrupundan COP-un B\u00fcro \u00fczvl\u00fcy\u00fcn\u0259 namiz\u0259dliyini d\u0259st\u0259kl\u0259yir.<\/p>\n","protected":false},"excerpt":{"rendered":"<p>T\u00fcrk D\u00f6vl\u0259tl\u0259ri T\u0259\u015fkilat\u0131n\u0131n (TDT) ba\u015f katibi Kuban\u00e7\u0131k \u00d6mural\u0131iyev Az\u0259rbaycan v\u0259 Erm\u0259nistan\u0131n dekabr\u0131n 7-d\u0259 yayd\u0131\u011f\u0131 birg\u0259 a\u00e7\u0131qlaman\u0131 alq\u0131\u015flay\u0131b. Bu bar\u0259d\u0259 TDT m\u0259lumat yay\u0131b. \u201cBirg\u0259 a\u00e7\u0131qlama regionda davaml\u0131 s\u00fclh\u00fcn t\u0259min edilm\u0259si istiqam\u0259tind\u0259 m\u00fch\u00fcm add\u0131md\u0131r\u201d, &#8211; m\u0259lumatda bildirilib. Qeyd olunub ki, bu, iki \u00f6lk\u0259nin suverenlik v\u0259 \u0259razi b\u00fct\u00f6vl\u00fcy\u00fc prinsipl\u0259rin\u0259 h\u00f6rm\u0259t \u0259sas\u0131nda s\u00fclh m\u00fcqavil\u0259sinin \u0259ld\u0259 olunmas\u0131na g\u0259tirib \u00e7\u0131xaracaq birba\u015fa dialoq yolunda at\u0131lan ilk add\u0131md\u0131r. H\u0259m\u00e7inin bildirilib ki, a\u00e7\u0131qlama m\u00fcnasib\u0259tl\u0259rin normalla\u015fd\u0131r\u0131lmas\u0131 istiqam\u0259tind\u0259 konkret add\u0131mlar atmaq irad\u0259sinin t\u0259zah\u00fcr\u00fcd\u00fcr. Qeyd ed\u0259k ki, dekabr\u0131n 7-d\u0259 Az\u0259rbaycan Respublikas\u0131 Prezidentinin Administrasiyas\u0131 v\u0259 Erm\u0259nistan Respublikas\u0131 ba\u015f nazirinin aparat\u0131 birg\u0259 a\u00e7\u0131qlama yayaraq,&hellip;<\/p>\n","protected":false},"author":2,"featured_media":666328,"comment_status":"closed","ping_status":"closed","sticky":false,"template":"","format":"standard","meta":{"om_disable_all_campaigns":false,"_monsterinsights_skip_tracking":false,"_monsterinsights_sitenote_active":false,"_monsterinsights_sitenote_note":"","_monsterinsights_sitenote_category":0},"categories":[4],"tags":[],"aioseo_notices":[],"gutentor_comment":0,"rttpg_featured_image_url":{"full":["https:\/\/arantv.az\/wp-content\/uploads\/2023\/12\/8fda8d45-3ebd-3de7-a907-4b4915e87278_850.jpg",620,413,false],"landscape":["https:\/\/arantv.az\/wp-content\/uploads\/2023\/12\/8fda8d45-3ebd-3de7-a907-4b4915e87278_850.jpg",620,413,false],"portraits":["https:\/\/arantv.az\/wp-content\/uploads\/2023\/12\/8fda8d45-3ebd-3de7-a907-4b4915e87278_850.jpg",620,413,false],"thumbnail":["https:\/\/arantv.az\/wp-content\/uploads\/2023\/12\/8fda8d45-3ebd-3de7-a907-4b4915e87278_850-500x280.jpg",500,280,true],"medium":["https:\/\/arantv.az\/wp-content\/uploads\/2023\/12\/8fda8d45-3ebd-3de7-a907-4b4915e87278_850-548x365.jpg",548,365,true],"large":["https:\/\/arantv.az\/wp-content\/uploads\/2023\/12\/8fda8d45-3ebd-3de7-a907-4b4915e87278_850.jpg",620,413,false],"1536x1536":["https:\/\/arantv.az\/wp-content\/uploads\/2023\/12\/8fda8d45-3ebd-3de7-a907-4b4915e87278_850.jpg",620,413,false],"2048x2048":["https:\/\/arantv.az\/wp-content\/uploads\/2023\/12\/8fda8d45-3ebd-3de7-a907-4b4915e87278_850.jpg",620,413,false],"post-thumbnail":["https:\/\/arantv.az\/wp-content\/uploads\/2023\/12\/8fda8d45-3ebd-3de7-a907-4b4915e87278_850-240x172.jpg",240,172,true],"advps-thumb-one":["https:\/\/arantv.az\/wp-content\/uploads\/2023\/12\/8fda8d45-3ebd-3de7-a907-4b4915e87278_850.jpg",620,413,false]},"rttpg_author":{"display_name":"V\u00fcsal Rafiqo\u011flu","author_link":"https:\/\/arantv.az\/?author=2"},"rttpg_comment":0,"rttpg_category":"<a href=\"https:\/\/arantv.az\/?cat=4\" rel=\"category\">Siyas\u0259t<\/a>","rttpg_excerpt":"T\u00fcrk D\u00f6vl\u0259tl\u0259ri T\u0259\u015fkilat\u0131n\u0131n (TDT) ba\u015f katibi Kuban\u00e7\u0131k \u00d6mural\u0131iyev Az\u0259rbaycan v\u0259 Erm\u0259nistan\u0131n dekabr\u0131n 7-d\u0259 yayd\u0131\u011f\u0131 birg\u0259 a\u00e7\u0131qlaman\u0131 alq\u0131\u015flay\u0131b. Bu bar\u0259d\u0259 TDT m\u0259lumat yay\u0131b. \u201cBirg\u0259 a\u00e7\u0131qlama regionda davaml\u0131 s\u00fclh\u00fcn t\u0259min edilm\u0259si istiqam\u0259tind\u0259 m\u00fch\u00fcm add\u0131md\u0131r\u201d, &#8211; m\u0259lumatda bildirilib. Qeyd olunub ki, bu, iki \u00f6lk\u0259nin suverenlik v\u0259 \u0259razi b\u00fct\u00f6vl\u00fcy\u00fc prinsipl\u0259rin\u0259 h\u00f6rm\u0259t \u0259sas\u0131nda s\u00fclh m\u00fcqavil\u0259sinin \u0259ld\u0259 olunmas\u0131na g\u0259tirib \u00e7\u0131xaracaq birba\u015fa&hellip;","_links":{"self":[{"href":"https:\/\/arantv.az\/index.php?rest_route=\/wp\/v2\/posts\/666324"}],"collection":[{"href":"https:\/\/arantv.az\/index.php?rest_route=\/wp\/v2\/posts"}],"about":[{"href":"https:\/\/arantv.az\/index.php?rest_route=\/wp\/v2\/types\/post"}],"author":[{"embeddable":true,"href":"https:\/\/arantv.az\/index.php?rest_route=\/wp\/v2\/users\/2"}],"replies":[{"embeddable":true,"href":"https:\/\/arantv.az\/index.php?rest_route=%2Fwp%2Fv2%2Fcomments&post=666324"}],"version-history":[{"count":0,"href":"https:\/\/arantv.az\/index.php?rest_route=\/wp\/v2\/posts\/666324\/revisions"}],"wp:featuredmedia":[{"embeddable":true,"href":"https:\/\/arantv.az\/index.php?rest_route=\/wp\/v2\/media\/666328"}],"wp:attachment":[{"href":"https:\/\/arantv.az\/index.php?rest_route=%2Fwp%2Fv2%2Fmedia&parent=666324"}],"wp:term":[{"taxonomy":"category","embeddable":true,"href":"https:\/\/arantv.az\/index.php?rest_route=%2Fwp%2Fv2%2Fcategories&post=666324"},{"taxonomy":"post_tag","embeddable":true,"href":"https:\/\/arantv.az\/index.php?rest_route=%2Fwp%2Fv2%2Ftags&post=666324"}],"curies":[{"name":"wp","href":"https:\/\/api.w.org\/{rel}","templated":true}]}}