{"id":666327,"date":"2023-12-08T18:13:24","date_gmt":"2023-12-08T14:13:24","guid":{"rendered":"https:\/\/arantv.az\/?p=666327"},"modified":"2023-12-08T18:13:24","modified_gmt":"2023-12-08T14:13:24","slug":"c%c9%99sar%c9%99t-valehov-v%c9%99zif%c9%99sind%c9%99n-azad-edildi","status":"publish","type":"post","link":"https:\/\/arantv.az\/?p=666327","title":{"rendered":"C\u0259sar\u0259t Valehov v\u0259zif\u0259sind\u0259n azad edildi"},"content":{"rendered":"<p>Elm v\u0259 T\u0259hsil Nazirliyinin \u0130ctimaiyy\u0259tl\u0259 \u0259laq\u0259l\u0259r sektorunun m\u00fcdiri C\u0259sar\u0259t Valehov v\u0259zif\u0259sind\u0259n azad olunub.<\/p>\n<p><strong>ARANTV.AZ<\/strong>-\u0131n m\u0259lumat\u0131na g\u00f6r\u0259, bu bar\u0259d\u0259 elm v\u0259 t\u0259hsil naziri Emin \u018fmrullayev \u0259mr imzalay\u0131b.<\/p>\n<p>\u018fmr\u0259 \u0259sas\u0259n, C.Valehov v\u0259zif\u0259sind\u0259n ayr\u0131l\u0131b.<\/p>\n<p>Qeyd ed\u0259k ki, Elm v\u0259 T\u0259hsil Nazirliyind\u0259 yeni\u00a0<a href=\"https:\/\/oxu.az\/society\/813239\" target=\"_blank\" rel=\"noopener\"><strong>struktur\u00a0<\/strong><\/a>d\u0259yi\u015fikliyi olub.<\/p>\n<p>D\u0259yi\u015fikliy\u0259 \u0259sas\u0259n, nazirliyin \u0130ctimaiyy\u0259tl\u0259 \u0259laq\u0259l\u0259r sektoru l\u0259\u011fv olunub. N\u0259tic\u0259d\u0259 \u0130ctimaiyy\u0259tl\u0259 \u018flaq\u0259l\u0259r v\u0259 Kommunikasiya \u015e\u00f6b\u0259si yarad\u0131l\u0131b v\u0259 oraya S\u0259buhi Rzayev m\u00fcdir t\u0259yin olunub.<\/p>\n<p>O, bundan \u0259vv\u0259l nazirliyin \u0130nformasiya v\u0259 V\u0259t\u0259nda\u015flara Xidm\u0259t \u015e\u00f6b\u0259sinin m\u00fcdir m\u00fcavini v\u0259zif\u0259sind\u0259 \u00e7al\u0131\u015f\u0131b.<\/p>\n<p>Yeni struktur siyah\u0131s\u0131nda\u00a0t\u0259yin olunan \u015f\u0259xsl\u0259rin adlar\u0131 aras\u0131nda C.Valehov yer almay\u0131b.<\/p>\n<p>C.Valehov da sosial \u015f\u0259b\u0259k\u0259 hesab\u0131nda yax\u0131n g\u00fcnl\u0259rd\u0259 yeni i\u015f f\u0259aliyy\u0259ti il\u0259 ba\u011fl\u0131 m\u0259lumat ver\u0259c\u0259yi bar\u0259d\u0259 payla\u015f\u0131m edib.<\/p>\n","protected":false},"excerpt":{"rendered":"<p>Elm v\u0259 T\u0259hsil Nazirliyinin \u0130ctimaiyy\u0259tl\u0259 \u0259laq\u0259l\u0259r sektorunun m\u00fcdiri C\u0259sar\u0259t Valehov v\u0259zif\u0259sind\u0259n azad olunub. ARANTV.AZ-\u0131n m\u0259lumat\u0131na g\u00f6r\u0259, bu bar\u0259d\u0259 elm v\u0259 t\u0259hsil naziri Emin \u018fmrullayev \u0259mr imzalay\u0131b. \u018fmr\u0259 \u0259sas\u0259n, C.Valehov v\u0259zif\u0259sind\u0259n ayr\u0131l\u0131b. Qeyd ed\u0259k ki, Elm v\u0259 T\u0259hsil Nazirliyind\u0259 yeni\u00a0struktur\u00a0d\u0259yi\u015fikliyi olub. D\u0259yi\u015fikliy\u0259 \u0259sas\u0259n, nazirliyin \u0130ctimaiyy\u0259tl\u0259 \u0259laq\u0259l\u0259r sektoru l\u0259\u011fv olunub. N\u0259tic\u0259d\u0259 \u0130ctimaiyy\u0259tl\u0259 \u018flaq\u0259l\u0259r v\u0259 Kommunikasiya \u015e\u00f6b\u0259si yarad\u0131l\u0131b v\u0259 oraya S\u0259buhi Rzayev m\u00fcdir t\u0259yin olunub. O, bundan \u0259vv\u0259l nazirliyin \u0130nformasiya v\u0259 V\u0259t\u0259nda\u015flara Xidm\u0259t \u015e\u00f6b\u0259sinin m\u00fcdir m\u00fcavini v\u0259zif\u0259sind\u0259 \u00e7al\u0131\u015f\u0131b. Yeni struktur siyah\u0131s\u0131nda\u00a0t\u0259yin olunan \u015f\u0259xsl\u0259rin adlar\u0131 aras\u0131nda C.Valehov yer almay\u0131b. C.Valehov da sosial \u015f\u0259b\u0259k\u0259 hesab\u0131nda&hellip;<\/p>\n","protected":false},"author":2,"featured_media":322731,"comment_status":"closed","ping_status":"closed","sticky":false,"template":"","format":"standard","meta":{"om_disable_all_campaigns":false,"_monsterinsights_skip_tracking":false,"_monsterinsights_sitenote_active":false,"_monsterinsights_sitenote_note":"","_monsterinsights_sitenote_category":0},"categories":[1],"tags":[],"aioseo_notices":[],"gutentor_comment":0,"rttpg_featured_image_url":{"full":["https:\/\/arantv.az\/wp-content\/uploads\/2021\/04\/cesaret.jpg",594,465,false],"landscape":["https:\/\/arantv.az\/wp-content\/uploads\/2021\/04\/cesaret.jpg",594,465,false],"portraits":["https:\/\/arantv.az\/wp-content\/uploads\/2021\/04\/cesaret.jpg",594,465,false],"thumbnail":["https:\/\/arantv.az\/wp-content\/uploads\/2021\/04\/cesaret-150x150.jpg",150,150,true],"medium":["https:\/\/arantv.az\/wp-content\/uploads\/2021\/04\/cesaret-300x235.jpg",300,235,true],"large":["https:\/\/arantv.az\/wp-content\/uploads\/2021\/04\/cesaret.jpg",594,465,false],"1536x1536":["https:\/\/arantv.az\/wp-content\/uploads\/2021\/04\/cesaret.jpg",594,465,false],"2048x2048":["https:\/\/arantv.az\/wp-content\/uploads\/2021\/04\/cesaret.jpg",594,465,false],"post-thumbnail":["https:\/\/arantv.az\/wp-content\/uploads\/2021\/04\/cesaret-240x172.jpg",240,172,true],"advps-thumb-one":["https:\/\/arantv.az\/wp-content\/uploads\/2021\/04\/cesaret.jpg",594,465,false]},"rttpg_author":{"display_name":"V\u00fcsal Rafiqo\u011flu","author_link":"https:\/\/arantv.az\/?author=2"},"rttpg_comment":0,"rttpg_category":"<a href=\"https:\/\/arantv.az\/?cat=1\" rel=\"category\">C\u0259miyy\u0259t<\/a>","rttpg_excerpt":"Elm v\u0259 T\u0259hsil Nazirliyinin \u0130ctimaiyy\u0259tl\u0259 \u0259laq\u0259l\u0259r sektorunun m\u00fcdiri C\u0259sar\u0259t Valehov v\u0259zif\u0259sind\u0259n azad olunub. ARANTV.AZ-\u0131n m\u0259lumat\u0131na g\u00f6r\u0259, bu bar\u0259d\u0259 elm v\u0259 t\u0259hsil naziri Emin \u018fmrullayev \u0259mr imzalay\u0131b. \u018fmr\u0259 \u0259sas\u0259n, C.Valehov v\u0259zif\u0259sind\u0259n ayr\u0131l\u0131b. Qeyd ed\u0259k ki, Elm v\u0259 T\u0259hsil Nazirliyind\u0259 yeni\u00a0struktur\u00a0d\u0259yi\u015fikliyi olub. D\u0259yi\u015fikliy\u0259 \u0259sas\u0259n, nazirliyin \u0130ctimaiyy\u0259tl\u0259 \u0259laq\u0259l\u0259r sektoru l\u0259\u011fv olunub. N\u0259tic\u0259d\u0259 \u0130ctimaiyy\u0259tl\u0259 \u018flaq\u0259l\u0259r v\u0259 Kommunikasiya \u015e\u00f6b\u0259si yarad\u0131l\u0131b&hellip;","_links":{"self":[{"href":"https:\/\/arantv.az\/index.php?rest_route=\/wp\/v2\/posts\/666327"}],"collection":[{"href":"https:\/\/arantv.az\/index.php?rest_route=\/wp\/v2\/posts"}],"about":[{"href":"https:\/\/arantv.az\/index.php?rest_route=\/wp\/v2\/types\/post"}],"author":[{"embeddable":true,"href":"https:\/\/arantv.az\/index.php?rest_route=\/wp\/v2\/users\/2"}],"replies":[{"embeddable":true,"href":"https:\/\/arantv.az\/index.php?rest_route=%2Fwp%2Fv2%2Fcomments&post=666327"}],"version-history":[{"count":0,"href":"https:\/\/arantv.az\/index.php?rest_route=\/wp\/v2\/posts\/666327\/revisions"}],"wp:featuredmedia":[{"embeddable":true,"href":"https:\/\/arantv.az\/index.php?rest_route=\/wp\/v2\/media\/322731"}],"wp:attachment":[{"href":"https:\/\/arantv.az\/index.php?rest_route=%2Fwp%2Fv2%2Fmedia&parent=666327"}],"wp:term":[{"taxonomy":"category","embeddable":true,"href":"https:\/\/arantv.az\/index.php?rest_route=%2Fwp%2Fv2%2Fcategories&post=666327"},{"taxonomy":"post_tag","embeddable":true,"href":"https:\/\/arantv.az\/index.php?rest_route=%2Fwp%2Fv2%2Ftags&post=666327"}],"curies":[{"name":"wp","href":"https:\/\/api.w.org\/{rel}","templated":true}]}}