{"id":666330,"date":"2023-12-08T18:13:50","date_gmt":"2023-12-08T14:13:50","guid":{"rendered":"https:\/\/arantv.az\/?p=666330"},"modified":"2023-12-08T18:13:50","modified_gmt":"2023-12-08T14:13:50","slug":"%c9%99li-huseynli-az%c9%99rbaycan-rusiya-strateji-t%c9%99r%c9%99fdasligini-prezidentl%c9%99rin-etibarli-munasib%c9%99tl%c9%99ri-t%c9%99skil-edir","status":"publish","type":"post","link":"https:\/\/arantv.az\/?p=666330","title":{"rendered":"\u018fli H\u00fcseynli: \u201cAz\u0259rbaycan-Rusiya strateji t\u0259r\u0259fda\u015fl\u0131\u011f\u0131n\u0131 prezidentl\u0259rin etibarl\u0131 m\u00fcnasib\u0259tl\u0259ri t\u0259\u015fkil edir\u201d"},"content":{"rendered":"<p>Az\u0259rbaycan v\u0259 Rusiya Prezidentl\u0259ri\u00a0<strong>\u0130lham \u018fliyev<\/strong>\u00a0v\u0259 Vladimir Putin aras\u0131nda etimad v\u0259 dostluq m\u00fcnasib\u0259tl\u0259ri \u00f6lk\u0259l\u0259r aras\u0131nda m\u00fctt\u0259fiqlik v\u0259 strateji t\u0259r\u0259fda\u015fl\u0131\u011f\u0131n \u0259sas\u0131n\u0131, uzun ill\u0259r davam ed\u0259n \u0259m\u0259kda\u015fl\u0131\u011f\u0131n daya\u011f\u0131d\u0131r.<\/p>\n<p>\u201cReport\u201d x\u0259b\u0259r verir ki, bunu Milli M\u0259clis s\u0259drinin birinci m\u00fcavini \u018fli H\u00fcseynli Bak\u0131da Az\u0259rbaycan Milli M\u0259clisi il\u0259 Rusiya Federasiya \u015euras\u0131 aras\u0131nda ikit\u0259r\u0259fli \u0259m\u0259kda\u015fl\u0131q \u00fczr\u0259 parlamentl\u0259raras\u0131 komissiyan\u0131n 20-ci yubiley iclas\u0131nda \u00e7\u0131x\u0131\u015f\u0131 zaman\u0131 deyib.<\/p>\n<p>\u201c\u0130kit\u0259r\u0259fli s\u0259f\u0259rl\u0259rin say\u0131n\u0131n artmas\u0131, beyn\u0259lxalq arenada qar\u015f\u0131l\u0131ql\u0131 d\u0259st\u0259k, birg\u0259 t\u0259dbirl\u0259r buna s\u00fcbutdur. Sevindirici hald\u0131r ki, komissiyan\u0131n 20 illik yubiley iclas\u0131 ulu \u00f6nd\u0259r Heyd\u0259r \u018fliyevin 100 illik yubileyi ilind\u0259 ke\u00e7irilir. F\u00fcrs\u0259td\u0259n istifad\u0259 ed\u0259r\u0259k, Rusiyada ulu \u00f6nd\u0259rin 100 illik yubileyin\u0259 h\u0259sr olunmu\u015f t\u0259dbirl\u0259rin y\u00fcks\u0259k s\u0259viyy\u0259d\u0259 t\u0259\u015fkilin\u0259 g\u00f6r\u0259 rusiyal\u0131 h\u0259mkarlar\u0131m\u0131za bir daha t\u0259\u015f\u0259kk\u00fcr edirik\u201d, &#8211; dey\u0259 o bildirib.<\/p>\n","protected":false},"excerpt":{"rendered":"<p>Az\u0259rbaycan v\u0259 Rusiya Prezidentl\u0259ri\u00a0\u0130lham \u018fliyev\u00a0v\u0259 Vladimir Putin aras\u0131nda etimad v\u0259 dostluq m\u00fcnasib\u0259tl\u0259ri \u00f6lk\u0259l\u0259r aras\u0131nda m\u00fctt\u0259fiqlik v\u0259 strateji t\u0259r\u0259fda\u015fl\u0131\u011f\u0131n \u0259sas\u0131n\u0131, uzun ill\u0259r davam ed\u0259n \u0259m\u0259kda\u015fl\u0131\u011f\u0131n daya\u011f\u0131d\u0131r. \u201cReport\u201d x\u0259b\u0259r verir ki, bunu Milli M\u0259clis s\u0259drinin birinci m\u00fcavini \u018fli H\u00fcseynli Bak\u0131da Az\u0259rbaycan Milli M\u0259clisi il\u0259 Rusiya Federasiya \u015euras\u0131 aras\u0131nda ikit\u0259r\u0259fli \u0259m\u0259kda\u015fl\u0131q \u00fczr\u0259 parlamentl\u0259raras\u0131 komissiyan\u0131n 20-ci yubiley iclas\u0131nda \u00e7\u0131x\u0131\u015f\u0131 zaman\u0131 deyib. \u201c\u0130kit\u0259r\u0259fli s\u0259f\u0259rl\u0259rin say\u0131n\u0131n artmas\u0131, beyn\u0259lxalq arenada qar\u015f\u0131l\u0131ql\u0131 d\u0259st\u0259k, birg\u0259 t\u0259dbirl\u0259r buna s\u00fcbutdur. Sevindirici hald\u0131r ki, komissiyan\u0131n 20 illik yubiley iclas\u0131 ulu \u00f6nd\u0259r Heyd\u0259r \u018fliyevin 100 illik yubileyi ilind\u0259 ke\u00e7irilir. F\u00fcrs\u0259td\u0259n istifad\u0259 ed\u0259r\u0259k, Rusiyada&hellip;<\/p>\n","protected":false},"author":2,"featured_media":666332,"comment_status":"closed","ping_status":"closed","sticky":false,"template":"","format":"standard","meta":{"om_disable_all_campaigns":false,"_monsterinsights_skip_tracking":false,"_monsterinsights_sitenote_active":false,"_monsterinsights_sitenote_note":"","_monsterinsights_sitenote_category":0},"categories":[4],"tags":[],"aioseo_notices":[],"gutentor_comment":0,"rttpg_featured_image_url":{"full":["https:\/\/arantv.az\/wp-content\/uploads\/2023\/12\/00566e95-30da-3396-a336-61f41e041c70_850.jpg",620,413,false],"landscape":["https:\/\/arantv.az\/wp-content\/uploads\/2023\/12\/00566e95-30da-3396-a336-61f41e041c70_850.jpg",620,413,false],"portraits":["https:\/\/arantv.az\/wp-content\/uploads\/2023\/12\/00566e95-30da-3396-a336-61f41e041c70_850.jpg",620,413,false],"thumbnail":["https:\/\/arantv.az\/wp-content\/uploads\/2023\/12\/00566e95-30da-3396-a336-61f41e041c70_850-500x280.jpg",500,280,true],"medium":["https:\/\/arantv.az\/wp-content\/uploads\/2023\/12\/00566e95-30da-3396-a336-61f41e041c70_850-548x365.jpg",548,365,true],"large":["https:\/\/arantv.az\/wp-content\/uploads\/2023\/12\/00566e95-30da-3396-a336-61f41e041c70_850.jpg",620,413,false],"1536x1536":["https:\/\/arantv.az\/wp-content\/uploads\/2023\/12\/00566e95-30da-3396-a336-61f41e041c70_850.jpg",620,413,false],"2048x2048":["https:\/\/arantv.az\/wp-content\/uploads\/2023\/12\/00566e95-30da-3396-a336-61f41e041c70_850.jpg",620,413,false],"post-thumbnail":["https:\/\/arantv.az\/wp-content\/uploads\/2023\/12\/00566e95-30da-3396-a336-61f41e041c70_850-240x172.jpg",240,172,true],"advps-thumb-one":["https:\/\/arantv.az\/wp-content\/uploads\/2023\/12\/00566e95-30da-3396-a336-61f41e041c70_850.jpg",620,413,false]},"rttpg_author":{"display_name":"V\u00fcsal Rafiqo\u011flu","author_link":"https:\/\/arantv.az\/?author=2"},"rttpg_comment":0,"rttpg_category":"<a href=\"https:\/\/arantv.az\/?cat=4\" rel=\"category\">Siyas\u0259t<\/a>","rttpg_excerpt":"Az\u0259rbaycan v\u0259 Rusiya Prezidentl\u0259ri\u00a0\u0130lham \u018fliyev\u00a0v\u0259 Vladimir Putin aras\u0131nda etimad v\u0259 dostluq m\u00fcnasib\u0259tl\u0259ri \u00f6lk\u0259l\u0259r aras\u0131nda m\u00fctt\u0259fiqlik v\u0259 strateji t\u0259r\u0259fda\u015fl\u0131\u011f\u0131n \u0259sas\u0131n\u0131, uzun ill\u0259r davam ed\u0259n \u0259m\u0259kda\u015fl\u0131\u011f\u0131n daya\u011f\u0131d\u0131r. \u201cReport\u201d x\u0259b\u0259r verir ki, bunu Milli M\u0259clis s\u0259drinin birinci m\u00fcavini \u018fli H\u00fcseynli Bak\u0131da Az\u0259rbaycan Milli M\u0259clisi il\u0259 Rusiya Federasiya \u015euras\u0131 aras\u0131nda ikit\u0259r\u0259fli \u0259m\u0259kda\u015fl\u0131q \u00fczr\u0259 parlamentl\u0259raras\u0131 komissiyan\u0131n 20-ci yubiley iclas\u0131nda \u00e7\u0131x\u0131\u015f\u0131&hellip;","_links":{"self":[{"href":"https:\/\/arantv.az\/index.php?rest_route=\/wp\/v2\/posts\/666330"}],"collection":[{"href":"https:\/\/arantv.az\/index.php?rest_route=\/wp\/v2\/posts"}],"about":[{"href":"https:\/\/arantv.az\/index.php?rest_route=\/wp\/v2\/types\/post"}],"author":[{"embeddable":true,"href":"https:\/\/arantv.az\/index.php?rest_route=\/wp\/v2\/users\/2"}],"replies":[{"embeddable":true,"href":"https:\/\/arantv.az\/index.php?rest_route=%2Fwp%2Fv2%2Fcomments&post=666330"}],"version-history":[{"count":0,"href":"https:\/\/arantv.az\/index.php?rest_route=\/wp\/v2\/posts\/666330\/revisions"}],"wp:featuredmedia":[{"embeddable":true,"href":"https:\/\/arantv.az\/index.php?rest_route=\/wp\/v2\/media\/666332"}],"wp:attachment":[{"href":"https:\/\/arantv.az\/index.php?rest_route=%2Fwp%2Fv2%2Fmedia&parent=666330"}],"wp:term":[{"taxonomy":"category","embeddable":true,"href":"https:\/\/arantv.az\/index.php?rest_route=%2Fwp%2Fv2%2Fcategories&post=666330"},{"taxonomy":"post_tag","embeddable":true,"href":"https:\/\/arantv.az\/index.php?rest_route=%2Fwp%2Fv2%2Ftags&post=666330"}],"curies":[{"name":"wp","href":"https:\/\/api.w.org\/{rel}","templated":true}]}}