{"id":666390,"date":"2023-12-08T18:36:55","date_gmt":"2023-12-08T14:36:55","guid":{"rendered":"https:\/\/arantv.az\/?p=666390"},"modified":"2023-12-08T18:36:55","modified_gmt":"2023-12-08T14:36:55","slug":"paketl%c9%99nmis-sud-alark%c9%99n-diqq%c9%99t-edin","status":"publish","type":"post","link":"https:\/\/arantv.az\/?p=666390","title":{"rendered":"Paketl\u0259nmi\u015f s\u00fcd alark\u0259n D\u0130QQ\u018fT ED\u0130N!"},"content":{"rendered":"<p><em><strong>\u0130nsanlar\u0131n \u0259n \u00e7ox istehlak etdiyi qida m\u0259hsullar\u0131ndan biri d\u0259 s\u00fcdd\u00fcr. Bu g\u00fcn s\u00fcd m\u0259hsullar\u0131 bazara m\u00fcxt\u0259lif qabla\u015fd\u0131rmalarda \u00e7\u0131xar\u0131l\u0131r. Paketl\u0259nmi\u015f s\u00fcdl\u0259rin istifad\u0259 m\u00fcdd\u0259tinin daha uzun olmas\u0131, insanlarda onlar\u0131n t\u0259rkibin\u0259 m\u00fcxt\u0259lif kimy\u0259vi madd\u0259l\u0259rin \u0259lav\u0259 olundu\u011fu fikrini yarad\u0131r.\u00a0\u00a0G\u00f6r\u0259s\u0259n, bu c\u00fcr qabala\u015fd\u0131r\u0131lm\u0131\u015f s\u00fcd m\u0259hsullar\u0131 h\u0259qiq\u0259t\u0259n d\u0259 ziyanl\u0131d\u0131rm\u0131? \u0130nsanlar bu m\u0259hsullar\u0131 alark\u0259n n\u0259l\u0259r\u0259 diqq\u0259t etm\u0259lidir?\u00a0<\/strong><\/em><\/p>\n<p>M\u0259s\u0259l\u0259 il\u0259 ba\u011fl\u0131\u00a0<strong>\u201c\u0130ki sahil\u201d<\/strong>\u0259 dan\u0131\u015fan Azad \u0130stehlak\u00e7\u0131lar Birliyinin (A\u0130B) s\u0259dri\u00a0<strong>Eyyub H\u00fcseynov<\/strong>\u00a0bildirib ki, yerli istehsal olan v\u0259 paketl\u0259nmi\u015f s\u00fcd m\u0259hsullar\u0131 t\u0259hl\u00fck\u0259sizdir.<\/p>\n<p><img src=\"https:\/\/ikisahil.az\/upload\/\/2023\/12\/08\/\/-91d0dbfd170203971254637324510193122.jpg\" alt=\"\" \/><\/p>\n<p>Onun s\u00f6zl\u0259rin\u0259 g\u00f6r\u0259, x\u00fcsusil\u0259 karton paketl\u0259nm\u0259ni h\u0259yata ke\u00e7ir\u0259n s\u00fcd zavodlar\u0131 ciddi sanitar normalara cavab ver\u0259n m\u00fc\u0259ssis\u0259l\u0259rdir:\u00a0\u201cBu m\u0259hsullarda insan h\u0259yat\u0131 \u00fc\u00e7\u00fcn riskli hesab edil\u0259n elementl\u0259r ola bilm\u0259z. \u00c7\u00fcnki bel\u0259 s\u00fcdl\u0259r steriliz\u0259 olunur, tam yoxlamadan ke\u00e7irilir v\u0259 ixtisasla\u015fd\u0131r\u0131lm\u0131\u015f fermer t\u0259s\u0259rr\u00fcfatlar\u0131ndan g\u0259tirilir. Lakin bu c\u00fcr m\u0259hsullar\u0131 alark\u0259n tarixl\u0259rin\u0259 \u00f6n\u0259m verilm\u0259lidir. Burax\u0131lma v\u0259 son istifad\u0259 tarixi aras\u0131ndak\u0131 m\u00fcdd\u0259ti daha az olan s\u00fcdl\u0259r\u0259 \u00fcst\u00fcnl\u00fck verilm\u0259si m\u0259sl\u0259h\u0259tdir. Bu s\u00fcdl\u0259ri qaynatmadan bel\u0259 i\u00e7m\u0259k z\u0259r\u0259rsizdir. Eyni zamanda, Belarus, Rusiya, \u0130ran v\u0259 s. xarici \u00f6lk\u0259l\u0259rin yox, yerli firmalar\u0131n s\u00fcdl\u0259ri daha keyfiyy\u0259tlidir\u201d.<\/p>\n<p>E. H\u00fcseynov bildirib ki, paketl\u0259nmi\u015f s\u00fcd\u00fcn i\u00e7\u0259risin\u0259 he\u00e7 bir \u0259lav\u0259 qatq\u0131 t\u00f6k\u00fclm\u00fcr: \u201cSad\u0259c\u0259 bu m\u0259hsullar y\u00fcks\u0259k temperatur rejimind\u0259n ke\u00e7irilm\u0259kl\u0259, onu q\u0131cq\u0131rdan v\u0259 xarab ed\u0259n bakteriyalardan steriliz\u0259 olunaraq, t\u0259hl\u00fck\u0259siz v\u0259ziyy\u0259t\u0259 g\u0259tirilir\u201d. M\u00fct\u0259x\u0259ssis h\u0259m\u00e7inin vur\u011fulay\u0131b ki, k\u0259nd \u015f\u0259raitind\u0259 sa\u011f\u0131lm\u0131\u015f s\u00fcd\u00fcn qida d\u0259y\u0259rliliyi y\u00fcks\u0259k olsa da, t\u0259hl\u00fck\u0259li ola bil\u0259r: \u201cBel\u0259 ki, bu m\u0259hsulun t\u0259rkibind\u0259 heyvan x\u0259st\u0259likl\u0259ri ola bil\u0259r. \u018fg\u0259r, insanlar bel\u0259 s\u00fcdl\u0259rin istifad\u0259si il\u0259 yarana bil\u0259c\u0259k x\u0259st\u0259likl\u0259rd\u0259n \u00e7\u0259kinmirs\u0259, onlar\u0131 istehlak ed\u0259 bil\u0259rl\u0259r\u201d.<\/p>\n<p><em><strong>Sayal\u0131 Abasova<\/strong><\/em><\/p>\n","protected":false},"excerpt":{"rendered":"<p>\u0130nsanlar\u0131n \u0259n \u00e7ox istehlak etdiyi qida m\u0259hsullar\u0131ndan biri d\u0259 s\u00fcdd\u00fcr. Bu g\u00fcn s\u00fcd m\u0259hsullar\u0131 bazara m\u00fcxt\u0259lif qabla\u015fd\u0131rmalarda \u00e7\u0131xar\u0131l\u0131r. Paketl\u0259nmi\u015f s\u00fcdl\u0259rin istifad\u0259 m\u00fcdd\u0259tinin daha uzun olmas\u0131, insanlarda onlar\u0131n t\u0259rkibin\u0259 m\u00fcxt\u0259lif kimy\u0259vi madd\u0259l\u0259rin \u0259lav\u0259 olundu\u011fu fikrini yarad\u0131r.\u00a0\u00a0G\u00f6r\u0259s\u0259n, bu c\u00fcr qabala\u015fd\u0131r\u0131lm\u0131\u015f s\u00fcd m\u0259hsullar\u0131 h\u0259qiq\u0259t\u0259n d\u0259 ziyanl\u0131d\u0131rm\u0131? \u0130nsanlar bu m\u0259hsullar\u0131 alark\u0259n n\u0259l\u0259r\u0259 diqq\u0259t etm\u0259lidir?\u00a0 M\u0259s\u0259l\u0259 il\u0259 ba\u011fl\u0131\u00a0\u201c\u0130ki sahil\u201d\u0259 dan\u0131\u015fan Azad \u0130stehlak\u00e7\u0131lar Birliyinin (A\u0130B) s\u0259dri\u00a0Eyyub H\u00fcseynov\u00a0bildirib ki, yerli istehsal olan v\u0259 paketl\u0259nmi\u015f s\u00fcd m\u0259hsullar\u0131 t\u0259hl\u00fck\u0259sizdir. Onun s\u00f6zl\u0259rin\u0259 g\u00f6r\u0259, x\u00fcsusil\u0259 karton paketl\u0259nm\u0259ni h\u0259yata ke\u00e7ir\u0259n s\u00fcd zavodlar\u0131 ciddi sanitar normalara cavab ver\u0259n m\u00fc\u0259ssis\u0259l\u0259rdir:\u00a0\u201cBu m\u0259hsullarda insan h\u0259yat\u0131 \u00fc\u00e7\u00fcn&hellip;<\/p>\n","protected":false},"author":2,"featured_media":666391,"comment_status":"closed","ping_status":"closed","sticky":false,"template":"","format":"standard","meta":{"om_disable_all_campaigns":false,"_monsterinsights_skip_tracking":false,"_monsterinsights_sitenote_active":false,"_monsterinsights_sitenote_note":"","_monsterinsights_sitenote_category":0},"categories":[1],"tags":[],"aioseo_notices":[],"gutentor_comment":0,"rttpg_featured_image_url":{"full":["https:\/\/arantv.az\/wp-content\/uploads\/2023\/12\/58f1e2bf170203938565815855910002800.jpg",975,540,false],"landscape":["https:\/\/arantv.az\/wp-content\/uploads\/2023\/12\/58f1e2bf170203938565815855910002800.jpg",975,540,false],"portraits":["https:\/\/arantv.az\/wp-content\/uploads\/2023\/12\/58f1e2bf170203938565815855910002800.jpg",975,540,false],"thumbnail":["https:\/\/arantv.az\/wp-content\/uploads\/2023\/12\/58f1e2bf170203938565815855910002800-500x280.jpg",500,280,true],"medium":["https:\/\/arantv.az\/wp-content\/uploads\/2023\/12\/58f1e2bf170203938565815855910002800-660x365.jpg",660,365,true],"large":["https:\/\/arantv.az\/wp-content\/uploads\/2023\/12\/58f1e2bf170203938565815855910002800-840x465.jpg",640,354,true],"1536x1536":["https:\/\/arantv.az\/wp-content\/uploads\/2023\/12\/58f1e2bf170203938565815855910002800.jpg",975,540,false],"2048x2048":["https:\/\/arantv.az\/wp-content\/uploads\/2023\/12\/58f1e2bf170203938565815855910002800.jpg",975,540,false],"post-thumbnail":["https:\/\/arantv.az\/wp-content\/uploads\/2023\/12\/58f1e2bf170203938565815855910002800-240x172.jpg",240,172,true],"advps-thumb-one":["https:\/\/arantv.az\/wp-content\/uploads\/2023\/12\/58f1e2bf170203938565815855910002800.jpg",975,540,false]},"rttpg_author":{"display_name":"V\u00fcsal Rafiqo\u011flu","author_link":"https:\/\/arantv.az\/?author=2"},"rttpg_comment":0,"rttpg_category":"<a href=\"https:\/\/arantv.az\/?cat=1\" rel=\"category\">C\u0259miyy\u0259t<\/a>","rttpg_excerpt":"\u0130nsanlar\u0131n \u0259n \u00e7ox istehlak etdiyi qida m\u0259hsullar\u0131ndan biri d\u0259 s\u00fcdd\u00fcr. Bu g\u00fcn s\u00fcd m\u0259hsullar\u0131 bazara m\u00fcxt\u0259lif qabla\u015fd\u0131rmalarda \u00e7\u0131xar\u0131l\u0131r. Paketl\u0259nmi\u015f s\u00fcdl\u0259rin istifad\u0259 m\u00fcdd\u0259tinin daha uzun olmas\u0131, insanlarda onlar\u0131n t\u0259rkibin\u0259 m\u00fcxt\u0259lif kimy\u0259vi madd\u0259l\u0259rin \u0259lav\u0259 olundu\u011fu fikrini yarad\u0131r.\u00a0\u00a0G\u00f6r\u0259s\u0259n, bu c\u00fcr qabala\u015fd\u0131r\u0131lm\u0131\u015f s\u00fcd m\u0259hsullar\u0131 h\u0259qiq\u0259t\u0259n d\u0259 ziyanl\u0131d\u0131rm\u0131? \u0130nsanlar bu m\u0259hsullar\u0131 alark\u0259n n\u0259l\u0259r\u0259 diqq\u0259t etm\u0259lidir?\u00a0 M\u0259s\u0259l\u0259 il\u0259 ba\u011fl\u0131\u00a0\u201c\u0130ki sahil\u201d\u0259 dan\u0131\u015fan&hellip;","_links":{"self":[{"href":"https:\/\/arantv.az\/index.php?rest_route=\/wp\/v2\/posts\/666390"}],"collection":[{"href":"https:\/\/arantv.az\/index.php?rest_route=\/wp\/v2\/posts"}],"about":[{"href":"https:\/\/arantv.az\/index.php?rest_route=\/wp\/v2\/types\/post"}],"author":[{"embeddable":true,"href":"https:\/\/arantv.az\/index.php?rest_route=\/wp\/v2\/users\/2"}],"replies":[{"embeddable":true,"href":"https:\/\/arantv.az\/index.php?rest_route=%2Fwp%2Fv2%2Fcomments&post=666390"}],"version-history":[{"count":0,"href":"https:\/\/arantv.az\/index.php?rest_route=\/wp\/v2\/posts\/666390\/revisions"}],"wp:featuredmedia":[{"embeddable":true,"href":"https:\/\/arantv.az\/index.php?rest_route=\/wp\/v2\/media\/666391"}],"wp:attachment":[{"href":"https:\/\/arantv.az\/index.php?rest_route=%2Fwp%2Fv2%2Fmedia&parent=666390"}],"wp:term":[{"taxonomy":"category","embeddable":true,"href":"https:\/\/arantv.az\/index.php?rest_route=%2Fwp%2Fv2%2Fcategories&post=666390"},{"taxonomy":"post_tag","embeddable":true,"href":"https:\/\/arantv.az\/index.php?rest_route=%2Fwp%2Fv2%2Ftags&post=666390"}],"curies":[{"name":"wp","href":"https:\/\/api.w.org\/{rel}","templated":true}]}}