{"id":666965,"date":"2023-12-10T19:51:57","date_gmt":"2023-12-10T15:51:57","guid":{"rendered":"https:\/\/arantv.az\/?p=666965"},"modified":"2023-12-10T19:51:57","modified_gmt":"2023-12-10T15:51:57","slug":"prezident-bu-il-az%c9%99rbaycanin-avropa-m%c9%99kanina-qaz-ixraci-t%c9%99xmin%c9%99n-12-milyard-kubmetr%c9%99-catacaq-video","status":"publish","type":"post","link":"https:\/\/arantv.az\/?p=666965","title":{"rendered":"Prezident: \u201cBu il Az\u0259rbaycan\u0131n Avropa m\u0259kan\u0131na qaz ixrac\u0131 t\u0259xmin\u0259n 12 milyard kubmetr\u0259 \u00e7atacaq\u201d &#8211; V\u0130DEO"},"content":{"rendered":"<article class=\"news\">\n<div class=\"news-inner\">\n<p>\u201c2021-ci ild\u0259 bizim Avropa m\u0259kan\u0131na qaz ixrac\u0131m\u0131z s\u0259kkiz milyard kubmetrd\u0259n bir q\u0259d\u0259r \u00e7ox olmu\u015fdursa, bu il bu t\u0259xmin\u0259n 12 milyard kubmetr\u0259 \u00e7atacaq\u201d.<\/p>\n<p><a href=\"https:\/\/azertag.az\/xeber\/prezident_bu_il_azerbaycanin_avropa_mekanina_qaz_ixraci_texminen_12_milyard_kubmetre_chatacaq-2846075\" target=\"_blank\" rel=\"noopener\">AZ\u018fRTAC<\/a>\u00a0x\u0259b\u0259r verir ki, bu s\u00f6zl\u0259ri Prezident\u00a0<strong>\u0130lham \u018fliyev<\/strong>\u00a0Serbiya-Bolqar\u0131stan Qaz \u0130nterkonnektorunun a\u00e7\u0131l\u0131\u015f m\u0259rasimind\u0259 \u00e7\u0131x\u0131\u015f\u0131 zaman\u0131 deyib.<\/p>\n<p>Bunun Az\u0259rbaycan\u0131n \u00fcmumi qaz ixrac\u0131n\u0131n 50 faizini t\u0259\u015fkil etdiyini vur\u011fulayan d\u00f6vl\u0259timizin ba\u015f\u00e7\u0131s\u0131 deyib ki, 2027-ci il\u0259 q\u0259d\u0259r Avropaya g\u00f6nd\u0259ril\u0259n qaz\u0131n h\u0259cmi iki d\u0259f\u0259 artmal\u0131d\u0131r v\u0259 biz inamla bu h\u0259d\u0259f\u0259 do\u011fru gedirik.<\/p>\n<div><iframe loading=\"lazy\" title=\"YouTube video player\" src=\"https:\/\/www.youtube.com\/embed\/MCiQa4a84lE?si=0V1SfWzpnXKPf68_\" width=\"560\" height=\"315\" frameborder=\"0\" allowfullscreen=\"allowfullscreen\" data-mce-fragment=\"1\"><\/iframe><\/div>\n<\/div>\n<\/article>\n","protected":false},"excerpt":{"rendered":"<p>\u201c2021-ci ild\u0259 bizim Avropa m\u0259kan\u0131na qaz ixrac\u0131m\u0131z s\u0259kkiz milyard kubmetrd\u0259n bir q\u0259d\u0259r \u00e7ox olmu\u015fdursa, bu il bu t\u0259xmin\u0259n 12 milyard kubmetr\u0259 \u00e7atacaq\u201d. AZ\u018fRTAC\u00a0x\u0259b\u0259r verir ki, bu s\u00f6zl\u0259ri Prezident\u00a0\u0130lham \u018fliyev\u00a0Serbiya-Bolqar\u0131stan Qaz \u0130nterkonnektorunun a\u00e7\u0131l\u0131\u015f m\u0259rasimind\u0259 \u00e7\u0131x\u0131\u015f\u0131 zaman\u0131 deyib. Bunun Az\u0259rbaycan\u0131n \u00fcmumi qaz ixrac\u0131n\u0131n 50 faizini t\u0259\u015fkil etdiyini vur\u011fulayan d\u00f6vl\u0259timizin ba\u015f\u00e7\u0131s\u0131 deyib ki, 2027-ci il\u0259 q\u0259d\u0259r Avropaya g\u00f6nd\u0259ril\u0259n qaz\u0131n h\u0259cmi iki d\u0259f\u0259 artmal\u0131d\u0131r v\u0259 biz inamla bu h\u0259d\u0259f\u0259 do\u011fru gedirik.<\/p>\n","protected":false},"author":2,"featured_media":666968,"comment_status":"closed","ping_status":"closed","sticky":false,"template":"","format":"standard","meta":{"om_disable_all_campaigns":false,"_monsterinsights_skip_tracking":false,"_monsterinsights_sitenote_active":false,"_monsterinsights_sitenote_note":"","_monsterinsights_sitenote_category":0},"categories":[4],"tags":[],"aioseo_notices":[],"gutentor_comment":0,"rttpg_featured_image_url":{"full":["https:\/\/arantv.az\/wp-content\/uploads\/2023\/12\/FotoJet-17-3.jpg",620,413,false],"landscape":["https:\/\/arantv.az\/wp-content\/uploads\/2023\/12\/FotoJet-17-3.jpg",620,413,false],"portraits":["https:\/\/arantv.az\/wp-content\/uploads\/2023\/12\/FotoJet-17-3.jpg",620,413,false],"thumbnail":["https:\/\/arantv.az\/wp-content\/uploads\/2023\/12\/FotoJet-17-3-500x280.jpg",500,280,true],"medium":["https:\/\/arantv.az\/wp-content\/uploads\/2023\/12\/FotoJet-17-3-548x365.jpg",548,365,true],"large":["https:\/\/arantv.az\/wp-content\/uploads\/2023\/12\/FotoJet-17-3.jpg",620,413,false],"1536x1536":["https:\/\/arantv.az\/wp-content\/uploads\/2023\/12\/FotoJet-17-3.jpg",620,413,false],"2048x2048":["https:\/\/arantv.az\/wp-content\/uploads\/2023\/12\/FotoJet-17-3.jpg",620,413,false],"post-thumbnail":["https:\/\/arantv.az\/wp-content\/uploads\/2023\/12\/FotoJet-17-3-240x172.jpg",240,172,true],"advps-thumb-one":["https:\/\/arantv.az\/wp-content\/uploads\/2023\/12\/FotoJet-17-3.jpg",620,413,false]},"rttpg_author":{"display_name":"V\u00fcsal Rafiqo\u011flu","author_link":"https:\/\/arantv.az\/?author=2"},"rttpg_comment":0,"rttpg_category":"<a href=\"https:\/\/arantv.az\/?cat=4\" rel=\"category\">Siyas\u0259t<\/a>","rttpg_excerpt":"\u201c2021-ci ild\u0259 bizim Avropa m\u0259kan\u0131na qaz ixrac\u0131m\u0131z s\u0259kkiz milyard kubmetrd\u0259n bir q\u0259d\u0259r \u00e7ox olmu\u015fdursa, bu il bu t\u0259xmin\u0259n 12 milyard kubmetr\u0259 \u00e7atacaq\u201d. AZ\u018fRTAC\u00a0x\u0259b\u0259r verir ki, bu s\u00f6zl\u0259ri Prezident\u00a0\u0130lham \u018fliyev\u00a0Serbiya-Bolqar\u0131stan Qaz \u0130nterkonnektorunun a\u00e7\u0131l\u0131\u015f m\u0259rasimind\u0259 \u00e7\u0131x\u0131\u015f\u0131 zaman\u0131 deyib. Bunun Az\u0259rbaycan\u0131n \u00fcmumi qaz ixrac\u0131n\u0131n 50 faizini t\u0259\u015fkil etdiyini vur\u011fulayan d\u00f6vl\u0259timizin ba\u015f\u00e7\u0131s\u0131 deyib ki, 2027-ci il\u0259 q\u0259d\u0259r Avropaya g\u00f6nd\u0259ril\u0259n&hellip;","_links":{"self":[{"href":"https:\/\/arantv.az\/index.php?rest_route=\/wp\/v2\/posts\/666965"}],"collection":[{"href":"https:\/\/arantv.az\/index.php?rest_route=\/wp\/v2\/posts"}],"about":[{"href":"https:\/\/arantv.az\/index.php?rest_route=\/wp\/v2\/types\/post"}],"author":[{"embeddable":true,"href":"https:\/\/arantv.az\/index.php?rest_route=\/wp\/v2\/users\/2"}],"replies":[{"embeddable":true,"href":"https:\/\/arantv.az\/index.php?rest_route=%2Fwp%2Fv2%2Fcomments&post=666965"}],"version-history":[{"count":0,"href":"https:\/\/arantv.az\/index.php?rest_route=\/wp\/v2\/posts\/666965\/revisions"}],"wp:featuredmedia":[{"embeddable":true,"href":"https:\/\/arantv.az\/index.php?rest_route=\/wp\/v2\/media\/666968"}],"wp:attachment":[{"href":"https:\/\/arantv.az\/index.php?rest_route=%2Fwp%2Fv2%2Fmedia&parent=666965"}],"wp:term":[{"taxonomy":"category","embeddable":true,"href":"https:\/\/arantv.az\/index.php?rest_route=%2Fwp%2Fv2%2Fcategories&post=666965"},{"taxonomy":"post_tag","embeddable":true,"href":"https:\/\/arantv.az\/index.php?rest_route=%2Fwp%2Fv2%2Ftags&post=666965"}],"curies":[{"name":"wp","href":"https:\/\/api.w.org\/{rel}","templated":true}]}}