{"id":666967,"date":"2023-12-10T19:52:23","date_gmt":"2023-12-10T15:52:23","guid":{"rendered":"https:\/\/arantv.az\/?p=666967"},"modified":"2023-12-10T19:52:23","modified_gmt":"2023-12-10T15:52:23","slug":"prezident-ilham-%c9%99liyev-serbiya-az%c9%99rbaycan-%c9%99laq%c9%99l%c9%99ri-sur%c9%99tl%c9%99-v%c9%99-dinamik-s%c9%99kild%c9%99-inkisaf-edir","status":"publish","type":"post","link":"https:\/\/arantv.az\/?p=666967","title":{"rendered":"Prezident \u0130lham \u018fliyev: \u201cSerbiya-Az\u0259rbaycan \u0259laq\u0259l\u0259ri s\u00fcr\u0259tl\u0259 v\u0259 dinamik \u015f\u0259kild\u0259 inki\u015faf edir\u201d"},"content":{"rendered":"<p>\u201cSerbiya-Az\u0259rbaycan \u0259laq\u0259l\u0259ri s\u00fcr\u0259tl\u0259 v\u0259 dinamik \u015f\u0259kild\u0259 inki\u015faf edir\u201d.<\/p>\n<p><a href=\"https:\/\/azertag.az\/xeber\/prezident_ilham_eliyev_serbiya_azerbaycan_elaqeleri_suretle_ve_dinamik_sekilde_inkisaf_edir-2846069\" target=\"_blank\" rel=\"noopener\">AZ\u018fRTAC<\/a>\u00a0x\u0259b\u0259r verir ki, bu s\u00f6zl\u0259ri Prezident\u00a0<strong>\u0130lham \u018fliyev<\/strong>\u00a0Serbiya-Bolqar\u0131stan Qaz \u0130nterkonnektorunun a\u00e7\u0131l\u0131\u015f m\u0259rasimind\u0259 \u00e7\u0131x\u0131\u015f\u0131 zaman\u0131 s\u00f6yl\u0259yib.<\/p>\n<p>\u201cBiz strateji t\u0259r\u0259fda\u015f\u0131q. \u00c7\u00fcnki strateji t\u0259r\u0259fda\u015fl\u0131q haqq\u0131nda b\u0259yannam\u0259 imzalanm\u0131\u015fd\u0131r v\u0259 s\u00f6zd\u0259, s\u0259n\u0259dd\u0259 v\u0259 \u0259m\u0259ld\u0259 bu y\u00fcks\u0259k statusa sadiqliyimizi g\u00f6st\u0259ririk\u201d, &#8211; dey\u0259 d\u00f6vl\u0259timizin ba\u015f\u00e7\u0131s\u0131 vur\u011fulay\u0131b.<\/p>\n","protected":false},"excerpt":{"rendered":"<p>\u201cSerbiya-Az\u0259rbaycan \u0259laq\u0259l\u0259ri s\u00fcr\u0259tl\u0259 v\u0259 dinamik \u015f\u0259kild\u0259 inki\u015faf edir\u201d. AZ\u018fRTAC\u00a0x\u0259b\u0259r verir ki, bu s\u00f6zl\u0259ri Prezident\u00a0\u0130lham \u018fliyev\u00a0Serbiya-Bolqar\u0131stan Qaz \u0130nterkonnektorunun a\u00e7\u0131l\u0131\u015f m\u0259rasimind\u0259 \u00e7\u0131x\u0131\u015f\u0131 zaman\u0131 s\u00f6yl\u0259yib. \u201cBiz strateji t\u0259r\u0259fda\u015f\u0131q. \u00c7\u00fcnki strateji t\u0259r\u0259fda\u015fl\u0131q haqq\u0131nda b\u0259yannam\u0259 imzalanm\u0131\u015fd\u0131r v\u0259 s\u00f6zd\u0259, s\u0259n\u0259dd\u0259 v\u0259 \u0259m\u0259ld\u0259 bu y\u00fcks\u0259k statusa sadiqliyimizi g\u00f6st\u0259ririk\u201d, &#8211; dey\u0259 d\u00f6vl\u0259timizin ba\u015f\u00e7\u0131s\u0131 vur\u011fulay\u0131b.<\/p>\n","protected":false},"author":2,"featured_media":666970,"comment_status":"closed","ping_status":"closed","sticky":false,"template":"","format":"standard","meta":{"om_disable_all_campaigns":false,"_monsterinsights_skip_tracking":false,"_monsterinsights_sitenote_active":false,"_monsterinsights_sitenote_note":"","_monsterinsights_sitenote_category":0},"categories":[4],"tags":[],"aioseo_notices":[],"gutentor_comment":0,"rttpg_featured_image_url":{"full":["https:\/\/arantv.az\/wp-content\/uploads\/2023\/12\/FotoJet-19-1.jpg",620,413,false],"landscape":["https:\/\/arantv.az\/wp-content\/uploads\/2023\/12\/FotoJet-19-1.jpg",620,413,false],"portraits":["https:\/\/arantv.az\/wp-content\/uploads\/2023\/12\/FotoJet-19-1.jpg",620,413,false],"thumbnail":["https:\/\/arantv.az\/wp-content\/uploads\/2023\/12\/FotoJet-19-1-500x280.jpg",500,280,true],"medium":["https:\/\/arantv.az\/wp-content\/uploads\/2023\/12\/FotoJet-19-1-548x365.jpg",548,365,true],"large":["https:\/\/arantv.az\/wp-content\/uploads\/2023\/12\/FotoJet-19-1.jpg",620,413,false],"1536x1536":["https:\/\/arantv.az\/wp-content\/uploads\/2023\/12\/FotoJet-19-1.jpg",620,413,false],"2048x2048":["https:\/\/arantv.az\/wp-content\/uploads\/2023\/12\/FotoJet-19-1.jpg",620,413,false],"post-thumbnail":["https:\/\/arantv.az\/wp-content\/uploads\/2023\/12\/FotoJet-19-1-240x172.jpg",240,172,true],"advps-thumb-one":["https:\/\/arantv.az\/wp-content\/uploads\/2023\/12\/FotoJet-19-1.jpg",620,413,false]},"rttpg_author":{"display_name":"V\u00fcsal Rafiqo\u011flu","author_link":"https:\/\/arantv.az\/?author=2"},"rttpg_comment":0,"rttpg_category":"<a href=\"https:\/\/arantv.az\/?cat=4\" rel=\"category\">Siyas\u0259t<\/a>","rttpg_excerpt":"\u201cSerbiya-Az\u0259rbaycan \u0259laq\u0259l\u0259ri s\u00fcr\u0259tl\u0259 v\u0259 dinamik \u015f\u0259kild\u0259 inki\u015faf edir\u201d. AZ\u018fRTAC\u00a0x\u0259b\u0259r verir ki, bu s\u00f6zl\u0259ri Prezident\u00a0\u0130lham \u018fliyev\u00a0Serbiya-Bolqar\u0131stan Qaz \u0130nterkonnektorunun a\u00e7\u0131l\u0131\u015f m\u0259rasimind\u0259 \u00e7\u0131x\u0131\u015f\u0131 zaman\u0131 s\u00f6yl\u0259yib. \u201cBiz strateji t\u0259r\u0259fda\u015f\u0131q. \u00c7\u00fcnki strateji t\u0259r\u0259fda\u015fl\u0131q haqq\u0131nda b\u0259yannam\u0259 imzalanm\u0131\u015fd\u0131r v\u0259 s\u00f6zd\u0259, s\u0259n\u0259dd\u0259 v\u0259 \u0259m\u0259ld\u0259 bu y\u00fcks\u0259k statusa sadiqliyimizi g\u00f6st\u0259ririk\u201d, &#8211; dey\u0259 d\u00f6vl\u0259timizin ba\u015f\u00e7\u0131s\u0131 vur\u011fulay\u0131b.","_links":{"self":[{"href":"https:\/\/arantv.az\/index.php?rest_route=\/wp\/v2\/posts\/666967"}],"collection":[{"href":"https:\/\/arantv.az\/index.php?rest_route=\/wp\/v2\/posts"}],"about":[{"href":"https:\/\/arantv.az\/index.php?rest_route=\/wp\/v2\/types\/post"}],"author":[{"embeddable":true,"href":"https:\/\/arantv.az\/index.php?rest_route=\/wp\/v2\/users\/2"}],"replies":[{"embeddable":true,"href":"https:\/\/arantv.az\/index.php?rest_route=%2Fwp%2Fv2%2Fcomments&post=666967"}],"version-history":[{"count":0,"href":"https:\/\/arantv.az\/index.php?rest_route=\/wp\/v2\/posts\/666967\/revisions"}],"wp:featuredmedia":[{"embeddable":true,"href":"https:\/\/arantv.az\/index.php?rest_route=\/wp\/v2\/media\/666970"}],"wp:attachment":[{"href":"https:\/\/arantv.az\/index.php?rest_route=%2Fwp%2Fv2%2Fmedia&parent=666967"}],"wp:term":[{"taxonomy":"category","embeddable":true,"href":"https:\/\/arantv.az\/index.php?rest_route=%2Fwp%2Fv2%2Fcategories&post=666967"},{"taxonomy":"post_tag","embeddable":true,"href":"https:\/\/arantv.az\/index.php?rest_route=%2Fwp%2Fv2%2Ftags&post=666967"}],"curies":[{"name":"wp","href":"https:\/\/api.w.org\/{rel}","templated":true}]}}