{"id":666971,"date":"2023-12-10T19:52:50","date_gmt":"2023-12-10T15:52:50","guid":{"rendered":"https:\/\/arantv.az\/?p=666971"},"modified":"2023-12-10T19:52:50","modified_gmt":"2023-12-10T15:52:50","slug":"az%c9%99rbaycan-serbiya-%c9%99laq%c9%99l%c9%99rinin-inkisafinda-yeni-m%c9%99rh%c9%99l%c9%99-baslayib","status":"publish","type":"post","link":"https:\/\/arantv.az\/?p=666971","title":{"rendered":"Az\u0259rbaycan-Serbiya \u0259laq\u0259l\u0259rinin inki\u015faf\u0131nda yeni m\u0259rh\u0259l\u0259 ba\u015flay\u0131b"},"content":{"rendered":"<p>Az\u0259rbaycanla \u0259m\u0259kda\u015fl\u0131q \u0259laq\u0259l\u0259rinin inki\u015faf\u0131nda maraql\u0131 olan \u00f6lk\u0259l\u0259rd\u0259n biri d\u0259 Serbiyad\u0131r.<\/p>\n<p>\u201cReport\u201d\u00a0x\u0259b\u0259r verir ki, iki \u00f6lk\u0259 aras\u0131nda \u0259laq\u0259l\u0259rin inki\u015faf\u0131na t\u0259kan ver\u0259n m\u00fch\u00fcm amill\u0259rd\u0259n biri d\u0259 Belqrad\u0131n Az\u0259rbaycan\u0131n m\u00fcst\u0259qilliyini ilk tan\u0131yan d\u00f6vl\u0259tl\u0259r s\u0131ras\u0131nda olmas\u0131d\u0131r.<\/p>\n<p>Az\u0259rbaycan il\u0259 Serbiya aras\u0131nda ikit\u0259r\u0259fli m\u00fcnasib\u0259tl\u0259r is\u0259 21 avqust 1997-ci ild\u0259 qurulub. S\u0259kkiz iyun 2011-ci ild\u0259 Az\u0259rbaycan Respublikas\u0131n\u0131n Serbiya Respublikas\u0131nda, 2011-ci ilin fevral ay\u0131nda is\u0259 Serbiya Respublikas\u0131n\u0131n Az\u0259rbaycan Respublikas\u0131nda S\u0259firliyi f\u0259aliyy\u0259t\u0259 ba\u015flay\u0131b.<\/p>\n<p>D\u00f6vl\u0259t ba\u015f\u00e7\u0131lar\u0131 s\u0259viyy\u0259sind\u0259 son ill\u0259r intensivl\u0259\u015f\u0259n qar\u015f\u0131l\u0131ql\u0131 y\u00fcks\u0259k s\u0259viyy\u0259li s\u0259f\u0259rl\u0259r iki \u00f6lk\u0259 aras\u0131nda \u0259m\u0259kda\u015fl\u0131q sah\u0259l\u0259rinin geni\u015fl\u0259ndirilm\u0259si v\u0259 d\u0259rinl\u0259\u015fdirilm\u0259si \u00fc\u00e7\u00fcn z\u0259min yarad\u0131b.<\/p>\n<p>\u0130ki \u00f6lk\u0259 aras\u0131nda \u0259m\u0259kda\u015fl\u0131q ikit\u0259r\u0259fli formatla yana\u015f\u0131 \u00e7oxt\u0259r\u0259fli m\u00fcst\u0259vid\u0259 d\u0259 u\u011furla davam etdirilir. Beyn\u0259lxalq arenada \u00f6lk\u0259l\u0259rimiz bir-birinin suverenliyi, \u0259razi b\u00fct\u00f6vl\u00fcy\u00fcn\u00fc birm\u0259nal\u0131 \u015f\u0259kild\u0259 qar\u015f\u0131l\u0131ql\u0131 sur\u0259td\u0259 d\u0259st\u0259kl\u0259yir, beyn\u0259lxalq t\u0259\u015fkilatlar \u00e7\u0259r\u00e7iv\u0259sid\u0259 h\u0259r iki \u00f6lk\u0259 t\u0259r\u0259find\u0259n ir\u0259li s\u00fcr\u00fcl\u0259n t\u0259\u015f\u0259bb\u00fcsl\u0259r n\u0259z\u0259r\u0259 al\u0131n\u0131r. Beyn\u0259lxalq t\u0259\u015fkilatlar \u00e7\u0259r\u00e7iv\u0259sind\u0259 Az\u0259rbaycan v\u0259 Serbiya d\u00f6vl\u0259tl\u0259rinin t\u0259msil\u00e7il\u0259ri prinsipial m\u0259s\u0259l\u0259l\u0259rin h\u0259llind\u0259 birg\u0259 m\u00f6vqe n\u00fcmayi\u015f etdirirl\u0259r. Buna \u0259yani misal kimi Serbiyan\u0131n 14 mart 2008-ci il tarixind\u0259 Az\u0259rbaycan\u0131n t\u0259klif etdiyi \u201cAz\u0259rbaycan\u0131n i\u015f\u011fal olunmu\u015f \u0259razil\u0259rind\u0259ki v\u0259ziyy\u0259t haqq\u0131nda\u201d q\u0259tnam\u0259 layih\u0259si il\u0259 \u0259laq\u0259dar BMT Ba\u015f Assambleyas\u0131nda ke\u00e7iril\u0259n s\u0259sverm\u0259d\u0259 m\u0259s\u0259l\u0259nin lehin\u0259 m\u00f6vqe n\u00fcmayi\u015f etdirm\u0259sidir.<\/p>\n<p>\u0130kit\u0259r\u0259fli m\u00fcnasib\u0259tl\u0259rin inki\u015faf\u0131 bax\u0131m\u0131ndan 2011-ci ild\u0259 yarad\u0131lm\u0131\u015f Ticar\u0259t v\u0259 \u0130qtisadi \u018fm\u0259kda\u015fl\u0131q \u00fczr\u0259 H\u00f6kum\u0259tl\u0259raras\u0131 Komissiyan\u0131n rolu \u0259h\u0259miyy\u0259tlidir. Komissiyan\u0131n indiy\u0259d\u0259k yeddi iclas\u0131 ke\u00e7irilib. Sonuncu iclas 28 aprel 2023-c\u00fc ild\u0259 Serbiyada ba\u015f tutub.<\/p>\n<p>\u0130ki \u00f6lk\u0259 aras\u0131nda m\u00fcnasib\u0259tl\u0259rin m\u00f6hk\u0259ml\u0259nm\u0259sind\u0259 parlamentl\u0259rin rolunu da x\u00fcsusi qeyd etm\u0259k laz\u0131md\u0131r. Bel\u0259 ki, h\u0259r iki \u00f6lk\u0259nin parlamentind\u0259 dostluq qruplar\u0131 f\u0259aliyy\u0259t g\u00f6st\u0259rirl\u0259r. Parlament s\u0259drl\u0259rinin, el\u0259c\u0259 d\u0259 d\u00f6vl\u0259t v\u0259 h\u00f6kum\u0259t ba\u015f\u00e7\u0131lar\u0131n\u0131n\u00a0qar\u015f\u0131l\u0131ql\u0131 s\u0259f\u0259rl\u0259ri \u0259m\u0259kda\u015fl\u0131q \u0259laq\u0259l\u0259rinin daha da inki\u015faf\u0131na g\u00fccl\u00fc t\u0259kan ver\u0259c\u0259kdir.<\/p>\n<div id=\"22889818619\">\n<div id=\"google_ads_iframe_\/22785635315\/22890818619_0__container__\"><\/div>\n<\/div>\n<p>\u0130ki \u00f6lk\u0259 aras\u0131nda enerji sah\u0259sind\u0259ki \u0259m\u0259kda\u015fl\u0131qda yeni imkanlar a\u00e7\u0131l\u0131b. Serbiya Az\u0259rbaycan\u0131n Avropada qaz bazar\u0131n\u0131 \u015fax\u0259l\u0259ndirm\u0259sind\u0259 yeni t\u0259r\u0259fda\u015f\u0131d\u0131r. Serbiyaya qaz t\u0259dar\u00fck\u00fc n\u0259tic\u0259sind\u0259 Az\u0259rbaycan qaz\u0131n\u0131 idxal ed\u0259n \u00f6lk\u0259l\u0259rin say\u0131 8-\u0259 \u00e7at\u0131b. Bu, Az\u0259rbaycan\u0131n etibarl\u0131 enerji t\u0259r\u0259fda\u015f\u0131 missiyas\u0131n\u0131n geni\u015fl\u0259nm\u0259sinin v\u0259 Avropan\u0131n enerji t\u0259hl\u00fck\u0259sizliyind\u0259 oynad\u0131\u011f\u0131 rolun getdikc\u0259 artmas\u0131n\u0131n bariz g\u00f6st\u0259ricisidir. Bu g\u00fcn Az\u0259rbaycan qaz\u0131 Serbiyan\u0131n t\u0259chizat m\u0259nb\u0259l\u0259rinin \u015fax\u0259l\u0259ndirilm\u0259si il\u0259 yana\u015f\u0131, M\u0259rk\u0259zi Avropaya qaz\u0131n paylanmas\u0131nda tranzit \u00f6lk\u0259 kimi Serbiyan\u0131n strateji roluna da t\u00f6hf\u0259 verir. Az\u0259rbaycan qaz\u0131 g\u0259l\u0259c\u0259kd\u0259 Serbiya vasit\u0259sil\u0259 M\u0259rk\u0259zi Avropa \u00f6lk\u0259l\u0259rin\u0259 d\u0259 \u00e7atd\u0131r\u0131la bil\u0259r. Serbiya etibarl\u0131 t\u0259r\u0259fda\u015f olan Az\u0259rbaycandan elektrik enerjisinin Avropaya ixrac\u0131n\u0131 t\u0259min ed\u0259c\u0259k Qara d\u0259niz sualt\u0131 kabel layih\u0259sin\u0259 qo\u015fulma perspektivl\u0259rini n\u0259z\u0259rd\u0259n ke\u00e7irir.<\/p>\n<p>\u0130ki \u00f6lk\u0259 aras\u0131nda y\u00fcks\u0259l\u0259n x\u0259tl\u0259 inki\u015faf ed\u0259n \u0259m\u0259kda\u015fl\u0131q iqtisadi m\u00fcnasib\u0259tl\u0259rin inki\u015faf\u0131nda da \u00f6z\u00fcn\u00fc g\u00f6st\u0259rir. K\u0259nd t\u0259s\u0259rr\u00fcfat\u0131, hava n\u0259qliyyat\u0131, turizm, tibb, n\u0259qliyyat-infrastruktur v\u0259 dig\u0259r sah\u0259l\u0259rd\u0259 \u0259m\u0259kda\u015fl\u0131q h\u0259r iki t\u0259r\u0259fin maraq dair\u0259sind\u0259dir.<\/p>\n<p>Az\u0259rbaycan\u0131n \u015eu\u015fa v\u0259 Serbiyan\u0131n Novi Pazar \u015f\u0259h\u0259rl\u0259ri aras\u0131nda 2023-c\u00fc ilin 17 mart\u0131nda qarda\u015fla\u015fma \u0259laq\u0259l\u0259rinin t\u0259sis edilm\u0259si v\u0259 m\u0259d\u0259niyy\u0259t, turizm, \u015f\u0259h\u0259rsalma, elm, iqtisadiyyat v\u0259 ictimai h\u0259yat\u0131n dig\u0259r uy\u011fun sah\u0259l\u0259rind\u0259 \u0259m\u0259kda\u015fl\u0131\u011fa dair Anla\u015fma Memorandumu imzalanmas\u0131 iki \u00f6lk\u0259 aras\u0131nda strateji m\u00fcnasib\u0259tl\u0259rin dig\u0259r bariz n\u00fcmun\u0259sidir. Bel\u0259 ki, i\u015f\u011faldan sonra ilk d\u0259f\u0259 \u015eu\u015fada qarda\u015fla\u015fma haqq\u0131nda Anla\u015fma Memorandumu m\u0259hz Serbiya t\u0259r\u0259fi il\u0259 imzalan\u0131b.<\/p>\n<p>\u00d6lk\u0259l\u0259rimiz aras\u0131nda t\u0259hsil sah\u0259sind\u0259 d\u0259 \u0259m\u0259kda\u015fl\u0131q m\u00f6vcuddur. Serbiyan\u0131n Belqrad Universitetind\u0259 Az\u0259rbaycan Dili v\u0259 M\u0259d\u0259niyy\u0259ti M\u0259rk\u0259zi, Az\u0259rbaycan Dill\u0259r Universitetind\u0259 is\u0259 Serb dili v\u0259 M\u0259d\u0259niyy\u0259ti M\u0259rk\u0259zi f\u0259aliyy\u0259t g\u00f6st\u0259rir. Serbiyal\u0131 diplomatlar 2019 v\u0259 2023-c\u00fc ill\u0259rd\u0259 ADA Universitetind\u0259 t\u0259\u015fkil edilmi\u015f Xarici Siyas\u0259t Proqram\u0131nda i\u015ftirak edib.<\/p>\n<p>\u00d6lk\u0259l\u0259rimiz aras\u0131nda humanitar sah\u0259l\u0259rd\u0259 qar\u015f\u0131l\u0131ql\u0131 faydal\u0131 \u0259m\u0259kda\u015fl\u0131q da m\u00f6vcuddur. 2011-ci ild\u0259 Belqrad\u0131n Ta\u015fmaydan park\u0131nda Az\u0259rbaycan\u0131n \u00fcmummilli lideri Heyd\u0259r \u018fliyevin abid\u0259si, Novi Sad \u015f\u0259h\u0259rind\u0259 Az\u0259rbaycan\u0131n dahi b\u0259st\u0259kar\u0131 \u00dczeyir Hac\u0131b\u0259ylinin b\u00fcst\u00fcn\u00fcn a\u00e7\u0131l\u0131\u015f\u0131, 2013-c\u00fc ild\u0259 is\u0259 Bak\u0131da g\u00f6rk\u0259mli serb alimi Nikola Teslan\u0131n abid\u0259sinin a\u00e7\u0131l\u0131\u015f\u0131 olub.<\/p>\n","protected":false},"excerpt":{"rendered":"<p>Az\u0259rbaycanla \u0259m\u0259kda\u015fl\u0131q \u0259laq\u0259l\u0259rinin inki\u015faf\u0131nda maraql\u0131 olan \u00f6lk\u0259l\u0259rd\u0259n biri d\u0259 Serbiyad\u0131r. \u201cReport\u201d\u00a0x\u0259b\u0259r verir ki, iki \u00f6lk\u0259 aras\u0131nda \u0259laq\u0259l\u0259rin inki\u015faf\u0131na t\u0259kan ver\u0259n m\u00fch\u00fcm amill\u0259rd\u0259n biri d\u0259 Belqrad\u0131n Az\u0259rbaycan\u0131n m\u00fcst\u0259qilliyini ilk tan\u0131yan d\u00f6vl\u0259tl\u0259r s\u0131ras\u0131nda olmas\u0131d\u0131r. Az\u0259rbaycan il\u0259 Serbiya aras\u0131nda ikit\u0259r\u0259fli m\u00fcnasib\u0259tl\u0259r is\u0259 21 avqust 1997-ci ild\u0259 qurulub. S\u0259kkiz iyun 2011-ci ild\u0259 Az\u0259rbaycan Respublikas\u0131n\u0131n Serbiya Respublikas\u0131nda, 2011-ci ilin fevral ay\u0131nda is\u0259 Serbiya Respublikas\u0131n\u0131n Az\u0259rbaycan Respublikas\u0131nda S\u0259firliyi f\u0259aliyy\u0259t\u0259 ba\u015flay\u0131b. D\u00f6vl\u0259t ba\u015f\u00e7\u0131lar\u0131 s\u0259viyy\u0259sind\u0259 son ill\u0259r intensivl\u0259\u015f\u0259n qar\u015f\u0131l\u0131ql\u0131 y\u00fcks\u0259k s\u0259viyy\u0259li s\u0259f\u0259rl\u0259r iki \u00f6lk\u0259 aras\u0131nda \u0259m\u0259kda\u015fl\u0131q sah\u0259l\u0259rinin geni\u015fl\u0259ndirilm\u0259si v\u0259 d\u0259rinl\u0259\u015fdirilm\u0259si \u00fc\u00e7\u00fcn z\u0259min yarad\u0131b. \u0130ki \u00f6lk\u0259 aras\u0131nda \u0259m\u0259kda\u015fl\u0131q ikit\u0259r\u0259fli&hellip;<\/p>\n","protected":false},"author":2,"featured_media":666974,"comment_status":"closed","ping_status":"closed","sticky":false,"template":"","format":"standard","meta":{"om_disable_all_campaigns":false,"_monsterinsights_skip_tracking":false,"_monsterinsights_sitenote_active":false,"_monsterinsights_sitenote_note":"","_monsterinsights_sitenote_category":0},"categories":[4],"tags":[],"aioseo_notices":[],"gutentor_comment":0,"rttpg_featured_image_url":{"full":["https:\/\/arantv.az\/wp-content\/uploads\/2023\/12\/FotoJet-2022-08-21T160848.476.jpg",620,413,false],"landscape":["https:\/\/arantv.az\/wp-content\/uploads\/2023\/12\/FotoJet-2022-08-21T160848.476.jpg",620,413,false],"portraits":["https:\/\/arantv.az\/wp-content\/uploads\/2023\/12\/FotoJet-2022-08-21T160848.476.jpg",620,413,false],"thumbnail":["https:\/\/arantv.az\/wp-content\/uploads\/2023\/12\/FotoJet-2022-08-21T160848.476-500x280.jpg",500,280,true],"medium":["https:\/\/arantv.az\/wp-content\/uploads\/2023\/12\/FotoJet-2022-08-21T160848.476-548x365.jpg",548,365,true],"large":["https:\/\/arantv.az\/wp-content\/uploads\/2023\/12\/FotoJet-2022-08-21T160848.476.jpg",620,413,false],"1536x1536":["https:\/\/arantv.az\/wp-content\/uploads\/2023\/12\/FotoJet-2022-08-21T160848.476.jpg",620,413,false],"2048x2048":["https:\/\/arantv.az\/wp-content\/uploads\/2023\/12\/FotoJet-2022-08-21T160848.476.jpg",620,413,false],"post-thumbnail":["https:\/\/arantv.az\/wp-content\/uploads\/2023\/12\/FotoJet-2022-08-21T160848.476-240x172.jpg",240,172,true],"advps-thumb-one":["https:\/\/arantv.az\/wp-content\/uploads\/2023\/12\/FotoJet-2022-08-21T160848.476.jpg",620,413,false]},"rttpg_author":{"display_name":"V\u00fcsal Rafiqo\u011flu","author_link":"https:\/\/arantv.az\/?author=2"},"rttpg_comment":0,"rttpg_category":"<a href=\"https:\/\/arantv.az\/?cat=4\" rel=\"category\">Siyas\u0259t<\/a>","rttpg_excerpt":"Az\u0259rbaycanla \u0259m\u0259kda\u015fl\u0131q \u0259laq\u0259l\u0259rinin inki\u015faf\u0131nda maraql\u0131 olan \u00f6lk\u0259l\u0259rd\u0259n biri d\u0259 Serbiyad\u0131r. \u201cReport\u201d\u00a0x\u0259b\u0259r verir ki, iki \u00f6lk\u0259 aras\u0131nda \u0259laq\u0259l\u0259rin inki\u015faf\u0131na t\u0259kan ver\u0259n m\u00fch\u00fcm amill\u0259rd\u0259n biri d\u0259 Belqrad\u0131n Az\u0259rbaycan\u0131n m\u00fcst\u0259qilliyini ilk tan\u0131yan d\u00f6vl\u0259tl\u0259r s\u0131ras\u0131nda olmas\u0131d\u0131r. Az\u0259rbaycan il\u0259 Serbiya aras\u0131nda ikit\u0259r\u0259fli m\u00fcnasib\u0259tl\u0259r is\u0259 21 avqust 1997-ci ild\u0259 qurulub. S\u0259kkiz iyun 2011-ci ild\u0259 Az\u0259rbaycan Respublikas\u0131n\u0131n Serbiya Respublikas\u0131nda, 2011-ci ilin fevral&hellip;","_links":{"self":[{"href":"https:\/\/arantv.az\/index.php?rest_route=\/wp\/v2\/posts\/666971"}],"collection":[{"href":"https:\/\/arantv.az\/index.php?rest_route=\/wp\/v2\/posts"}],"about":[{"href":"https:\/\/arantv.az\/index.php?rest_route=\/wp\/v2\/types\/post"}],"author":[{"embeddable":true,"href":"https:\/\/arantv.az\/index.php?rest_route=\/wp\/v2\/users\/2"}],"replies":[{"embeddable":true,"href":"https:\/\/arantv.az\/index.php?rest_route=%2Fwp%2Fv2%2Fcomments&post=666971"}],"version-history":[{"count":0,"href":"https:\/\/arantv.az\/index.php?rest_route=\/wp\/v2\/posts\/666971\/revisions"}],"wp:featuredmedia":[{"embeddable":true,"href":"https:\/\/arantv.az\/index.php?rest_route=\/wp\/v2\/media\/666974"}],"wp:attachment":[{"href":"https:\/\/arantv.az\/index.php?rest_route=%2Fwp%2Fv2%2Fmedia&parent=666971"}],"wp:term":[{"taxonomy":"category","embeddable":true,"href":"https:\/\/arantv.az\/index.php?rest_route=%2Fwp%2Fv2%2Fcategories&post=666971"},{"taxonomy":"post_tag","embeddable":true,"href":"https:\/\/arantv.az\/index.php?rest_route=%2Fwp%2Fv2%2Ftags&post=666971"}],"curies":[{"name":"wp","href":"https:\/\/api.w.org\/{rel}","templated":true}]}}