{"id":666978,"date":"2023-12-10T19:54:38","date_gmt":"2023-12-10T15:54:38","guid":{"rendered":"https:\/\/arantv.az\/?p=666978"},"modified":"2023-12-10T19:54:38","modified_gmt":"2023-12-10T15:54:38","slug":"az%c9%99rbaycan-prezidenti-ilham-%c9%99liyev-serbiyada-isguzar-s%c9%99f%c9%99rd%c9%99dir-foto","status":"publish","type":"post","link":"https:\/\/arantv.az\/?p=666978","title":{"rendered":"Az\u0259rbaycan Prezidenti \u0130lham \u018fliyev Serbiyada i\u015fg\u00fczar s\u0259f\u0259rd\u0259dir &#8211; FOTO"},"content":{"rendered":"<p>Dekabr\u0131n 10-da Az\u0259rbaycan Respublikas\u0131n\u0131n Prezidenti\u00a0<strong>\u0130lham \u018fliyev<\/strong>\u00a0Serbiya Respublikas\u0131n\u0131n Prezidenti Aleksandar Vu\u00e7i\u00e7in d\u0259v\u0259ti il\u0259 Serbiyaya i\u015fg\u00fczar s\u0259f\u0259r\u0259 gedib.<\/p>\n<p><a href=\"https:\/\/azertag.az\/xeber\/azerbaycan_prezidenti_ilham_eliyev_serbiyaya_isguzar_sefere_gelib-2846045\" target=\"_blank\" rel=\"noopener\">AZ\u018fRTAC<\/a>\u00a0x\u0259b\u0259r verir ki, Ni\u015f \u015f\u0259h\u0259rinin \u201cKonstantin Veliki\u201d hava liman\u0131nda d\u00f6vl\u0259timizin ba\u015f\u00e7\u0131s\u0131n\u0131n \u015f\u0259r\u0259fin\u0259 f\u0259xri qarovul d\u0259st\u0259si d\u00fcz\u00fcl\u00fcb.<\/p>\n<p>Prezident \u0130lham \u018fliyevi Serbiya Ba\u015f nazirinin m\u00fcavini, maliyy\u0259 naziri Sini\u015fa Mali v\u0259 dig\u0259r r\u0259smi \u015f\u0259xsl\u0259r qar\u015f\u0131lay\u0131blar.<\/p>\n<p>&nbsp;<\/p>\n<div class=\"gallery\">\n<div class=\"gallery-i\"><img src=\"https:\/\/cdn.oxu.az\/uploads\/W1siZiIsIjIwMjMvMTIvMTAvMTMvNDYvNDMvMTMyZmZiNmUtYWRlNi00NGEzLWJmMWQtZmI3NWZiODg0OGI0LzE3MDIyMDE0MTg4NjExNzcwNV8xMjAweDYzMC5qcGciXSxbInAiLCJlbmNvZGUiLCJqcGciLCItcXVhbGl0eSA4MCJdLFsicCIsInRodW1iIiwiNTkweDU5MFx1MDAzZSJdXQ?sha=c5fbcc4215a61569\" alt=\"\" \/><\/p>\n<div class=\"gallery-i-caption\"><\/div>\n<\/div>\n<div class=\"gallery-i\"><img src=\"https:\/\/cdn.oxu.az\/uploads\/W1siZiIsIjIwMjMvMTIvMTAvMTMvNDYvNDMvNjczMjVmOTYtN2Y3MC00YmJiLWEzZDYtMzE2ZmM3NTcwN2JkLzE3MDIyMDE0MTg0ODk5OTM5MzUyXzEyMDB4NjMwLmpwZyJdLFsicCIsImVuY29kZSIsImpwZyIsIi1xdWFsaXR5IDgwIl0sWyJwIiwidGh1bWIiLCI1OTB4NTkwXHUwMDNlIl1d?sha=a8683a93bda835e9\" alt=\"\" \/><\/div>\n<\/div>\n","protected":false},"excerpt":{"rendered":"<p>Dekabr\u0131n 10-da Az\u0259rbaycan Respublikas\u0131n\u0131n Prezidenti\u00a0\u0130lham \u018fliyev\u00a0Serbiya Respublikas\u0131n\u0131n Prezidenti Aleksandar Vu\u00e7i\u00e7in d\u0259v\u0259ti il\u0259 Serbiyaya i\u015fg\u00fczar s\u0259f\u0259r\u0259 gedib. AZ\u018fRTAC\u00a0x\u0259b\u0259r verir ki, Ni\u015f \u015f\u0259h\u0259rinin \u201cKonstantin Veliki\u201d hava liman\u0131nda d\u00f6vl\u0259timizin ba\u015f\u00e7\u0131s\u0131n\u0131n \u015f\u0259r\u0259fin\u0259 f\u0259xri qarovul d\u0259st\u0259si d\u00fcz\u00fcl\u00fcb. Prezident \u0130lham \u018fliyevi Serbiya Ba\u015f nazirinin m\u00fcavini, maliyy\u0259 naziri Sini\u015fa Mali v\u0259 dig\u0259r r\u0259smi \u015f\u0259xsl\u0259r qar\u015f\u0131lay\u0131blar. &nbsp;<\/p>\n","protected":false},"author":2,"featured_media":666979,"comment_status":"closed","ping_status":"closed","sticky":false,"template":"","format":"standard","meta":{"om_disable_all_campaigns":false,"_monsterinsights_skip_tracking":false,"_monsterinsights_sitenote_active":false,"_monsterinsights_sitenote_note":"","_monsterinsights_sitenote_category":0},"categories":[4],"tags":[],"aioseo_notices":[],"gutentor_comment":0,"rttpg_featured_image_url":{"full":["https:\/\/arantv.az\/wp-content\/uploads\/2023\/12\/FotoJet-10-6.jpg",620,413,false],"landscape":["https:\/\/arantv.az\/wp-content\/uploads\/2023\/12\/FotoJet-10-6.jpg",620,413,false],"portraits":["https:\/\/arantv.az\/wp-content\/uploads\/2023\/12\/FotoJet-10-6.jpg",620,413,false],"thumbnail":["https:\/\/arantv.az\/wp-content\/uploads\/2023\/12\/FotoJet-10-6-500x280.jpg",500,280,true],"medium":["https:\/\/arantv.az\/wp-content\/uploads\/2023\/12\/FotoJet-10-6-548x365.jpg",548,365,true],"large":["https:\/\/arantv.az\/wp-content\/uploads\/2023\/12\/FotoJet-10-6.jpg",620,413,false],"1536x1536":["https:\/\/arantv.az\/wp-content\/uploads\/2023\/12\/FotoJet-10-6.jpg",620,413,false],"2048x2048":["https:\/\/arantv.az\/wp-content\/uploads\/2023\/12\/FotoJet-10-6.jpg",620,413,false],"post-thumbnail":["https:\/\/arantv.az\/wp-content\/uploads\/2023\/12\/FotoJet-10-6-240x172.jpg",240,172,true],"advps-thumb-one":["https:\/\/arantv.az\/wp-content\/uploads\/2023\/12\/FotoJet-10-6.jpg",620,413,false]},"rttpg_author":{"display_name":"V\u00fcsal Rafiqo\u011flu","author_link":"https:\/\/arantv.az\/?author=2"},"rttpg_comment":0,"rttpg_category":"<a href=\"https:\/\/arantv.az\/?cat=4\" rel=\"category\">Siyas\u0259t<\/a>","rttpg_excerpt":"Dekabr\u0131n 10-da Az\u0259rbaycan Respublikas\u0131n\u0131n Prezidenti\u00a0\u0130lham \u018fliyev\u00a0Serbiya Respublikas\u0131n\u0131n Prezidenti Aleksandar Vu\u00e7i\u00e7in d\u0259v\u0259ti il\u0259 Serbiyaya i\u015fg\u00fczar s\u0259f\u0259r\u0259 gedib. AZ\u018fRTAC\u00a0x\u0259b\u0259r verir ki, Ni\u015f \u015f\u0259h\u0259rinin \u201cKonstantin Veliki\u201d hava liman\u0131nda d\u00f6vl\u0259timizin ba\u015f\u00e7\u0131s\u0131n\u0131n \u015f\u0259r\u0259fin\u0259 f\u0259xri qarovul d\u0259st\u0259si d\u00fcz\u00fcl\u00fcb. Prezident \u0130lham \u018fliyevi Serbiya Ba\u015f nazirinin m\u00fcavini, maliyy\u0259 naziri Sini\u015fa Mali v\u0259 dig\u0259r r\u0259smi \u015f\u0259xsl\u0259r qar\u015f\u0131lay\u0131blar. &nbsp;","_links":{"self":[{"href":"https:\/\/arantv.az\/index.php?rest_route=\/wp\/v2\/posts\/666978"}],"collection":[{"href":"https:\/\/arantv.az\/index.php?rest_route=\/wp\/v2\/posts"}],"about":[{"href":"https:\/\/arantv.az\/index.php?rest_route=\/wp\/v2\/types\/post"}],"author":[{"embeddable":true,"href":"https:\/\/arantv.az\/index.php?rest_route=\/wp\/v2\/users\/2"}],"replies":[{"embeddable":true,"href":"https:\/\/arantv.az\/index.php?rest_route=%2Fwp%2Fv2%2Fcomments&post=666978"}],"version-history":[{"count":0,"href":"https:\/\/arantv.az\/index.php?rest_route=\/wp\/v2\/posts\/666978\/revisions"}],"wp:featuredmedia":[{"embeddable":true,"href":"https:\/\/arantv.az\/index.php?rest_route=\/wp\/v2\/media\/666979"}],"wp:attachment":[{"href":"https:\/\/arantv.az\/index.php?rest_route=%2Fwp%2Fv2%2Fmedia&parent=666978"}],"wp:term":[{"taxonomy":"category","embeddable":true,"href":"https:\/\/arantv.az\/index.php?rest_route=%2Fwp%2Fv2%2Fcategories&post=666978"},{"taxonomy":"post_tag","embeddable":true,"href":"https:\/\/arantv.az\/index.php?rest_route=%2Fwp%2Fv2%2Ftags&post=666978"}],"curies":[{"name":"wp","href":"https:\/\/api.w.org\/{rel}","templated":true}]}}