{"id":666983,"date":"2023-12-10T20:02:45","date_gmt":"2023-12-10T16:02:45","guid":{"rendered":"https:\/\/arantv.az\/?p=666983"},"modified":"2023-12-10T20:02:45","modified_gmt":"2023-12-10T16:02:45","slug":"ir%c9%99van-bakidan-z%c9%99man%c9%99t-ist%c9%99yir-hal-sahidl%c9%99ri-kim-olacaq","status":"publish","type":"post","link":"https:\/\/arantv.az\/?p=666983","title":{"rendered":"\u0130r\u0259van Bak\u0131dan z\u0259man\u0259t ist\u0259yir \u2013 \u201cHal \u015fahidl\u0259ri\u201d kim olacaq?"},"content":{"rendered":"<p><strong>\u0130lin sonuna \u00fc\u00e7c\u0259 h\u0259ft\u0259 qald\u0131. \u0130ndi bir \u00e7ox analitikl\u0259ri d\u00fc\u015f\u00fcnd\u00fcr\u0259n m\u0259s\u0259l\u0259l\u0259rd\u0259n biri bu m\u00fcdd\u0259td\u0259 Az\u0259rbaycan v\u0259 Erm\u0259nistan aras\u0131nda s\u00fclh anla\u015fmas\u0131n\u0131n n\u0259hay\u0259t, ba\u015f tutub-tutmayaca\u011f\u0131 il\u0259 ba\u011fl\u0131d\u0131r. H\u0259r\u00e7\u0259nd s\u0259n\u0259d g\u0259l\u0259n il d\u0259 imzalana bil\u0259r, o biri il d\u0259. \u018fsas odur uzunm\u00fcdd\u0259tli v\u0259 i\u015fl\u0259k, iki xalq aras\u0131nda d\u00fc\u015fm\u0259n\u00e7iliy\u0259 son qoymaq g\u00fcc\u00fcnd\u0259 olsun. \u018fn az\u0131ndan, bar\u0131\u015f\u0131q prosesin\u0259 ciddi stimul, t\u0259kan versin.<\/strong><\/p>\n<p>Bundan \u00f6tr\u00fc \u00e7ox vacibdir ki, t\u0259r\u0259fl\u0259rd\u0259n he\u00e7 biri, x\u00fcsus\u0259n d\u0259 Erm\u0259nistan s\u00fclh sazi\u015find\u0259n sonra \u00f6z\u00fcn\u00fc a\u015fa\u011f\u0131lanm\u0131\u015f, m\u0259\u011flub kimi hiss etm\u0259sin. Qalib h\u0259r iki xalq olsun. Onun \u00fc\u00e7\u00fcn d\u0259 \u0130r\u0259van s\u0259n\u0259di m\u0259hz erm\u0259ni c\u0259miyy\u0259tinin irad\u0259si il\u0259, legitim \u0259sasda v\u0259 k\u00f6n\u00fcll\u00fc imzalamal\u0131d\u0131r. Bir az gec, bir az tez, ancaq yaln\u0131zca k\u00f6n\u00fcll\u00fc. T\u0259bii ki, g\u00f6t\u00fcrd\u00fcy\u00fc b\u00fct\u00fcn beyn\u0259lxalq \u00f6hd\u0259likl\u0259r\u0259, \u00fczv oldu\u011fu BMT-nin Nizamnam\u0259sin\u0259 \u0259m\u0259l ed\u0259r\u0259k. \u00c7\u00fcnki anla\u015fma h\u0259r \u015feyd\u0259n \u00f6nc\u0259 \u0259dal\u0259tlilik prinsipin\u0259 s\u00f6yk\u0259nm\u0259lidir.<\/p>\n<p>Bu x\u00fcsusda Bak\u0131n\u0131n h\u0259l\u0259 iki il yar\u0131m \u00f6nc\u0259 s\u00fclh m\u00fcqavil\u0259si \u00fc\u00e7\u00fcn ir\u0259li s\u00fcrd\u00fcy\u00fc 5 prinsip \u0259la baza rolunu oynaya bil\u0259r v\u0259 y\u0259qin ki, sonucda el\u0259 d\u0259 olacaq. \u00c7\u00fcnki Erm\u0259nistan h\u0259qiq\u0259t\u0259n daimi s\u00fclh arzusundad\u0131rsa, h\u0259min 5 prinsipd\u0259 h\u0259r \u015fey \u0259ksini tap\u0131b v\u0259 bu, he\u00e7 Az\u0259rbaycan\u0131n k\u0259\u015ffi d\u0259 say\u0131lmaz.<\/p>\n<p><strong>Onlar\u0131 yada salma\u011f\u0131n yeri var:<\/strong><\/p>\n<p>1. D\u00f6vl\u0259tl\u0259rin bir-biril\u0259rinin suverenliyi, \u0259razi b\u00fct\u00f6vl\u00fcy\u00fc, beyn\u0259lxalq s\u0259rh\u0259dl\u0259rinin toxunulmazl\u0131\u011f\u0131 v\u0259 siyasi m\u00fcst\u0259qilliyini qar\u015f\u0131l\u0131ql\u0131 \u015f\u0259kild\u0259 tan\u0131mas\u0131;<\/p>\n<p>2. D\u00f6vl\u0259tl\u0259rin bir-biril\u0259rin\u0259 qar\u015f\u0131 \u0259razi iddialar\u0131n\u0131n olmamas\u0131n\u0131n qar\u015f\u0131l\u0131ql\u0131 t\u0259sdiqi v\u0259 g\u0259l\u0259c\u0259kd\u0259 bel\u0259 bir iddian\u0131n qald\u0131r\u0131lmayaca\u011f\u0131na dair h\u00fcquqi \u00f6hd\u0259liyin g\u00f6t\u00fcr\u00fclm\u0259si;<\/p>\n<p>3. D\u00f6vl\u0259tl\u0259raras\u0131 m\u00fcnasib\u0259tl\u0259rd\u0259 bir-biril\u0259rinin t\u0259hl\u00fck\u0259sizliyin\u0259 h\u0259d\u0259 t\u00f6r\u0259tm\u0259kd\u0259n, siyasi m\u00fcst\u0259qillik v\u0259 \u0259razi b\u00fct\u00f6vl\u00fcy\u00fcn\u0259 qar\u015f\u0131 h\u0259d\u0259 v\u0259 g\u00fccd\u0259n istifad\u0259 etm\u0259kd\u0259n, habel\u0259 BMT Nizamnam\u0259sinin m\u0259qs\u0259dl\u0259rin\u0259 uy\u011fun olmayan dig\u0259r hallardan \u00e7\u0259kinm\u0259k;<\/p>\n<p>4. D\u00f6vl\u0259t s\u0259rh\u0259dinin delimitasiyas\u0131 v\u0259 demarkasiyas\u0131, diplomatik m\u00fcnasib\u0259tl\u0259rin qurulmas\u0131;<\/p>\n<p>5. N\u0259qliyyat v\u0259 kommunikasiyalar\u0131n a\u00e7\u0131l\u0131\u015f\u0131, dig\u0259r m\u00fcvafiq kommunikasiyalar\u0131n qurulmas\u0131 v\u0259 qar\u015f\u0131l\u0131ql\u0131 maraq do\u011furan dig\u0259r sah\u0259l\u0259rd\u0259 \u0259m\u0259kda\u015fl\u0131\u011f\u0131n qurulmas\u0131.<\/p>\n<p>M\u0259ntiql\u0259 Erm\u0259nistan\u0131n Az\u0259rbaycana qar\u015f\u0131 he\u00e7 bir gizli, b\u0259d niyy\u0259ti yoxdursa, g\u0259l\u0259c\u0259kd\u0259 d\u0259 olmayacaqsa, buna \u00e7oxdan raz\u0131l\u0131q verm\u0259li idi. Bununla bel\u0259, dey\u0259s\u0259n \u201ctunelin ucu\u201dnda i\u015f\u0131q ucu g\u00f6r\u00fcnm\u0259y\u0259 ba\u015flay\u0131b. Y\u0259ni imzalanma \u00e7ox uzaqda deyil. Amma v\u0259 lakin&#8230;<\/p>\n<p>Bu g\u00fcn Erm\u0259nistan T\u0259hl\u00fck\u0259sizlik \u015euras\u0131n\u0131n katibi Armen Qriqoryan deyib ki, erm\u0259ni t\u0259r\u0259finin son variant\u0131nda s\u00fclh anla\u015fmas\u0131na z\u0259man\u0259t institutunun yarad\u0131lmas\u0131 t\u0259klifi yer al\u0131r.<\/p>\n<p>Hans\u0131 z\u0259man\u0259t institutu? Buna l\u00fczum varm\u0131? \u018fslin\u0259 qalsa, z\u0259man\u0259t Az\u0259rbaycana verilm\u0259lidir, Erm\u0259nistana yox. \u00c7\u00fcnki m\u00fcst\u0259qil Az\u0259rbaycan indiy\u0259d\u0259k he\u00e7 vaxt he\u00e7 bir \u00f6lk\u0259y\u0259 qar\u015f\u0131 t\u0259cav\u00fczkar h\u0259r\u0259k\u0259t\u0259 yol verm\u0259yib, hans\u0131sa d\u00f6vl\u0259tin, qon\u015funun beyn\u0259lxalq s\u0259viyy\u0259d\u0259 tan\u0131nm\u0131\u015f \u0259razisinin bir hiss\u0259sini z\u0259bt edib uzun m\u00fcdd\u0259t i\u015f\u011fal alt\u0131nda saxlamay\u0131b. Bunu m\u0259hz Erm\u0259nistan edib. H\u0259tta bu \u00f6lk\u0259nin q\u00fcvv\u0259d\u0259 olan haz\u0131rk\u0131 konstitusiyas\u0131nda ke\u00e7mi\u015f DQMV h\u0259l\u0259 d\u0259 Erm\u0259nistan \u0259razisi kimi g\u00f6st\u0259rilir.<\/p>\n<p>Suyu daha n\u0259 q\u0259d\u0259r buland\u0131rmaq olar? Qriqoryan yax\u015f\u0131 olard\u0131 ki, hans\u0131sa beyn\u0259lxalq z\u0259man\u0259tl\u0259rd\u0259n \u00f6nc\u0259 \u00f6z \u201cAna yasa\u201dlar\u0131n\u0131 beyn\u0259lxalq h\u00fcquqa uy\u011funla\u015fd\u0131rma\u011f\u0131n vacibliyind\u0259n dan\u0131\u015fayd\u0131. Bak\u0131n\u0131n is\u0259 s\u00f6z\u00fc imzas\u0131 q\u0259d\u0259r m\u00f6t\u0259b\u0259rdir. Bunu d\u0259f\u0259l\u0259rl\u0259, \u0259m\u0259ld\u0259 s\u00fcbut edib&#8230;<\/p>\n<p>Zaman-zaman yazd\u0131\u011f\u0131m\u0131z kimi, Erm\u0259nistan\u0131n varl\u0131\u011f\u0131na \u0259n etibarl\u0131 z\u0259man\u0259ti onun \u00f6z iki vazke\u00e7ilm\u0259z qon\u015fusu &#8211; Az\u0259rbaycan v\u0259 T\u00fcrkiy\u0259 il\u0259 imzalayaca\u011f\u0131 s\u00fclh sazi\u015fl\u0259ri ver\u0259c\u0259k! Ba\u015fqa he\u00e7 kim, he\u00e7 bir g\u00fcc m\u0259rk\u0259zi, he\u00e7 bir paytaxt bu imkanda deyil, olmayacaq! N\u0259 AB\u015e v\u0259 Fransa, n\u0259 d\u0259 Rusiya v\u0259 ya \u00c7in. M\u0259g\u0259r 30 ilin ac\u0131 t\u0259cr\u00fcb\u0259si d\u0259rs olmad\u0131?<\/p>\n<p>Uzaqba\u015f\u0131 onlar \u201chal \u015fahidl\u0259ri\u201d kimi s\u0259n\u0259d\u0259 imza ata bil\u0259rl\u0259r. Olsun. Az\u0259rbaycan\u0131n itir\u0259c\u0259yi bir \u015fey yox. \u00c7\u00fcnki T\u00fcrk\u00fcn m\u0259ram\u0131 h\u0259mi\u015f\u0259 xo\u015f v\u0259 kims\u0259nin torpa\u011f\u0131nda g\u00f6z\u00fc yox, h\u0259tta o torpaq tarix\u0259n ona m\u0259xsus olsa bel\u0259&#8230;<\/p>\n","protected":false},"excerpt":{"rendered":"<p>\u0130lin sonuna \u00fc\u00e7c\u0259 h\u0259ft\u0259 qald\u0131. \u0130ndi bir \u00e7ox analitikl\u0259ri d\u00fc\u015f\u00fcnd\u00fcr\u0259n m\u0259s\u0259l\u0259l\u0259rd\u0259n biri bu m\u00fcdd\u0259td\u0259 Az\u0259rbaycan v\u0259 Erm\u0259nistan aras\u0131nda s\u00fclh anla\u015fmas\u0131n\u0131n n\u0259hay\u0259t, ba\u015f tutub-tutmayaca\u011f\u0131 il\u0259 ba\u011fl\u0131d\u0131r. H\u0259r\u00e7\u0259nd s\u0259n\u0259d g\u0259l\u0259n il d\u0259 imzalana bil\u0259r, o biri il d\u0259. \u018fsas odur uzunm\u00fcdd\u0259tli v\u0259 i\u015fl\u0259k, iki xalq aras\u0131nda d\u00fc\u015fm\u0259n\u00e7iliy\u0259 son qoymaq g\u00fcc\u00fcnd\u0259 olsun. \u018fn az\u0131ndan, bar\u0131\u015f\u0131q prosesin\u0259 ciddi stimul, t\u0259kan versin. Bundan \u00f6tr\u00fc \u00e7ox vacibdir ki, t\u0259r\u0259fl\u0259rd\u0259n he\u00e7 biri, x\u00fcsus\u0259n d\u0259 Erm\u0259nistan s\u00fclh sazi\u015find\u0259n sonra \u00f6z\u00fcn\u00fc a\u015fa\u011f\u0131lanm\u0131\u015f, m\u0259\u011flub kimi hiss etm\u0259sin. Qalib h\u0259r iki xalq olsun. Onun \u00fc\u00e7\u00fcn d\u0259 \u0130r\u0259van s\u0259n\u0259di m\u0259hz erm\u0259ni c\u0259miyy\u0259tinin&hellip;<\/p>\n","protected":false},"author":2,"featured_media":666985,"comment_status":"closed","ping_status":"closed","sticky":false,"template":"","format":"standard","meta":{"om_disable_all_campaigns":false,"_monsterinsights_skip_tracking":false,"_monsterinsights_sitenote_active":false,"_monsterinsights_sitenote_note":"","_monsterinsights_sitenote_category":0},"categories":[4],"tags":[],"aioseo_notices":[],"gutentor_comment":0,"rttpg_featured_image_url":{"full":["https:\/\/arantv.az\/wp-content\/uploads\/2023\/12\/8c67716810803cbcf34143a6e3de2df3.jpg",850,500,false],"landscape":["https:\/\/arantv.az\/wp-content\/uploads\/2023\/12\/8c67716810803cbcf34143a6e3de2df3.jpg",850,500,false],"portraits":["https:\/\/arantv.az\/wp-content\/uploads\/2023\/12\/8c67716810803cbcf34143a6e3de2df3.jpg",850,500,false],"thumbnail":["https:\/\/arantv.az\/wp-content\/uploads\/2023\/12\/8c67716810803cbcf34143a6e3de2df3-500x280.jpg",500,280,true],"medium":["https:\/\/arantv.az\/wp-content\/uploads\/2023\/12\/8c67716810803cbcf34143a6e3de2df3-621x365.jpg",621,365,true],"large":["https:\/\/arantv.az\/wp-content\/uploads\/2023\/12\/8c67716810803cbcf34143a6e3de2df3-840x494.jpg",640,376,true],"1536x1536":["https:\/\/arantv.az\/wp-content\/uploads\/2023\/12\/8c67716810803cbcf34143a6e3de2df3.jpg",850,500,false],"2048x2048":["https:\/\/arantv.az\/wp-content\/uploads\/2023\/12\/8c67716810803cbcf34143a6e3de2df3.jpg",850,500,false],"post-thumbnail":["https:\/\/arantv.az\/wp-content\/uploads\/2023\/12\/8c67716810803cbcf34143a6e3de2df3-240x172.jpg",240,172,true],"advps-thumb-one":["https:\/\/arantv.az\/wp-content\/uploads\/2023\/12\/8c67716810803cbcf34143a6e3de2df3.jpg",850,500,false]},"rttpg_author":{"display_name":"V\u00fcsal Rafiqo\u011flu","author_link":"https:\/\/arantv.az\/?author=2"},"rttpg_comment":0,"rttpg_category":"<a href=\"https:\/\/arantv.az\/?cat=4\" rel=\"category\">Siyas\u0259t<\/a>","rttpg_excerpt":"\u0130lin sonuna \u00fc\u00e7c\u0259 h\u0259ft\u0259 qald\u0131. \u0130ndi bir \u00e7ox analitikl\u0259ri d\u00fc\u015f\u00fcnd\u00fcr\u0259n m\u0259s\u0259l\u0259l\u0259rd\u0259n biri bu m\u00fcdd\u0259td\u0259 Az\u0259rbaycan v\u0259 Erm\u0259nistan aras\u0131nda s\u00fclh anla\u015fmas\u0131n\u0131n n\u0259hay\u0259t, ba\u015f tutub-tutmayaca\u011f\u0131 il\u0259 ba\u011fl\u0131d\u0131r. H\u0259r\u00e7\u0259nd s\u0259n\u0259d g\u0259l\u0259n il d\u0259 imzalana bil\u0259r, o biri il d\u0259. \u018fsas odur uzunm\u00fcdd\u0259tli v\u0259 i\u015fl\u0259k, iki xalq aras\u0131nda d\u00fc\u015fm\u0259n\u00e7iliy\u0259 son qoymaq g\u00fcc\u00fcnd\u0259 olsun. \u018fn az\u0131ndan, bar\u0131\u015f\u0131q prosesin\u0259 ciddi stimul,&hellip;","_links":{"self":[{"href":"https:\/\/arantv.az\/index.php?rest_route=\/wp\/v2\/posts\/666983"}],"collection":[{"href":"https:\/\/arantv.az\/index.php?rest_route=\/wp\/v2\/posts"}],"about":[{"href":"https:\/\/arantv.az\/index.php?rest_route=\/wp\/v2\/types\/post"}],"author":[{"embeddable":true,"href":"https:\/\/arantv.az\/index.php?rest_route=\/wp\/v2\/users\/2"}],"replies":[{"embeddable":true,"href":"https:\/\/arantv.az\/index.php?rest_route=%2Fwp%2Fv2%2Fcomments&post=666983"}],"version-history":[{"count":0,"href":"https:\/\/arantv.az\/index.php?rest_route=\/wp\/v2\/posts\/666983\/revisions"}],"wp:featuredmedia":[{"embeddable":true,"href":"https:\/\/arantv.az\/index.php?rest_route=\/wp\/v2\/media\/666985"}],"wp:attachment":[{"href":"https:\/\/arantv.az\/index.php?rest_route=%2Fwp%2Fv2%2Fmedia&parent=666983"}],"wp:term":[{"taxonomy":"category","embeddable":true,"href":"https:\/\/arantv.az\/index.php?rest_route=%2Fwp%2Fv2%2Fcategories&post=666983"},{"taxonomy":"post_tag","embeddable":true,"href":"https:\/\/arantv.az\/index.php?rest_route=%2Fwp%2Fv2%2Ftags&post=666983"}],"curies":[{"name":"wp","href":"https:\/\/api.w.org\/{rel}","templated":true}]}}