{"id":666994,"date":"2023-12-10T20:10:29","date_gmt":"2023-12-10T16:10:29","guid":{"rendered":"https:\/\/arantv.az\/?p=666994"},"modified":"2023-12-10T20:10:29","modified_gmt":"2023-12-10T16:10:29","slug":"ilham-%c9%99liyevin-serbiya-prezidenti-aleksandar-vucic-il%c9%99-t%c9%99kb%c9%99t%c9%99k-gorusu-bas-tutub-yenil%c9%99nib-foto","status":"publish","type":"post","link":"https:\/\/arantv.az\/?p=666994","title":{"rendered":"\u0130lham \u018fliyevin Serbiya Prezidenti Aleksandar Vu\u00e7i\u00e7 il\u0259 t\u0259kb\u0259t\u0259k g\u00f6r\u00fc\u015f\u00fc ba\u015f tutub &#8211; YEN\u0130L\u018fN\u0130B + FOTO"},"content":{"rendered":"<p>Dekabr\u0131n 10-da Serbiyan\u0131n Ni\u015f \u015f\u0259h\u0259rind\u0259 Az\u0259rbaycan Respublikas\u0131n\u0131n Prezidenti\u00a0<strong>\u0130lham \u018fliyevin<\/strong>\u00a0Serbiya Respublikas\u0131n\u0131n Prezidenti Aleksandar Vu\u00e7i\u00e7 il\u0259 t\u0259kb\u0259t\u0259k g\u00f6r\u00fc\u015f\u00fc olub.<\/p>\n<p><a href=\"https:\/\/azertag.az\/xeber\/azerbaycan_prezidenti_ilham_eliyevin_serbiya_prezidenti_aleksandar_vuchich_ile_tekbetek_gorusu_olub_yenilenecek-2846197\" target=\"_blank\" rel=\"noopener\">AZ\u018fRTAC<\/a>\u00a0x\u0259b\u0259r verir ki, g\u00f6r\u00fc\u015fd\u0259 Az\u0259rbaycan il\u0259 Serbiya aras\u0131nda dostluq v\u0259 strateji t\u0259r\u0259fda\u015fl\u0131q m\u00fcnasib\u0259tl\u0259rinin m\u00fcxt\u0259lif istiqam\u0259tl\u0259rd\u0259 u\u011furla inki\u015faf etdiyi bildirildi, \u0259m\u0259kda\u015fl\u0131\u011f\u0131m\u0131z\u0131n bundan sonra da m\u00f6hk\u0259ml\u0259n\u0259c\u0259yin\u0259 \u0259minlik ifad\u0259 olundu.<\/p>\n<p>S\u00f6hb\u0259t zaman\u0131 Serbiya-Bolqar\u0131stan Qaz \u0130nterkonnektorunun a\u00e7\u0131l\u0131\u015f\u0131n\u0131n \u0259h\u0259miyy\u0259ti qeyd edil\u0259r\u0259k, Az\u0259rbaycan\u0131n Avropan\u0131n qaz t\u0259chizat\u0131na verdiyi t\u00f6hf\u0259 x\u00fcsusi vur\u011fuland\u0131.<\/p>\n<p>D\u00f6vl\u0259timizin ba\u015f\u00e7\u0131s\u0131 Serbiya Prezidentini Az\u0259rbaycana s\u0259f\u0259r\u0259 d\u0259v\u0259t etdi. D\u0259v\u0259t minn\u0259tdarl\u0131qla q\u0259bul olundu.<\/p>\n<p>S\u00f6hb\u0259t zaman\u0131 \u0259m\u0259kda\u015fl\u0131\u011f\u0131n perspektivl\u0259ri \u0259traf\u0131nda fikir m\u00fcbadil\u0259si apar\u0131ld\u0131.<\/p>\n<p><strong>17:28<\/strong><\/p>\n<p>Dekabr\u0131n 10-da Serbiyan\u0131n Ni\u015f \u015f\u0259h\u0259rind\u0259 Az\u0259rbaycan Respublikas\u0131n\u0131n Prezidenti\u00a0<strong>\u0130lham \u018fliyevin<\/strong>\u00a0Serbiya Respublikas\u0131n\u0131n Prezidenti Aleksandar Vu\u00e7i\u00e7 il\u0259 t\u0259kb\u0259t\u0259k g\u00f6r\u00fc\u015f\u00fc olub.<\/p>\n<p>Bu bar\u0259d\u0259\u00a0<a href=\"https:\/\/azertag.az\/xeber\/azerbaycan_prezidenti_ilham_eliyevin_serbiya_prezidenti_aleksandar_vuchich_ile_tekbetek_gorusu_olub_yenilenecek-2846197\" target=\"_blank\" rel=\"noopener\">AZ\u018fRTAC<\/a>\u00a0m\u0259lumat yay\u0131b.<\/p>\n<p>&nbsp;<\/p>\n<div class=\"gallery\">\n<div class=\"gallery-i\"><img src=\"https:\/\/cdn.oxu.az\/uploads\/W1siZiIsIjIwMjMvMTIvMTAvMTcvMjcvMTIvMmY5N2Q2YTMtYjBlOS00OGE4LWE3ZWYtOTlhMTg3ZmE3MWEzLzE3MDIyMTQyMTAyNzM5OTU3MTUwXzEyMDB4NjMwLmpwZyJdLFsicCIsImVuY29kZSIsImpwZyIsIi1xdWFsaXR5IDgwIl0sWyJwIiwidGh1bWIiLCI1OTB4NTkwXHUwMDNlIl1d?sha=7a937a296013b80f\" alt=\"\" \/><\/p>\n<div class=\"gallery-i-caption\"><\/div>\n<\/div>\n<div class=\"gallery-i\"><img src=\"https:\/\/cdn.oxu.az\/uploads\/W1siZiIsIjIwMjMvMTIvMTAvMTcvMjcvMTIvYmEzZmY1OWYtZThiMy00YmYzLWI1MWEtM2QyZGNlMzMzYmQxLzE3MDIyMTQyMTAxNzcxNDU1MjIxXzEyMDB4NjMwLmpwZyJdLFsicCIsImVuY29kZSIsImpwZyIsIi1xdWFsaXR5IDgwIl0sWyJwIiwidGh1bWIiLCI1OTB4NTkwXHUwMDNlIl1d?sha=342a5de12ee3532d\" alt=\"\" \/><\/p>\n<div class=\"gallery-i-caption\"><\/div>\n<\/div>\n<div class=\"gallery-i\"><img src=\"https:\/\/cdn.oxu.az\/uploads\/W1siZiIsIjIwMjMvMTIvMTAvMTkvMzYvMDMvNTZkZmZkMDAtY2YxZi00ZjIwLWFjMTAtYzVkZDA1NTE4Y2NmLzE3MDIyMjE3MjYyNTYwOTM1XzEyMDB4NjMwLmpwZyJdLFsicCIsImVuY29kZSIsImpwZyIsIi1xdWFsaXR5IDgwIl0sWyJwIiwidGh1bWIiLCI1OTB4NTkwXHUwMDNlIl1d?sha=f80ac8cef89a032c\" \/><\/div>\n<\/div>\n","protected":false},"excerpt":{"rendered":"<p>Dekabr\u0131n 10-da Serbiyan\u0131n Ni\u015f \u015f\u0259h\u0259rind\u0259 Az\u0259rbaycan Respublikas\u0131n\u0131n Prezidenti\u00a0\u0130lham \u018fliyevin\u00a0Serbiya Respublikas\u0131n\u0131n Prezidenti Aleksandar Vu\u00e7i\u00e7 il\u0259 t\u0259kb\u0259t\u0259k g\u00f6r\u00fc\u015f\u00fc olub. AZ\u018fRTAC\u00a0x\u0259b\u0259r verir ki, g\u00f6r\u00fc\u015fd\u0259 Az\u0259rbaycan il\u0259 Serbiya aras\u0131nda dostluq v\u0259 strateji t\u0259r\u0259fda\u015fl\u0131q m\u00fcnasib\u0259tl\u0259rinin m\u00fcxt\u0259lif istiqam\u0259tl\u0259rd\u0259 u\u011furla inki\u015faf etdiyi bildirildi, \u0259m\u0259kda\u015fl\u0131\u011f\u0131m\u0131z\u0131n bundan sonra da m\u00f6hk\u0259ml\u0259n\u0259c\u0259yin\u0259 \u0259minlik ifad\u0259 olundu. S\u00f6hb\u0259t zaman\u0131 Serbiya-Bolqar\u0131stan Qaz \u0130nterkonnektorunun a\u00e7\u0131l\u0131\u015f\u0131n\u0131n \u0259h\u0259miyy\u0259ti qeyd edil\u0259r\u0259k, Az\u0259rbaycan\u0131n Avropan\u0131n qaz t\u0259chizat\u0131na verdiyi t\u00f6hf\u0259 x\u00fcsusi vur\u011fuland\u0131. D\u00f6vl\u0259timizin ba\u015f\u00e7\u0131s\u0131 Serbiya Prezidentini Az\u0259rbaycana s\u0259f\u0259r\u0259 d\u0259v\u0259t etdi. D\u0259v\u0259t minn\u0259tdarl\u0131qla q\u0259bul olundu. S\u00f6hb\u0259t zaman\u0131 \u0259m\u0259kda\u015fl\u0131\u011f\u0131n perspektivl\u0259ri \u0259traf\u0131nda fikir m\u00fcbadil\u0259si apar\u0131ld\u0131. 17:28 Dekabr\u0131n 10-da Serbiyan\u0131n Ni\u015f \u015f\u0259h\u0259rind\u0259 Az\u0259rbaycan Respublikas\u0131n\u0131n Prezidenti\u00a0\u0130lham&hellip;<\/p>\n","protected":false},"author":2,"featured_media":667001,"comment_status":"closed","ping_status":"closed","sticky":false,"template":"","format":"standard","meta":{"om_disable_all_campaigns":false,"_monsterinsights_skip_tracking":false,"_monsterinsights_sitenote_active":false,"_monsterinsights_sitenote_note":"","_monsterinsights_sitenote_category":0},"categories":[4],"tags":[],"aioseo_notices":[],"gutentor_comment":0,"rttpg_featured_image_url":{"full":["https:\/\/arantv.az\/wp-content\/uploads\/2023\/12\/17022142094819350247_1200x630.jpg",620,413,false],"landscape":["https:\/\/arantv.az\/wp-content\/uploads\/2023\/12\/17022142094819350247_1200x630.jpg",620,413,false],"portraits":["https:\/\/arantv.az\/wp-content\/uploads\/2023\/12\/17022142094819350247_1200x630.jpg",620,413,false],"thumbnail":["https:\/\/arantv.az\/wp-content\/uploads\/2023\/12\/17022142094819350247_1200x630-500x280.jpg",500,280,true],"medium":["https:\/\/arantv.az\/wp-content\/uploads\/2023\/12\/17022142094819350247_1200x630-548x365.jpg",548,365,true],"large":["https:\/\/arantv.az\/wp-content\/uploads\/2023\/12\/17022142094819350247_1200x630.jpg",620,413,false],"1536x1536":["https:\/\/arantv.az\/wp-content\/uploads\/2023\/12\/17022142094819350247_1200x630.jpg",620,413,false],"2048x2048":["https:\/\/arantv.az\/wp-content\/uploads\/2023\/12\/17022142094819350247_1200x630.jpg",620,413,false],"post-thumbnail":["https:\/\/arantv.az\/wp-content\/uploads\/2023\/12\/17022142094819350247_1200x630-240x172.jpg",240,172,true],"advps-thumb-one":["https:\/\/arantv.az\/wp-content\/uploads\/2023\/12\/17022142094819350247_1200x630.jpg",620,413,false]},"rttpg_author":{"display_name":"V\u00fcsal Rafiqo\u011flu","author_link":"https:\/\/arantv.az\/?author=2"},"rttpg_comment":0,"rttpg_category":"<a href=\"https:\/\/arantv.az\/?cat=4\" rel=\"category\">Siyas\u0259t<\/a>","rttpg_excerpt":"Dekabr\u0131n 10-da Serbiyan\u0131n Ni\u015f \u015f\u0259h\u0259rind\u0259 Az\u0259rbaycan Respublikas\u0131n\u0131n Prezidenti\u00a0\u0130lham \u018fliyevin\u00a0Serbiya Respublikas\u0131n\u0131n Prezidenti Aleksandar Vu\u00e7i\u00e7 il\u0259 t\u0259kb\u0259t\u0259k g\u00f6r\u00fc\u015f\u00fc olub. AZ\u018fRTAC\u00a0x\u0259b\u0259r verir ki, g\u00f6r\u00fc\u015fd\u0259 Az\u0259rbaycan il\u0259 Serbiya aras\u0131nda dostluq v\u0259 strateji t\u0259r\u0259fda\u015fl\u0131q m\u00fcnasib\u0259tl\u0259rinin m\u00fcxt\u0259lif istiqam\u0259tl\u0259rd\u0259 u\u011furla inki\u015faf etdiyi bildirildi, \u0259m\u0259kda\u015fl\u0131\u011f\u0131m\u0131z\u0131n bundan sonra da m\u00f6hk\u0259ml\u0259n\u0259c\u0259yin\u0259 \u0259minlik ifad\u0259 olundu. S\u00f6hb\u0259t zaman\u0131 Serbiya-Bolqar\u0131stan Qaz \u0130nterkonnektorunun a\u00e7\u0131l\u0131\u015f\u0131n\u0131n \u0259h\u0259miyy\u0259ti qeyd edil\u0259r\u0259k, Az\u0259rbaycan\u0131n Avropan\u0131n&hellip;","_links":{"self":[{"href":"https:\/\/arantv.az\/index.php?rest_route=\/wp\/v2\/posts\/666994"}],"collection":[{"href":"https:\/\/arantv.az\/index.php?rest_route=\/wp\/v2\/posts"}],"about":[{"href":"https:\/\/arantv.az\/index.php?rest_route=\/wp\/v2\/types\/post"}],"author":[{"embeddable":true,"href":"https:\/\/arantv.az\/index.php?rest_route=\/wp\/v2\/users\/2"}],"replies":[{"embeddable":true,"href":"https:\/\/arantv.az\/index.php?rest_route=%2Fwp%2Fv2%2Fcomments&post=666994"}],"version-history":[{"count":0,"href":"https:\/\/arantv.az\/index.php?rest_route=\/wp\/v2\/posts\/666994\/revisions"}],"wp:featuredmedia":[{"embeddable":true,"href":"https:\/\/arantv.az\/index.php?rest_route=\/wp\/v2\/media\/667001"}],"wp:attachment":[{"href":"https:\/\/arantv.az\/index.php?rest_route=%2Fwp%2Fv2%2Fmedia&parent=666994"}],"wp:term":[{"taxonomy":"category","embeddable":true,"href":"https:\/\/arantv.az\/index.php?rest_route=%2Fwp%2Fv2%2Fcategories&post=666994"},{"taxonomy":"post_tag","embeddable":true,"href":"https:\/\/arantv.az\/index.php?rest_route=%2Fwp%2Fv2%2Ftags&post=666994"}],"curies":[{"name":"wp","href":"https:\/\/api.w.org\/{rel}","templated":true}]}}