{"id":667043,"date":"2023-12-11T09:27:34","date_gmt":"2023-12-11T05:27:34","guid":{"rendered":"https:\/\/arantv.az\/?p=667043"},"modified":"2023-12-11T09:27:34","modified_gmt":"2023-12-11T05:27:34","slug":"sahibkarlar-hokum%c9%99t%c9%99-s%c9%99sl%c9%99ndil%c9%99r-vergi-v%c9%99-gomruk-rusumlari-azalsa-satisimiz-artacaq-video","status":"publish","type":"post","link":"https:\/\/arantv.az\/?p=667043","title":{"rendered":"Sahibkarlar h\u00f6kum\u0259t\u0259 s\u0259sl\u0259ndil\u0259r: \u201cVergi v\u0259 g\u00f6mr\u00fck r\u00fcsumlar\u0131 azalsa, sat\u0131\u015f\u0131m\u0131z artacaq\u201d &#8211; V\u0130DEO"},"content":{"rendered":"<article class=\"news\">\n<div class=\"news-inner\">\n<p>Yerli sahibkarlar h\u00f6kum\u0259t\u0259 s\u0259sl\u0259nibl\u0259r.<\/p>\n<p>Sahibkar Yavuz H\u0259s\u0259nov bildirib ki, elektron ticar\u0259tin onlara t\u0259siri \u00e7ox b\u00f6y\u00fckd\u00fcr:<\/p>\n<p>\u201cHaz\u0131rda T\u00fcrkiy\u0259d\u0259 qiym\u0259tl\u0259r a\u015fa\u011f\u0131 oldu\u011fu \u00fc\u00e7\u00fcn h\u0259r k\u0259s al\u0131\u015f-veri\u015fi oradan edir. Bu bizim i\u015fimiz\u0259 \u00e7ox t\u0259sir edir. Vergi v\u0259 g\u00f6mr\u00fck r\u00fcsumlar\u0131 azalsa, sat\u0131\u015f\u0131m\u0131z artacaq\u201d.<\/p>\n<p>Ma\u011fazalardan birinin sat\u0131\u015f \u00fczr\u0259 meneceri P\u0259rvan\u0259 Musayeva qeyd edib ki, son aylarda sat\u0131\u015flar k\u0259skin olaraq azal\u0131b.<\/p>\n<p>Baku TV-nin m\u00f6vzu il\u0259 ba\u011fl\u0131 haz\u0131rlad\u0131\u011f\u0131 s\u00fcjeti t\u0259qdim edirik:<\/p>\n<div><iframe loading=\"lazy\" title=\"YouTube video player\" src=\"https:\/\/www.youtube.com\/embed\/mR0YWp0Aenw?si=W7hrr98L7p7i1fsi\" width=\"560\" height=\"315\" frameborder=\"0\" allowfullscreen=\"allowfullscreen\" data-mce-fragment=\"1\"><\/iframe><\/div>\n<\/div>\n<\/article>\n","protected":false},"excerpt":{"rendered":"<p>Yerli sahibkarlar h\u00f6kum\u0259t\u0259 s\u0259sl\u0259nibl\u0259r. Sahibkar Yavuz H\u0259s\u0259nov bildirib ki, elektron ticar\u0259tin onlara t\u0259siri \u00e7ox b\u00f6y\u00fckd\u00fcr: \u201cHaz\u0131rda T\u00fcrkiy\u0259d\u0259 qiym\u0259tl\u0259r a\u015fa\u011f\u0131 oldu\u011fu \u00fc\u00e7\u00fcn h\u0259r k\u0259s al\u0131\u015f-veri\u015fi oradan edir. Bu bizim i\u015fimiz\u0259 \u00e7ox t\u0259sir edir. Vergi v\u0259 g\u00f6mr\u00fck r\u00fcsumlar\u0131 azalsa, sat\u0131\u015f\u0131m\u0131z artacaq\u201d. Ma\u011fazalardan birinin sat\u0131\u015f \u00fczr\u0259 meneceri P\u0259rvan\u0259 Musayeva qeyd edib ki, son aylarda sat\u0131\u015flar k\u0259skin olaraq azal\u0131b. Baku TV-nin m\u00f6vzu il\u0259 ba\u011fl\u0131 haz\u0131rlad\u0131\u011f\u0131 s\u00fcjeti t\u0259qdim edirik:<\/p>\n","protected":false},"author":2,"featured_media":667044,"comment_status":"closed","ping_status":"closed","sticky":false,"template":"","format":"standard","meta":{"om_disable_all_campaigns":false,"_monsterinsights_skip_tracking":false,"_monsterinsights_sitenote_active":false,"_monsterinsights_sitenote_note":"","_monsterinsights_sitenote_category":0},"categories":[19],"tags":[],"aioseo_notices":[],"gutentor_comment":0,"rttpg_featured_image_url":{"full":["https:\/\/arantv.az\/wp-content\/uploads\/2023\/12\/FotoJet-2023-12-10T223712.794.jpg",620,413,false],"landscape":["https:\/\/arantv.az\/wp-content\/uploads\/2023\/12\/FotoJet-2023-12-10T223712.794.jpg",620,413,false],"portraits":["https:\/\/arantv.az\/wp-content\/uploads\/2023\/12\/FotoJet-2023-12-10T223712.794.jpg",620,413,false],"thumbnail":["https:\/\/arantv.az\/wp-content\/uploads\/2023\/12\/FotoJet-2023-12-10T223712.794-500x280.jpg",500,280,true],"medium":["https:\/\/arantv.az\/wp-content\/uploads\/2023\/12\/FotoJet-2023-12-10T223712.794-548x365.jpg",548,365,true],"large":["https:\/\/arantv.az\/wp-content\/uploads\/2023\/12\/FotoJet-2023-12-10T223712.794.jpg",620,413,false],"1536x1536":["https:\/\/arantv.az\/wp-content\/uploads\/2023\/12\/FotoJet-2023-12-10T223712.794.jpg",620,413,false],"2048x2048":["https:\/\/arantv.az\/wp-content\/uploads\/2023\/12\/FotoJet-2023-12-10T223712.794.jpg",620,413,false],"post-thumbnail":["https:\/\/arantv.az\/wp-content\/uploads\/2023\/12\/FotoJet-2023-12-10T223712.794-240x172.jpg",240,172,true],"advps-thumb-one":["https:\/\/arantv.az\/wp-content\/uploads\/2023\/12\/FotoJet-2023-12-10T223712.794.jpg",620,413,false]},"rttpg_author":{"display_name":"V\u00fcsal Rafiqo\u011flu","author_link":"https:\/\/arantv.az\/?author=2"},"rttpg_comment":0,"rttpg_category":"<a href=\"https:\/\/arantv.az\/?cat=19\" rel=\"category\">G\u00fcnd\u0259m<\/a>","rttpg_excerpt":"Yerli sahibkarlar h\u00f6kum\u0259t\u0259 s\u0259sl\u0259nibl\u0259r. Sahibkar Yavuz H\u0259s\u0259nov bildirib ki, elektron ticar\u0259tin onlara t\u0259siri \u00e7ox b\u00f6y\u00fckd\u00fcr: \u201cHaz\u0131rda T\u00fcrkiy\u0259d\u0259 qiym\u0259tl\u0259r a\u015fa\u011f\u0131 oldu\u011fu \u00fc\u00e7\u00fcn h\u0259r k\u0259s al\u0131\u015f-veri\u015fi oradan edir. Bu bizim i\u015fimiz\u0259 \u00e7ox t\u0259sir edir. Vergi v\u0259 g\u00f6mr\u00fck r\u00fcsumlar\u0131 azalsa, sat\u0131\u015f\u0131m\u0131z artacaq\u201d. Ma\u011fazalardan birinin sat\u0131\u015f \u00fczr\u0259 meneceri P\u0259rvan\u0259 Musayeva qeyd edib ki, son aylarda sat\u0131\u015flar k\u0259skin olaraq azal\u0131b.&hellip;","_links":{"self":[{"href":"https:\/\/arantv.az\/index.php?rest_route=\/wp\/v2\/posts\/667043"}],"collection":[{"href":"https:\/\/arantv.az\/index.php?rest_route=\/wp\/v2\/posts"}],"about":[{"href":"https:\/\/arantv.az\/index.php?rest_route=\/wp\/v2\/types\/post"}],"author":[{"embeddable":true,"href":"https:\/\/arantv.az\/index.php?rest_route=\/wp\/v2\/users\/2"}],"replies":[{"embeddable":true,"href":"https:\/\/arantv.az\/index.php?rest_route=%2Fwp%2Fv2%2Fcomments&post=667043"}],"version-history":[{"count":0,"href":"https:\/\/arantv.az\/index.php?rest_route=\/wp\/v2\/posts\/667043\/revisions"}],"wp:featuredmedia":[{"embeddable":true,"href":"https:\/\/arantv.az\/index.php?rest_route=\/wp\/v2\/media\/667044"}],"wp:attachment":[{"href":"https:\/\/arantv.az\/index.php?rest_route=%2Fwp%2Fv2%2Fmedia&parent=667043"}],"wp:term":[{"taxonomy":"category","embeddable":true,"href":"https:\/\/arantv.az\/index.php?rest_route=%2Fwp%2Fv2%2Fcategories&post=667043"},{"taxonomy":"post_tag","embeddable":true,"href":"https:\/\/arantv.az\/index.php?rest_route=%2Fwp%2Fv2%2Ftags&post=667043"}],"curies":[{"name":"wp","href":"https:\/\/api.w.org\/{rel}","templated":true}]}}