{"id":667056,"date":"2023-12-11T09:31:42","date_gmt":"2023-12-11T05:31:42","guid":{"rendered":"https:\/\/arantv.az\/?p=667056"},"modified":"2023-12-11T09:31:42","modified_gmt":"2023-12-11T05:31:42","slug":"ankaradaki-beyn%c9%99lxalq-xeyriyy%c9%99-t%c9%99dbirind%c9%99-%c9%99n-cox-ustunluk-az%c9%99rbaycan-plovuna-verilib-foto","status":"publish","type":"post","link":"https:\/\/arantv.az\/?p=667056","title":{"rendered":"Ankaradak\u0131 beyn\u0259lxalq xeyriyy\u0259 t\u0259dbirind\u0259 \u0259n \u00e7ox \u00fcst\u00fcnl\u00fck Az\u0259rbaycan plovuna verilib &#8211; FOTO"},"content":{"rendered":"<p>Bu g\u00fcn T\u00fcrkiy\u0259nin paytaxt\u0131 Ankarada T\u00fcrkiy\u0259 Xarici \u0130\u015fl\u0259r T\u0259r\u0259fda\u015flar\u0131 Xan\u0131mlar\u0131n\u0131n H\u0259mr\u0259ylik D\u0259rn\u0259yinin (DMEDD) r\u0259hb\u0259rliyi il\u0259 beyn\u0259lxalq t\u0259dbir ke\u00e7irilib.<\/p>\n<p>\u201cReport\u201dun\u00a0x\u0259b\u0259rin\u0259 g\u00f6r\u0259, beyn\u0259lxalq xeyriyy\u0259 bazar\u0131nda Ankarada f\u0259aliyy\u0259t g\u00f6st\u0259r\u0259n 40-dan \u00e7ox \u00f6lk\u0259nin diplomatik n\u00fcmay\u0259nd\u0259l\u0259ri, onlar\u0131n h\u0259yat yolda\u015flar\u0131 i\u015ftirak edib, o c\u00fcml\u0259d\u0259n m\u0259tbuat n\u00fcmay\u0259nd\u0259l\u0259ri, paytaxt sakinl\u0259ri qat\u0131l\u0131blar.<\/p>\n<p>T\u0259dbird\u0259 Az\u0259rbaycan\u0131n T\u00fcrkiy\u0259d\u0259ki S\u0259firliyinin t\u0259\u015fkilat\u00e7\u0131l\u0131\u011f\u0131 il\u0259 iki stendd\u0259 \u00f6lk\u0259miz\u0259 m\u0259xsus m\u0259hsullar n\u00fcmayi\u015f etdirilib. S\u0259fir R\u0259\u015fad M\u0259mm\u0259dovun xan\u0131m\u0131 G\u00fcnel M\u0259mm\u0259dovan\u0131n r\u0259hb\u0259rliyi il\u0259 t\u0259\u015fkil olunan stendl\u0259rd\u0259n birind\u0259 Az\u0259rbaycan\u0131n \u00e7e\u015fidli milli yem\u0259kl\u0259ri, dig\u0259rind\u0259 \u00f6lk\u0259miz\u0259 m\u0259xsus m\u00fcxt\u0259lif konservl\u0259\u015fdirilmi\u015f m\u0259hsullar, \u015f\u0259rab n\u00f6vl\u0259ri, ki\u00e7ik xal\u00e7a n\u00fcmun\u0259l\u0259ri v\u0259 dig\u0259r suvenirl\u0259r n\u00fcmayi\u015f olunub.<\/p>\n<p>S\u0259rgid\u0259 \u0259sas\u0259n Asiya \u00f6lk\u0259l\u0259rin\u0259 m\u0259xsus \u00e7e\u015fidli plovlar olsa da, \u0259n \u00e7ox \u00fcst\u00fcnl\u00fck Az\u0259rbaycan plovuna verilib. Bundan ba\u015fqa Az\u0259rbaycan \u015f\u0259rablar\u0131 da ziyar\u0259t\u00e7il\u0259rin mara\u011f\u0131na s\u0259b\u0259b olub.<\/p>\n<p>T\u0259dbirin b\u0259dii hiss\u0259sind\u0259 Az\u0259rbaycan, T\u00fcrkiy\u0259, \u015eimali Kipr T\u00fcrk C\u00fcmhuriyy\u0259ti, Tailand, \u00c7in, Filippin, Banqlade\u015f\u0259 m\u0259xsus r\u0259qs v\u0259 \u015fou n\u00fcmun\u0259l\u0259ri t\u0259qdim edilib. Az\u0259rbaycan milli r\u0259qsl\u0259ri r\u0259\u011fb\u0259tl\u0259 alq\u0131\u015flan\u0131b.<\/p>\n<p>T\u00fcrkiy\u0259 Xarici \u0130\u015fl\u0259r T\u0259r\u0259fda\u015flar\u0131 Xan\u0131mlar\u0131n\u0131n H\u0259mr\u0259ylik D\u0259rn\u0259yinin (DMEDD) r\u0259hb\u0259ri \u015e\u0259bn\u0259m Ak\u00e7apar\u00a0bildirib ki, t\u0259dbirin \u0259rs\u0259y\u0259 g\u0259lm\u0259sind\u0259 r\u0259hb\u0259rlik etdiyi t\u0259\u015fkilat\u0131n, o c\u00fcml\u0259d\u0259n xaricd\u0259 v\u0259 Ankarada f\u0259aliyy\u0259t g\u00f6st\u0259r\u0259n diplomatik n\u00fcmay\u0259nd\u0259likl\u0259rin m\u0259nsublar\u0131n\u0131n v\u0259 h\u0259yat yolda\u015flar\u0131n\u0131n s\u0259kkiz ayl\u0131q \u0259m\u0259yi var.<\/p>\n<p>Ankarada f\u0259aliyy\u0259t g\u00f6st\u0259r\u0259n Az\u0259rbaycan, K\u00fcveyt, \u0130raq, Makedoniya, \u00d6zb\u0259kistan, \u015eimali Kipr T\u00fcrk C\u00fcmhuriyy\u0259ti, Niderland, Dominikan, Filippin, \u0130ran stendind\u0259 t\u0259msil olunan diplomatik n\u00fcmay\u0259nd\u0259l\u0259r a\u00e7\u0131qlamalar\u0131nda xeyriyy\u0259 t\u0259dbirini y\u00fcks\u0259k d\u0259y\u0259rl\u0259ndiribl\u0259r.<\/p>\n<p>Qeyd ed\u0259k ki, DMEDD 24 sentyabr 1981-ci ild\u0259 T\u00fcrkiy\u0259nin xaricd\u0259ki n\u00fcmay\u0259nd\u0259likl\u0259rind\u0259 xidm\u0259ti v\u0259zif\u0259l\u0259rini yerin\u0259 yetir\u0259rk\u0259n \u015f\u0259hid olan diplomatlar\u0131n v\u0259 dig\u0259r nazirlik i\u015f\u00e7il\u0259rinin h\u0259yat yolda\u015flar\u0131n\u0131n, \u00f6vladlar\u0131n\u0131n \u00e7\u0259tin anlar\u0131nda yan\u0131nda olmaq m\u0259qs\u0259di il\u0259 yarad\u0131l\u0131b.<\/p>\n<p>D\u0259rn\u0259k ill\u0259r \u0259rzind\u0259 \u00f6z f\u0259aliyy\u0259t sah\u0259l\u0259rini inki\u015faf etdir\u0259r\u0259k, x\u00fcsusil\u0259 t\u0259hsil v\u0259 s\u0259hiyy\u0259 sah\u0259l\u0259rind\u0259 bir \u00e7ox yard\u0131m f\u0259aliyy\u0259tl\u0259ri h\u0259yata ke\u00e7irib v\u0259 bu f\u0259aliyy\u0259tl\u0259ri davam etdirir.<\/p>\n<p>&nbsp;<\/p>\n<div class=\"gallery\">\n<div class=\"gallery-i\"><img src=\"https:\/\/cdn.oxu.az\/uploads\/W1siZiIsIjIwMjMvMTIvMTAvMjAvNDUvNTYvMjE0YWY2ZmQtMmU3MS00MmIzLTgwNzYtMWZjMThhNTIxNDI5L2Y3YTQ1ZWMyLTMzYjYtMzhhYS04YWU4LTkxM2Q3MmFjY2FhZS5qcGVnIl0sWyJwIiwiZW5jb2RlIiwianBnIiwiLXF1YWxpdHkgODAiXSxbInAiLCJ0aHVtYiIsIjU5MHg1OTBcdTAwM2UiXV0?sha=53e4f6b0e3cc2509\" alt=\"\" \/><\/p>\n<div class=\"gallery-i-caption\"><\/div>\n<\/div>\n<div class=\"gallery-i\"><img src=\"https:\/\/cdn.oxu.az\/uploads\/W1siZiIsIjIwMjMvMTIvMTAvMjAvNDUvNTYvM2Q4YmVlMGYtNzZjMy00NWFjLWFmZGItNDhkMDM4NmVhMjFmL2JmM2ZkYmNhLTE0NzEtMzg3MS1hZDM2LTY5ZTNjMjNmYmIyZi5qcGVnIl0sWyJwIiwiZW5jb2RlIiwianBnIiwiLXF1YWxpdHkgODAiXSxbInAiLCJ0aHVtYiIsIjU5MHg1OTBcdTAwM2UiXV0?sha=4c747ce8088c47aa\" alt=\"\" \/><\/p>\n<div class=\"gallery-i-caption\"><\/div>\n<\/div>\n<div class=\"gallery-i\"><img src=\"https:\/\/cdn.oxu.az\/uploads\/W1siZiIsIjIwMjMvMTIvMTAvMjAvNDUvNTYvZTdmOWQyODYtZGM2ZC00ZDk4LWIyNDQtOGI4YjhmNGNkYWE2L2FkODcxNTFmLTlmYzctMzhlOS05YTM2LTBlYWQ4MDQ0YWYyYy5qcGVnIl0sWyJwIiwiZW5jb2RlIiwianBnIiwiLXF1YWxpdHkgODAiXSxbInAiLCJ0aHVtYiIsIjU5MHg1OTBcdTAwM2UiXV0?sha=7c4f3b3f10daecf0\" alt=\"\" \/><\/p>\n<div class=\"gallery-i-caption\"><\/div>\n<\/div>\n<div class=\"gallery-i\"><img src=\"https:\/\/cdn.oxu.az\/uploads\/W1siZiIsIjIwMjMvMTIvMTAvMjAvNDUvNTYvYTgyNTRmOGUtMjNiNy00YWUxLWI4ZjQtMzA0NGRhMTI0NWEzL2U3OGQxZjBmLTliMmEtM2ZkMS1hOWE2LWJjMmIwYThlNmYzMC5qcGVnIl0sWyJwIiwiZW5jb2RlIiwianBnIiwiLXF1YWxpdHkgODAiXSxbInAiLCJ0aHVtYiIsIjU5MHg1OTBcdTAwM2UiXV0?sha=55d8bbfb3509e539\" alt=\"\" \/><\/p>\n<div class=\"gallery-i-caption\"><\/div>\n<\/div>\n<div class=\"gallery-i\"><img src=\"https:\/\/cdn.oxu.az\/uploads\/W1siZiIsIjIwMjMvMTIvMTAvMjAvNDUvNTcvMjA4YTY0NDEtMDViNy00NGM5LWFjMTktYTdhMmUzZDg3MzY3L2FhY2FiNTE5LTM4Y2ItMzQ2My05NDk1LWFlN2M2YmM2MzRhNS5qcGVnIl0sWyJwIiwiZW5jb2RlIiwianBnIiwiLXF1YWxpdHkgODAiXSxbInAiLCJ0aHVtYiIsIjU5MHg1OTBcdTAwM2UiXV0?sha=4dce4fbb7f56d71a\" alt=\"\" \/><\/p>\n<div class=\"gallery-i-caption\"><\/div>\n<\/div>\n<div class=\"gallery-i\"><img src=\"https:\/\/cdn.oxu.az\/uploads\/W1siZiIsIjIwMjMvMTIvMTAvMjAvNDUvNTcvMjZhYjFhMGItZjBhMS00NjFjLWIwNTEtYmNiYTA3ZDAwMjk4LzBhMGI1ODM2LWQ3NjktMzA2OS04YmYxLWRlYTAxYTY4NzY0ZS5qcGVnIl0sWyJwIiwiZW5jb2RlIiwianBnIiwiLXF1YWxpdHkgODAiXSxbInAiLCJ0aHVtYiIsIjU5MHg1OTBcdTAwM2UiXV0?sha=86ff6a8a25388b7c\" alt=\"\" \/><\/div>\n<\/div>\n","protected":false},"excerpt":{"rendered":"<p>Bu g\u00fcn T\u00fcrkiy\u0259nin paytaxt\u0131 Ankarada T\u00fcrkiy\u0259 Xarici \u0130\u015fl\u0259r T\u0259r\u0259fda\u015flar\u0131 Xan\u0131mlar\u0131n\u0131n H\u0259mr\u0259ylik D\u0259rn\u0259yinin (DMEDD) r\u0259hb\u0259rliyi il\u0259 beyn\u0259lxalq t\u0259dbir ke\u00e7irilib. \u201cReport\u201dun\u00a0x\u0259b\u0259rin\u0259 g\u00f6r\u0259, beyn\u0259lxalq xeyriyy\u0259 bazar\u0131nda Ankarada f\u0259aliyy\u0259t g\u00f6st\u0259r\u0259n 40-dan \u00e7ox \u00f6lk\u0259nin diplomatik n\u00fcmay\u0259nd\u0259l\u0259ri, onlar\u0131n h\u0259yat yolda\u015flar\u0131 i\u015ftirak edib, o c\u00fcml\u0259d\u0259n m\u0259tbuat n\u00fcmay\u0259nd\u0259l\u0259ri, paytaxt sakinl\u0259ri qat\u0131l\u0131blar. T\u0259dbird\u0259 Az\u0259rbaycan\u0131n T\u00fcrkiy\u0259d\u0259ki S\u0259firliyinin t\u0259\u015fkilat\u00e7\u0131l\u0131\u011f\u0131 il\u0259 iki stendd\u0259 \u00f6lk\u0259miz\u0259 m\u0259xsus m\u0259hsullar n\u00fcmayi\u015f etdirilib. S\u0259fir R\u0259\u015fad M\u0259mm\u0259dovun xan\u0131m\u0131 G\u00fcnel M\u0259mm\u0259dovan\u0131n r\u0259hb\u0259rliyi il\u0259 t\u0259\u015fkil olunan stendl\u0259rd\u0259n birind\u0259 Az\u0259rbaycan\u0131n \u00e7e\u015fidli milli yem\u0259kl\u0259ri, dig\u0259rind\u0259 \u00f6lk\u0259miz\u0259 m\u0259xsus m\u00fcxt\u0259lif konservl\u0259\u015fdirilmi\u015f m\u0259hsullar, \u015f\u0259rab n\u00f6vl\u0259ri, ki\u00e7ik xal\u00e7a n\u00fcmun\u0259l\u0259ri v\u0259 dig\u0259r suvenirl\u0259r n\u00fcmayi\u015f olunub. S\u0259rgid\u0259 \u0259sas\u0259n&hellip;<\/p>\n","protected":false},"author":2,"featured_media":667057,"comment_status":"closed","ping_status":"closed","sticky":false,"template":"","format":"standard","meta":{"om_disable_all_campaigns":false,"_monsterinsights_skip_tracking":false,"_monsterinsights_sitenote_active":false,"_monsterinsights_sitenote_note":"","_monsterinsights_sitenote_category":0},"categories":[19],"tags":[],"aioseo_notices":[],"gutentor_comment":0,"rttpg_featured_image_url":{"full":["https:\/\/arantv.az\/wp-content\/uploads\/2023\/12\/313d4e91-33b6-379c-bbae-bfd0b95b01d7.jpg",620,413,false],"landscape":["https:\/\/arantv.az\/wp-content\/uploads\/2023\/12\/313d4e91-33b6-379c-bbae-bfd0b95b01d7.jpg",620,413,false],"portraits":["https:\/\/arantv.az\/wp-content\/uploads\/2023\/12\/313d4e91-33b6-379c-bbae-bfd0b95b01d7.jpg",620,413,false],"thumbnail":["https:\/\/arantv.az\/wp-content\/uploads\/2023\/12\/313d4e91-33b6-379c-bbae-bfd0b95b01d7-500x280.jpg",500,280,true],"medium":["https:\/\/arantv.az\/wp-content\/uploads\/2023\/12\/313d4e91-33b6-379c-bbae-bfd0b95b01d7-548x365.jpg",548,365,true],"large":["https:\/\/arantv.az\/wp-content\/uploads\/2023\/12\/313d4e91-33b6-379c-bbae-bfd0b95b01d7.jpg",620,413,false],"1536x1536":["https:\/\/arantv.az\/wp-content\/uploads\/2023\/12\/313d4e91-33b6-379c-bbae-bfd0b95b01d7.jpg",620,413,false],"2048x2048":["https:\/\/arantv.az\/wp-content\/uploads\/2023\/12\/313d4e91-33b6-379c-bbae-bfd0b95b01d7.jpg",620,413,false],"post-thumbnail":["https:\/\/arantv.az\/wp-content\/uploads\/2023\/12\/313d4e91-33b6-379c-bbae-bfd0b95b01d7-240x172.jpg",240,172,true],"advps-thumb-one":["https:\/\/arantv.az\/wp-content\/uploads\/2023\/12\/313d4e91-33b6-379c-bbae-bfd0b95b01d7.jpg",620,413,false]},"rttpg_author":{"display_name":"V\u00fcsal Rafiqo\u011flu","author_link":"https:\/\/arantv.az\/?author=2"},"rttpg_comment":0,"rttpg_category":"<a href=\"https:\/\/arantv.az\/?cat=19\" rel=\"category\">G\u00fcnd\u0259m<\/a>","rttpg_excerpt":"Bu g\u00fcn T\u00fcrkiy\u0259nin paytaxt\u0131 Ankarada T\u00fcrkiy\u0259 Xarici \u0130\u015fl\u0259r T\u0259r\u0259fda\u015flar\u0131 Xan\u0131mlar\u0131n\u0131n H\u0259mr\u0259ylik D\u0259rn\u0259yinin (DMEDD) r\u0259hb\u0259rliyi il\u0259 beyn\u0259lxalq t\u0259dbir ke\u00e7irilib. \u201cReport\u201dun\u00a0x\u0259b\u0259rin\u0259 g\u00f6r\u0259, beyn\u0259lxalq xeyriyy\u0259 bazar\u0131nda Ankarada f\u0259aliyy\u0259t g\u00f6st\u0259r\u0259n 40-dan \u00e7ox \u00f6lk\u0259nin diplomatik n\u00fcmay\u0259nd\u0259l\u0259ri, onlar\u0131n h\u0259yat yolda\u015flar\u0131 i\u015ftirak edib, o c\u00fcml\u0259d\u0259n m\u0259tbuat n\u00fcmay\u0259nd\u0259l\u0259ri, paytaxt sakinl\u0259ri qat\u0131l\u0131blar. T\u0259dbird\u0259 Az\u0259rbaycan\u0131n T\u00fcrkiy\u0259d\u0259ki S\u0259firliyinin t\u0259\u015fkilat\u00e7\u0131l\u0131\u011f\u0131 il\u0259 iki stendd\u0259 \u00f6lk\u0259miz\u0259 m\u0259xsus m\u0259hsullar n\u00fcmayi\u015f&hellip;","_links":{"self":[{"href":"https:\/\/arantv.az\/index.php?rest_route=\/wp\/v2\/posts\/667056"}],"collection":[{"href":"https:\/\/arantv.az\/index.php?rest_route=\/wp\/v2\/posts"}],"about":[{"href":"https:\/\/arantv.az\/index.php?rest_route=\/wp\/v2\/types\/post"}],"author":[{"embeddable":true,"href":"https:\/\/arantv.az\/index.php?rest_route=\/wp\/v2\/users\/2"}],"replies":[{"embeddable":true,"href":"https:\/\/arantv.az\/index.php?rest_route=%2Fwp%2Fv2%2Fcomments&post=667056"}],"version-history":[{"count":0,"href":"https:\/\/arantv.az\/index.php?rest_route=\/wp\/v2\/posts\/667056\/revisions"}],"wp:featuredmedia":[{"embeddable":true,"href":"https:\/\/arantv.az\/index.php?rest_route=\/wp\/v2\/media\/667057"}],"wp:attachment":[{"href":"https:\/\/arantv.az\/index.php?rest_route=%2Fwp%2Fv2%2Fmedia&parent=667056"}],"wp:term":[{"taxonomy":"category","embeddable":true,"href":"https:\/\/arantv.az\/index.php?rest_route=%2Fwp%2Fv2%2Fcategories&post=667056"},{"taxonomy":"post_tag","embeddable":true,"href":"https:\/\/arantv.az\/index.php?rest_route=%2Fwp%2Fv2%2Ftags&post=667056"}],"curies":[{"name":"wp","href":"https:\/\/api.w.org\/{rel}","templated":true}]}}