{"id":667059,"date":"2023-12-11T09:32:12","date_gmt":"2023-12-11T05:32:12","guid":{"rendered":"https:\/\/arantv.az\/?p=667059"},"modified":"2023-12-11T09:32:12","modified_gmt":"2023-12-11T05:32:12","slug":"pasinyan-dagliq-qarabagin-l%c9%99gvi-qacilmaz-idi","status":"publish","type":"post","link":"https:\/\/arantv.az\/?p=667059","title":{"rendered":"Pa\u015finyan: \u201cDa\u011fl\u0131q Qaraba\u011f\u201d\u0131n l\u0259\u011fvi qa\u00e7\u0131lmaz idi\u201d"},"content":{"rendered":"<p>\u201cDa\u011fl\u0131q Qaraba\u011f\u201d\u0131n l\u0259\u011fvi qa\u00e7\u0131lmaz idi\u201d.<\/p>\n<p>Bunu Erm\u0259nistan\u0131n ba\u015f naziri Nikol Pa\u015finyan deyib.<\/p>\n<p>Pa\u015finyan qeyd edib ki, r\u0259smi \u0130r\u0259van b\u00fct\u00fcn resurslar\u0131n\u0131 Da\u011fl\u0131q Qaraba\u011f respublikas\u0131n\u0131n yarad\u0131lmas\u0131na s\u0259rf edib, bu is\u0259 h\u0259ll olunmaz bir m\u0259s\u0259l\u0259 idi.<\/p>\n<p>\u201cDeyirl\u0259r ki, o vaxt \u201cDa\u011fl\u0131q Qaraba\u011f\u201d\u0131n o vaxtk\u0131 hakimiyy\u0259ti (2023-c\u00fc ilin pay\u0131z\u0131nda \u2013 red.) Da\u011fl\u0131q Qaraba\u011f\u0131 l\u0259\u011fv edib. \u018fslind\u0259 is\u0259 bu proses 2016-c\u0131 ilin avqustunda dan\u0131\u015f\u0131qlar prosesind\u0259 m\u0259zmunlu d\u0259yi\u015fiklikl\u0259r n\u0259tic\u0259sind\u0259 qa\u00e7\u0131lmaz oldu\u201d, &#8211; dey\u0259 ba\u015f nazir vur\u011fulay\u0131b.<\/p>\n<p>\u201cBiz hakimiyy\u0259t\u0259 g\u0259l\u0259nd\u0259\u00a0t\u0259bli\u011fat obyekti statusumuz d\u0259yi\u015fdi, \u00e7\u00fcnki biz art\u0131q informasiya da\u015f\u0131y\u0131c\u0131s\u0131na \u00e7evrildik v\u0259 emosional qavray\u0131\u015fla reall\u0131q aras\u0131nda b\u00f6y\u00fck u\u00e7urumun oldu\u011funu g\u00f6rd\u00fck. Y\u0259ni emosional t\u0259s\u0259vv\u00fcrl\u0259rimizi h\u0259yata ke\u00e7irm\u0259k \u00fc\u00e7\u00fcn b\u00fct\u00fcn resurslardan istifad\u0259 etdik. Hakimiyy\u0259t\u0259 g\u0259ldikd\u0259 is\u0259 b\u0259yan etm\u0259li olduq ki, bu emosional qavray\u0131\u015f\u0131n h\u0259yata ke\u00e7irilm\u0259si m\u00fcmk\u00fcn deyil\u201d, &#8211; dey\u0259 Pa\u015finyan bildirib.<\/p>\n<p>O, qeyd edib ki, indiki hakimiyy\u0259tin t\u0259qsiri ondad\u0131r ki, onlar xalqla bu bar\u0259d\u0259 dan\u0131\u015fmay\u0131b, h\u0259tta onun \u00f6z\u00fc d\u0259 bu praqmatik reall\u0131qla bar\u0131\u015fa bilm\u0259yib.<\/p>\n<p>\u201cBel\u0259 bir s\u00f6hb\u0259t\u0259 ba\u015flama\u011f\u0131n emosional imkans\u0131zl\u0131\u011f\u0131 ondan ibar\u0259t idi ki, bu, Erm\u0259nistan Respublikas\u0131na v\u0259 xalq\u0131na 30 il \u0259vv\u0259l h\u0259ll olunmayan bir problem\u0259 g\u00f6r\u0259 sad\u0259c\u0259 vaxt itirdiyimizi, resurs s\u0259rf etdiyimizi bildirm\u0259k dem\u0259k idi\u201d, &#8211; dey\u0259 Pa\u015finyan \u0259lav\u0259 edib.<\/p>\n<p>M\u0259nb\u0259: ria.ru<\/p>\n","protected":false},"excerpt":{"rendered":"<p>\u201cDa\u011fl\u0131q Qaraba\u011f\u201d\u0131n l\u0259\u011fvi qa\u00e7\u0131lmaz idi\u201d. Bunu Erm\u0259nistan\u0131n ba\u015f naziri Nikol Pa\u015finyan deyib. Pa\u015finyan qeyd edib ki, r\u0259smi \u0130r\u0259van b\u00fct\u00fcn resurslar\u0131n\u0131 Da\u011fl\u0131q Qaraba\u011f respublikas\u0131n\u0131n yarad\u0131lmas\u0131na s\u0259rf edib, bu is\u0259 h\u0259ll olunmaz bir m\u0259s\u0259l\u0259 idi. \u201cDeyirl\u0259r ki, o vaxt \u201cDa\u011fl\u0131q Qaraba\u011f\u201d\u0131n o vaxtk\u0131 hakimiyy\u0259ti (2023-c\u00fc ilin pay\u0131z\u0131nda \u2013 red.) Da\u011fl\u0131q Qaraba\u011f\u0131 l\u0259\u011fv edib. \u018fslind\u0259 is\u0259 bu proses 2016-c\u0131 ilin avqustunda dan\u0131\u015f\u0131qlar prosesind\u0259 m\u0259zmunlu d\u0259yi\u015fiklikl\u0259r n\u0259tic\u0259sind\u0259 qa\u00e7\u0131lmaz oldu\u201d, &#8211; dey\u0259 ba\u015f nazir vur\u011fulay\u0131b. \u201cBiz hakimiyy\u0259t\u0259 g\u0259l\u0259nd\u0259\u00a0t\u0259bli\u011fat obyekti statusumuz d\u0259yi\u015fdi, \u00e7\u00fcnki biz art\u0131q informasiya da\u015f\u0131y\u0131c\u0131s\u0131na \u00e7evrildik v\u0259 emosional qavray\u0131\u015fla reall\u0131q aras\u0131nda b\u00f6y\u00fck u\u00e7urumun oldu\u011funu&hellip;<\/p>\n","protected":false},"author":2,"featured_media":667060,"comment_status":"closed","ping_status":"closed","sticky":false,"template":"","format":"standard","meta":{"om_disable_all_campaigns":false,"_monsterinsights_skip_tracking":false,"_monsterinsights_sitenote_active":false,"_monsterinsights_sitenote_note":"","_monsterinsights_sitenote_category":0},"categories":[4],"tags":[],"aioseo_notices":[],"gutentor_comment":0,"rttpg_featured_image_url":{"full":["https:\/\/arantv.az\/wp-content\/uploads\/2023\/12\/FotoJet-2023-12-10T205029.780.jpg",620,413,false],"landscape":["https:\/\/arantv.az\/wp-content\/uploads\/2023\/12\/FotoJet-2023-12-10T205029.780.jpg",620,413,false],"portraits":["https:\/\/arantv.az\/wp-content\/uploads\/2023\/12\/FotoJet-2023-12-10T205029.780.jpg",620,413,false],"thumbnail":["https:\/\/arantv.az\/wp-content\/uploads\/2023\/12\/FotoJet-2023-12-10T205029.780-500x280.jpg",500,280,true],"medium":["https:\/\/arantv.az\/wp-content\/uploads\/2023\/12\/FotoJet-2023-12-10T205029.780-548x365.jpg",548,365,true],"large":["https:\/\/arantv.az\/wp-content\/uploads\/2023\/12\/FotoJet-2023-12-10T205029.780.jpg",620,413,false],"1536x1536":["https:\/\/arantv.az\/wp-content\/uploads\/2023\/12\/FotoJet-2023-12-10T205029.780.jpg",620,413,false],"2048x2048":["https:\/\/arantv.az\/wp-content\/uploads\/2023\/12\/FotoJet-2023-12-10T205029.780.jpg",620,413,false],"post-thumbnail":["https:\/\/arantv.az\/wp-content\/uploads\/2023\/12\/FotoJet-2023-12-10T205029.780-240x172.jpg",240,172,true],"advps-thumb-one":["https:\/\/arantv.az\/wp-content\/uploads\/2023\/12\/FotoJet-2023-12-10T205029.780.jpg",620,413,false]},"rttpg_author":{"display_name":"V\u00fcsal Rafiqo\u011flu","author_link":"https:\/\/arantv.az\/?author=2"},"rttpg_comment":0,"rttpg_category":"<a href=\"https:\/\/arantv.az\/?cat=4\" rel=\"category\">Siyas\u0259t<\/a>","rttpg_excerpt":"\u201cDa\u011fl\u0131q Qaraba\u011f\u201d\u0131n l\u0259\u011fvi qa\u00e7\u0131lmaz idi\u201d. Bunu Erm\u0259nistan\u0131n ba\u015f naziri Nikol Pa\u015finyan deyib. Pa\u015finyan qeyd edib ki, r\u0259smi \u0130r\u0259van b\u00fct\u00fcn resurslar\u0131n\u0131 Da\u011fl\u0131q Qaraba\u011f respublikas\u0131n\u0131n yarad\u0131lmas\u0131na s\u0259rf edib, bu is\u0259 h\u0259ll olunmaz bir m\u0259s\u0259l\u0259 idi. \u201cDeyirl\u0259r ki, o vaxt \u201cDa\u011fl\u0131q Qaraba\u011f\u201d\u0131n o vaxtk\u0131 hakimiyy\u0259ti (2023-c\u00fc ilin pay\u0131z\u0131nda \u2013 red.) Da\u011fl\u0131q Qaraba\u011f\u0131 l\u0259\u011fv edib. \u018fslind\u0259 is\u0259 bu proses&hellip;","_links":{"self":[{"href":"https:\/\/arantv.az\/index.php?rest_route=\/wp\/v2\/posts\/667059"}],"collection":[{"href":"https:\/\/arantv.az\/index.php?rest_route=\/wp\/v2\/posts"}],"about":[{"href":"https:\/\/arantv.az\/index.php?rest_route=\/wp\/v2\/types\/post"}],"author":[{"embeddable":true,"href":"https:\/\/arantv.az\/index.php?rest_route=\/wp\/v2\/users\/2"}],"replies":[{"embeddable":true,"href":"https:\/\/arantv.az\/index.php?rest_route=%2Fwp%2Fv2%2Fcomments&post=667059"}],"version-history":[{"count":0,"href":"https:\/\/arantv.az\/index.php?rest_route=\/wp\/v2\/posts\/667059\/revisions"}],"wp:featuredmedia":[{"embeddable":true,"href":"https:\/\/arantv.az\/index.php?rest_route=\/wp\/v2\/media\/667060"}],"wp:attachment":[{"href":"https:\/\/arantv.az\/index.php?rest_route=%2Fwp%2Fv2%2Fmedia&parent=667059"}],"wp:term":[{"taxonomy":"category","embeddable":true,"href":"https:\/\/arantv.az\/index.php?rest_route=%2Fwp%2Fv2%2Fcategories&post=667059"},{"taxonomy":"post_tag","embeddable":true,"href":"https:\/\/arantv.az\/index.php?rest_route=%2Fwp%2Fv2%2Ftags&post=667059"}],"curies":[{"name":"wp","href":"https:\/\/api.w.org\/{rel}","templated":true}]}}