{"id":667125,"date":"2023-12-11T11:12:01","date_gmt":"2023-12-11T07:12:01","guid":{"rendered":"https:\/\/arantv.az\/?p=667125"},"modified":"2023-12-11T11:12:01","modified_gmt":"2023-12-11T07:12:01","slug":"az%c9%99rbaycanli-s%c9%99hidin-erm%c9%99ni-anasi-video","status":"publish","type":"post","link":"https:\/\/arantv.az\/?p=667125","title":{"rendered":"Az\u0259rbaycanl\u0131 \u015f\u0259hidin erm\u0259ni anas\u0131 &#8211; V\u0130DEO"},"content":{"rendered":"<article class=\"news\">\n<div class=\"news-inner\">\n<p>Mariya Karapetyan Az\u0259rbaycanda ya\u015fayan minl\u0259rl\u0259 erm\u0259nid\u0259n biridir. \u015e\u0259hid Samir \u018fliyevin anas\u0131d\u0131r.<\/p>\n<p>Samir \u018fliyev Birinci\u00a0Qaraba\u011f m\u00fcharib\u0259sind\u0259 q\u0259hr\u0259mancas\u0131na \u015f\u0259hid olan h\u0259rb\u00e7il\u0259rimizd\u0259ndir. Taleyin i\u015fin\u0259 bax\u0131n ki, \u015f\u0259hid Samirin h\u0259yat\u0131na erm\u0259ni anas\u0131n\u0131n soyda\u015flar\u0131 son qoyublar.<\/p>\n<p>Mariya Karapetyan erm\u0259ni olsa da, \u00fcr\u0259yi Az\u0259rbaycanla d\u00f6y\u00fcn\u0259n, V\u0259t\u0259n \u00fc\u00e7\u00fcn \u00e7\u0131rp\u0131nan \u00f6vlad yeti\u015fdirib. V\u0259t\u0259nin, m\u0259rdliyin, ki\u015filiyin milliyy\u0259ti olmur.<\/p>\n<p>Daha \u0259trafl\u0131 \u0130TV-nin s\u00fcjetind\u0259:<\/p>\n<div>\n<div><iframe loading=\"lazy\" id=\"telegram-post-oxuaze-72933\" src=\"https:\/\/t.me\/oxuaze\/72933?embed=1\" width=\"100%\" height=\"\" frameborder=\"0\" scrolling=\"no\" data-mce-fragment=\"1\"><\/iframe><\/div>\n<\/div>\n<\/div>\n<\/article>\n","protected":false},"excerpt":{"rendered":"<p>Mariya Karapetyan Az\u0259rbaycanda ya\u015fayan minl\u0259rl\u0259 erm\u0259nid\u0259n biridir. \u015e\u0259hid Samir \u018fliyevin anas\u0131d\u0131r. Samir \u018fliyev Birinci\u00a0Qaraba\u011f m\u00fcharib\u0259sind\u0259 q\u0259hr\u0259mancas\u0131na \u015f\u0259hid olan h\u0259rb\u00e7il\u0259rimizd\u0259ndir. Taleyin i\u015fin\u0259 bax\u0131n ki, \u015f\u0259hid Samirin h\u0259yat\u0131na erm\u0259ni anas\u0131n\u0131n soyda\u015flar\u0131 son qoyublar. Mariya Karapetyan erm\u0259ni olsa da, \u00fcr\u0259yi Az\u0259rbaycanla d\u00f6y\u00fcn\u0259n, V\u0259t\u0259n \u00fc\u00e7\u00fcn \u00e7\u0131rp\u0131nan \u00f6vlad yeti\u015fdirib. V\u0259t\u0259nin, m\u0259rdliyin, ki\u015filiyin milliyy\u0259ti olmur. Daha \u0259trafl\u0131 \u0130TV-nin s\u00fcjetind\u0259:<\/p>\n","protected":false},"author":2,"featured_media":667126,"comment_status":"closed","ping_status":"closed","sticky":false,"template":"","format":"standard","meta":{"om_disable_all_campaigns":false,"_monsterinsights_skip_tracking":false,"_monsterinsights_sitenote_active":false,"_monsterinsights_sitenote_note":"","_monsterinsights_sitenote_category":0},"categories":[1],"tags":[],"aioseo_notices":[],"gutentor_comment":0,"rttpg_featured_image_url":{"full":["https:\/\/arantv.az\/wp-content\/uploads\/2023\/12\/Screenshot-2023-12-11-102944.jpg",620,413,false],"landscape":["https:\/\/arantv.az\/wp-content\/uploads\/2023\/12\/Screenshot-2023-12-11-102944.jpg",620,413,false],"portraits":["https:\/\/arantv.az\/wp-content\/uploads\/2023\/12\/Screenshot-2023-12-11-102944.jpg",620,413,false],"thumbnail":["https:\/\/arantv.az\/wp-content\/uploads\/2023\/12\/Screenshot-2023-12-11-102944-500x280.jpg",500,280,true],"medium":["https:\/\/arantv.az\/wp-content\/uploads\/2023\/12\/Screenshot-2023-12-11-102944-548x365.jpg",548,365,true],"large":["https:\/\/arantv.az\/wp-content\/uploads\/2023\/12\/Screenshot-2023-12-11-102944.jpg",620,413,false],"1536x1536":["https:\/\/arantv.az\/wp-content\/uploads\/2023\/12\/Screenshot-2023-12-11-102944.jpg",620,413,false],"2048x2048":["https:\/\/arantv.az\/wp-content\/uploads\/2023\/12\/Screenshot-2023-12-11-102944.jpg",620,413,false],"post-thumbnail":["https:\/\/arantv.az\/wp-content\/uploads\/2023\/12\/Screenshot-2023-12-11-102944-240x172.jpg",240,172,true],"advps-thumb-one":["https:\/\/arantv.az\/wp-content\/uploads\/2023\/12\/Screenshot-2023-12-11-102944.jpg",620,413,false]},"rttpg_author":{"display_name":"V\u00fcsal Rafiqo\u011flu","author_link":"https:\/\/arantv.az\/?author=2"},"rttpg_comment":0,"rttpg_category":"<a href=\"https:\/\/arantv.az\/?cat=1\" rel=\"category\">C\u0259miyy\u0259t<\/a>","rttpg_excerpt":"Mariya Karapetyan Az\u0259rbaycanda ya\u015fayan minl\u0259rl\u0259 erm\u0259nid\u0259n biridir. \u015e\u0259hid Samir \u018fliyevin anas\u0131d\u0131r. Samir \u018fliyev Birinci\u00a0Qaraba\u011f m\u00fcharib\u0259sind\u0259 q\u0259hr\u0259mancas\u0131na \u015f\u0259hid olan h\u0259rb\u00e7il\u0259rimizd\u0259ndir. Taleyin i\u015fin\u0259 bax\u0131n ki, \u015f\u0259hid Samirin h\u0259yat\u0131na erm\u0259ni anas\u0131n\u0131n soyda\u015flar\u0131 son qoyublar. Mariya Karapetyan erm\u0259ni olsa da, \u00fcr\u0259yi Az\u0259rbaycanla d\u00f6y\u00fcn\u0259n, V\u0259t\u0259n \u00fc\u00e7\u00fcn \u00e7\u0131rp\u0131nan \u00f6vlad yeti\u015fdirib. V\u0259t\u0259nin, m\u0259rdliyin, ki\u015filiyin milliyy\u0259ti olmur. Daha \u0259trafl\u0131 \u0130TV-nin s\u00fcjetind\u0259:","_links":{"self":[{"href":"https:\/\/arantv.az\/index.php?rest_route=\/wp\/v2\/posts\/667125"}],"collection":[{"href":"https:\/\/arantv.az\/index.php?rest_route=\/wp\/v2\/posts"}],"about":[{"href":"https:\/\/arantv.az\/index.php?rest_route=\/wp\/v2\/types\/post"}],"author":[{"embeddable":true,"href":"https:\/\/arantv.az\/index.php?rest_route=\/wp\/v2\/users\/2"}],"replies":[{"embeddable":true,"href":"https:\/\/arantv.az\/index.php?rest_route=%2Fwp%2Fv2%2Fcomments&post=667125"}],"version-history":[{"count":0,"href":"https:\/\/arantv.az\/index.php?rest_route=\/wp\/v2\/posts\/667125\/revisions"}],"wp:featuredmedia":[{"embeddable":true,"href":"https:\/\/arantv.az\/index.php?rest_route=\/wp\/v2\/media\/667126"}],"wp:attachment":[{"href":"https:\/\/arantv.az\/index.php?rest_route=%2Fwp%2Fv2%2Fmedia&parent=667125"}],"wp:term":[{"taxonomy":"category","embeddable":true,"href":"https:\/\/arantv.az\/index.php?rest_route=%2Fwp%2Fv2%2Fcategories&post=667125"},{"taxonomy":"post_tag","embeddable":true,"href":"https:\/\/arantv.az\/index.php?rest_route=%2Fwp%2Fv2%2Ftags&post=667125"}],"curies":[{"name":"wp","href":"https:\/\/api.w.org\/{rel}","templated":true}]}}