{"id":667135,"date":"2023-12-11T11:14:45","date_gmt":"2023-12-11T07:14:45","guid":{"rendered":"https:\/\/arantv.az\/?p=667135"},"modified":"2023-12-11T11:14:45","modified_gmt":"2023-12-11T07:14:45","slug":"az%c9%99rbaycanla-bagli-muhum-m%c9%99lumat-2027-ci-il%c9%99d%c9%99k-fotolar","status":"publish","type":"post","link":"https:\/\/arantv.az\/?p=667135","title":{"rendered":"Az\u0259rbaycanla ba\u011fl\u0131 M\u00dcH\u00dcM m\u0259lumat: 2027-ci il\u0259d\u0259k&#8230; &#8211; FOTOLAR"},"content":{"rendered":"<div class=\"text-content\" data-id=\"\" data-url=\"\">\n<p><strong>Az\u0259rbaycan Prezidenti \u0130lham \u018fliyevin Serbiyaya i\u015fg\u00fczar s\u0259f\u0259ri, i\u015ftirak etdiyi t\u0259dbirl\u0259r v\u0259 ke\u00e7irdiyi g\u00f6r\u00fc\u015fl\u0259r yerli m\u0259tbuat\u0131n diqq\u0259t m\u0259rk\u0259zind\u0259dir.<\/strong><\/p>\n<p><strong>ARANTV.AZ <\/strong>\u00a0AZ\u018fRTAC-a istinad\u0259n x\u0259b\u0259r verir ki, Serbiya medias\u0131 Prezident \u0130lham \u018fliyevin Serbiya-Bolqar\u0131stan Qaz \u0130nterkonnektorunun a\u00e7\u0131l\u0131\u015f m\u0259rasimind\u0259 s\u00f6yl\u0259diyi fikirl\u0259r\u0259 geni\u015f yer verib.<\/p>\n<p>\u201cNovosti\u201d, \u201cIndex\u201d, \u201cNSPM\u201d, \u201cInformer\u201d, \u201cOpstina Sokolac\u201d kimi saytlar\u0131n yayd\u0131\u011f\u0131 materiallarda Prezident \u0130lham \u018fliyevin m\u0259rasimi dostluq v\u0259 strateji t\u0259r\u0259fda\u015fl\u0131\u011f\u0131n s\u00fcbutu adland\u0131rd\u0131\u011f\u0131, qaz interkonnektorunun Serbiya v\u0259 Bolqar\u0131stan\u0131n, el\u0259c\u0259 d\u0259 Avropan\u0131n enerji t\u0259hl\u00fck\u0259sizliyin\u0259 t\u00f6hf\u0259 ver\u0259c\u0259yini vur\u011fulad\u0131\u011f\u0131 qeyd olunur. Layih\u0259nin \u201ck\u00f6hn\u0259 qit\u0259\u201dnin enerji x\u0259rit\u0259sini d\u0259yi\u015fdiyi bildirilir.<\/p>\n<p>Yaz\u0131larda istifad\u0259y\u0259 veril\u0259n interkonnektor say\u0259sind\u0259 Serbiyan\u0131n Az\u0259rbaycandan t\u0259bii qaz t\u0259dar\u00fck\u00fcn\u0259 ba\u015flayaca\u011f\u0131 qeyd olunur. Boru k\u0259m\u0259rinin istifad\u0259y\u0259 verilm\u0259sinin Serbiya s\u0259nayesinin inki\u015faf\u0131na t\u00f6hf\u0259 ver\u0259c\u0259yi vur\u011fulan\u0131r.<\/p>\n<p>Serbiyan\u0131n Az\u0259rbaycan\u0131n qaz ixrac etdiyi 9-cu \u00f6lk\u0259 oldu\u011fu, \u00f6lk\u0259mizin 2027-ci il\u0259d\u0259k Avropaya qaz ixrac\u0131n\u0131n h\u0259cmini iki d\u0259f\u0259 art\u0131raca\u011f\u0131 bildirilir. Diqq\u0259t\u0259 \u00e7atd\u0131r\u0131l\u0131r ki, Serbiya bununla da enerji m\u0259nb\u0259l\u0259rini \u015fax\u0259l\u0259ndirir v\u0259 daha da m\u00f6hk\u0259ml\u0259ndirir. Boru k\u0259m\u0259ri Serbiyan\u0131n enerji t\u0259hl\u00fck\u0259sizliyini t\u0259min etm\u0259kl\u0259 yana\u015f\u0131, \u015e\u0259rqi v\u0259 M\u0259rk\u0259zi Avropa \u00f6lk\u0259l\u0259rin\u0259 \u0259lav\u0259 t\u0259chizat imkan\u0131 ver\u0259c\u0259k. Bu interkonnektorun istifad\u0259y\u0259 verilm\u0259si h\u0259m Serbiya, h\u0259m d\u0259 Avropa \u0130ttifaq\u0131 \u00fc\u00e7\u00fcn strateji \u0259h\u0259miyy\u0259t k\u0259sb edir.<\/p>\n<p>\u201cBeta\u201d, \u201cPolitika\u201d, \u201cSRNA\u201d, \u201cAlo\u201d v\u0259 \u201cGradske info\u201d x\u0259b\u0259r portallar\u0131 is\u0259 Az\u0259rbaycan Prezidenti \u0130lham \u018fliyev v\u0259 Serbiya Prezidenti Aleksandar Vu\u00e7i\u00e7in t\u0259kb\u0259t\u0259k g\u00f6r\u00fc\u015fd\u0259 \u00f6lk\u0259l\u0259r aras\u0131nda ikit\u0259r\u0259fli v\u0259 iqtisadi \u0259laq\u0259l\u0259rin qar\u015f\u0131l\u0131ql\u0131 maraq do\u011furan b\u00fct\u00fcn vacib m\u00f6vzular \u0259traf\u0131nda m\u00fczakir\u0259l\u0259r apard\u0131\u011f\u0131n\u0131 yaz\u0131b. \u0130ki \u00f6lk\u0259 lideri, h\u0259m\u00e7inin regional v\u0259 geosiyasi m\u0259s\u0259l\u0259l\u0259ri d\u0259 m\u00fczakir\u0259 edib. Serbiya Prezidenti \u00f6lk\u0259sinin Az\u0259rbaycanla strateji t\u0259r\u0259fda\u015fl\u0131q s\u0259viyy\u0259sin\u0259 y\u00fcks\u0259lmi\u015f \u0259la m\u00fcnasib\u0259tl\u0259r qurma\u011f\u0131 bacarmas\u0131ndan q\u00fcrur duydu\u011funu deyib.<\/p>\n<p>\u0130ki \u00f6lk\u0259 \u0259laq\u0259l\u0259rinin s\u00fcr\u0259tl\u0259 v\u0259 dinamik \u015f\u0259kild\u0259 inki\u015faf etdiyi, Az\u0259rbaycan v\u0259 Serbiyan\u0131n strateji t\u0259r\u0259fda\u015f oldu\u011fu bildirilir. Qeyd olunur ki, iki \u00f6lk\u0259 strateji t\u0259r\u0259fda\u015fl\u0131q \u00e7\u0259r\u00e7iv\u0259sind\u0259 enerji sektoru il\u0259 yana\u015f\u0131, h\u0259rbi s\u0259naye, y\u00fcks\u0259k texnologiyalar v\u0259 \u00fc\u00e7\u00fcnc\u00fc bazarlar \u00fc\u00e7\u00fcn birg\u0259 istehsal kimi \u0259m\u0259kda\u015fl\u0131\u011f\u0131n t\u0259kmill\u0259\u015fdirildiyi \u00e7oxsayl\u0131 dig\u0259r sah\u0259l\u0259rd\u0259 birg\u0259 i\u015fl\u0259r g\u00f6r\u00fcr.<\/p>\n<p>\u201cSrbija Danas\u201d, \u201cRTV BN\u201d, \u201cTanjug\u201d Az\u0259rbaycan v\u0259 Serbiya prezidentl\u0259rinin s\u0259f\u0259r \u00e7\u0259r\u00e7iv\u0259sind\u0259 h\u0259rbi texnika v\u0259 avadanl\u0131qlara baxd\u0131\u011f\u0131n\u0131 yaz\u0131b.<\/p>\n<p>Bildirilir ki, h\u0259rbi aerodromda Serbiya Silahl\u0131 Q\u00fcvv\u0259l\u0259rinin x\u00fcsusi t\u0259yinatl\u0131 b\u00f6lm\u0259l\u0259rinin silah v\u0259 imkanlar\u0131n\u0131n t\u0259qdimat\u0131 olub. H\u0259m\u00e7inin pilotsuz u\u00e7u\u015f aparatlar\u0131n\u0131n, hava h\u00fccumundan m\u00fcdafi\u0259 sisteml\u0259rinin, hava v\u0259 quru d\u00f6y\u00fc\u015f platformalar\u0131n\u0131n t\u0259qdimat\u0131 ke\u00e7irilib, Para\u015f\u00fct briqadas\u0131 v\u0259 dig\u0259r x\u00fcsusi t\u0259yinatl\u0131 birl\u0259\u015fm\u0259l\u0259r \u00f6z imkanlar\u0131n\u0131 t\u0259qdim edib.<\/p>\n<\/div>\n<div>\n<div class=\"form-group\"><img class=\"img-responsive\" src=\"https:\/\/cdn.musavat.com\/news\/images\/Ayten\/SERB%201.jpg\" \/><\/div>\n<div class=\"form-group\"><img class=\"img-responsive\" src=\"https:\/\/cdn.musavat.com\/news\/images\/Ayten\/SERB%202.jpg\" \/><\/div>\n<div class=\"form-group\"><img class=\"img-responsive\" src=\"https:\/\/cdn.musavat.com\/news\/images\/Ayten\/SERB%203.jpg\" \/><\/div>\n<div class=\"form-group\"><img class=\"img-responsive\" src=\"https:\/\/cdn.musavat.com\/news\/images\/Ayten\/SERB%205.jpg\" \/><\/div>\n<div class=\"form-group\"><img class=\"img-responsive\" src=\"https:\/\/cdn.musavat.com\/news\/images\/Ayten\/SERB%206.jpg\" \/><\/div>\n<\/div>\n<div>\n<div class=\"banner banner-6cdd60ea0045eb7a6ec44c54d29ed402\" data-banner=\"MTg0\">\n<div><ins id=\"revive-0-0\" data-revive-zoneid=\"134\" data-revive-id=\"144e1bb6fa796840b2323709bbb2f595\" data-revive-seq=\"0\" data-revive-loaded=\"1\"><iframe width=\"0\" height=\"0\" frameborder=\"0\" scrolling=\"no\" data-mce-fragment=\"1\"><\/iframe><\/ins><\/div>\n<\/div>\n<\/div>\n","protected":false},"excerpt":{"rendered":"<p>Az\u0259rbaycan Prezidenti \u0130lham \u018fliyevin Serbiyaya i\u015fg\u00fczar s\u0259f\u0259ri, i\u015ftirak etdiyi t\u0259dbirl\u0259r v\u0259 ke\u00e7irdiyi g\u00f6r\u00fc\u015fl\u0259r yerli m\u0259tbuat\u0131n diqq\u0259t m\u0259rk\u0259zind\u0259dir. ARANTV.AZ \u00a0AZ\u018fRTAC-a istinad\u0259n x\u0259b\u0259r verir ki, Serbiya medias\u0131 Prezident \u0130lham \u018fliyevin Serbiya-Bolqar\u0131stan Qaz \u0130nterkonnektorunun a\u00e7\u0131l\u0131\u015f m\u0259rasimind\u0259 s\u00f6yl\u0259diyi fikirl\u0259r\u0259 geni\u015f yer verib. \u201cNovosti\u201d, \u201cIndex\u201d, \u201cNSPM\u201d, \u201cInformer\u201d, \u201cOpstina Sokolac\u201d kimi saytlar\u0131n yayd\u0131\u011f\u0131 materiallarda Prezident \u0130lham \u018fliyevin m\u0259rasimi dostluq v\u0259 strateji t\u0259r\u0259fda\u015fl\u0131\u011f\u0131n s\u00fcbutu adland\u0131rd\u0131\u011f\u0131, qaz interkonnektorunun Serbiya v\u0259 Bolqar\u0131stan\u0131n, el\u0259c\u0259 d\u0259 Avropan\u0131n enerji t\u0259hl\u00fck\u0259sizliyin\u0259 t\u00f6hf\u0259 ver\u0259c\u0259yini vur\u011fulad\u0131\u011f\u0131 qeyd olunur. Layih\u0259nin \u201ck\u00f6hn\u0259 qit\u0259\u201dnin enerji x\u0259rit\u0259sini d\u0259yi\u015fdiyi bildirilir. Yaz\u0131larda istifad\u0259y\u0259 veril\u0259n interkonnektor say\u0259sind\u0259 Serbiyan\u0131n Az\u0259rbaycandan t\u0259bii qaz t\u0259dar\u00fck\u00fcn\u0259&hellip;<\/p>\n","protected":false},"author":2,"featured_media":667136,"comment_status":"closed","ping_status":"closed","sticky":false,"template":"","format":"standard","meta":{"om_disable_all_campaigns":false,"_monsterinsights_skip_tracking":false,"_monsterinsights_sitenote_active":false,"_monsterinsights_sitenote_note":"","_monsterinsights_sitenote_category":0},"categories":[4],"tags":[],"aioseo_notices":[],"gutentor_comment":0,"rttpg_featured_image_url":{"full":["https:\/\/arantv.az\/wp-content\/uploads\/2023\/12\/50d5fa42c8b9c9c060851784d0fb797c.jpg",850,500,false],"landscape":["https:\/\/arantv.az\/wp-content\/uploads\/2023\/12\/50d5fa42c8b9c9c060851784d0fb797c.jpg",850,500,false],"portraits":["https:\/\/arantv.az\/wp-content\/uploads\/2023\/12\/50d5fa42c8b9c9c060851784d0fb797c.jpg",850,500,false],"thumbnail":["https:\/\/arantv.az\/wp-content\/uploads\/2023\/12\/50d5fa42c8b9c9c060851784d0fb797c-500x280.jpg",500,280,true],"medium":["https:\/\/arantv.az\/wp-content\/uploads\/2023\/12\/50d5fa42c8b9c9c060851784d0fb797c-621x365.jpg",621,365,true],"large":["https:\/\/arantv.az\/wp-content\/uploads\/2023\/12\/50d5fa42c8b9c9c060851784d0fb797c-840x494.jpg",640,376,true],"1536x1536":["https:\/\/arantv.az\/wp-content\/uploads\/2023\/12\/50d5fa42c8b9c9c060851784d0fb797c.jpg",850,500,false],"2048x2048":["https:\/\/arantv.az\/wp-content\/uploads\/2023\/12\/50d5fa42c8b9c9c060851784d0fb797c.jpg",850,500,false],"post-thumbnail":["https:\/\/arantv.az\/wp-content\/uploads\/2023\/12\/50d5fa42c8b9c9c060851784d0fb797c-240x172.jpg",240,172,true],"advps-thumb-one":["https:\/\/arantv.az\/wp-content\/uploads\/2023\/12\/50d5fa42c8b9c9c060851784d0fb797c.jpg",850,500,false]},"rttpg_author":{"display_name":"V\u00fcsal Rafiqo\u011flu","author_link":"https:\/\/arantv.az\/?author=2"},"rttpg_comment":0,"rttpg_category":"<a href=\"https:\/\/arantv.az\/?cat=4\" rel=\"category\">Siyas\u0259t<\/a>","rttpg_excerpt":"Az\u0259rbaycan Prezidenti \u0130lham \u018fliyevin Serbiyaya i\u015fg\u00fczar s\u0259f\u0259ri, i\u015ftirak etdiyi t\u0259dbirl\u0259r v\u0259 ke\u00e7irdiyi g\u00f6r\u00fc\u015fl\u0259r yerli m\u0259tbuat\u0131n diqq\u0259t m\u0259rk\u0259zind\u0259dir. ARANTV.AZ \u00a0AZ\u018fRTAC-a istinad\u0259n x\u0259b\u0259r verir ki, Serbiya medias\u0131 Prezident \u0130lham \u018fliyevin Serbiya-Bolqar\u0131stan Qaz \u0130nterkonnektorunun a\u00e7\u0131l\u0131\u015f m\u0259rasimind\u0259 s\u00f6yl\u0259diyi fikirl\u0259r\u0259 geni\u015f yer verib. \u201cNovosti\u201d, \u201cIndex\u201d, \u201cNSPM\u201d, \u201cInformer\u201d, \u201cOpstina Sokolac\u201d kimi saytlar\u0131n yayd\u0131\u011f\u0131 materiallarda Prezident \u0130lham \u018fliyevin m\u0259rasimi dostluq v\u0259 strateji&hellip;","_links":{"self":[{"href":"https:\/\/arantv.az\/index.php?rest_route=\/wp\/v2\/posts\/667135"}],"collection":[{"href":"https:\/\/arantv.az\/index.php?rest_route=\/wp\/v2\/posts"}],"about":[{"href":"https:\/\/arantv.az\/index.php?rest_route=\/wp\/v2\/types\/post"}],"author":[{"embeddable":true,"href":"https:\/\/arantv.az\/index.php?rest_route=\/wp\/v2\/users\/2"}],"replies":[{"embeddable":true,"href":"https:\/\/arantv.az\/index.php?rest_route=%2Fwp%2Fv2%2Fcomments&post=667135"}],"version-history":[{"count":0,"href":"https:\/\/arantv.az\/index.php?rest_route=\/wp\/v2\/posts\/667135\/revisions"}],"wp:featuredmedia":[{"embeddable":true,"href":"https:\/\/arantv.az\/index.php?rest_route=\/wp\/v2\/media\/667136"}],"wp:attachment":[{"href":"https:\/\/arantv.az\/index.php?rest_route=%2Fwp%2Fv2%2Fmedia&parent=667135"}],"wp:term":[{"taxonomy":"category","embeddable":true,"href":"https:\/\/arantv.az\/index.php?rest_route=%2Fwp%2Fv2%2Fcategories&post=667135"},{"taxonomy":"post_tag","embeddable":true,"href":"https:\/\/arantv.az\/index.php?rest_route=%2Fwp%2Fv2%2Ftags&post=667135"}],"curies":[{"name":"wp","href":"https:\/\/api.w.org\/{rel}","templated":true}]}}