{"id":667144,"date":"2023-12-11T11:29:33","date_gmt":"2023-12-11T07:29:33","guid":{"rendered":"https:\/\/arantv.az\/?p=667144"},"modified":"2023-12-11T11:29:33","modified_gmt":"2023-12-11T07:29:33","slug":"emin-%c9%99mrullayev-m%c9%99qs%c9%99dimiz-kimis%c9%99-qinamaq-v%c9%99-ya-pis-v%c9%99ziyy%c9%99td%c9%99-qoymaq-deyil","status":"publish","type":"post","link":"https:\/\/arantv.az\/?p=667144","title":{"rendered":"Emin \u018fmrullayev: \u201cM\u0259qs\u0259dimiz kimis\u0259 q\u0131namaq v\u0259 ya pis v\u0259ziyy\u0259td\u0259 qoymaq deyil\u201d"},"content":{"rendered":"<p>Az\u0259rbaycanda m\u0259kt\u0259b\u0259q\u0259d\u0259r t\u0259hsil m\u00fc\u0259ssis\u0259l\u0259rind\u0259 \u00e7al\u0131\u015fan \u015f\u0259xsl\u0259rin minimum bakalavr t\u0259hsili s\u0259viyy\u0259sind\u0259 haz\u0131rlanmas\u0131 \u0259sas m\u0259qs\u0259ddir.<\/p>\n<p><strong>ARANTV.AZ\u00a0 <\/strong>x\u0259b\u0259r verir ki, bunu elm v\u0259 t\u0259hsil naziri Emin \u018fmrullayev \u201cM\u0259kt\u0259b\u0259q\u0259d\u0259r t\u0259hsild\u0259 keyfiyy\u0259t\u0259 yeni bax\u0131\u015f\u201d m\u00f6vzusunda ke\u00e7iril\u0259n beyn\u0259lxalq elmi-praktik konfransda \u00e7\u0131x\u0131\u015f\u0131 zaman\u0131 deyib.<\/p>\n<p>O s\u00f6yl\u0259yib ki, yax\u0131n g\u0259l\u0259c\u0259kd\u0259 bununla ba\u011fl\u0131 d\u0259yi\u015fiklik bar\u0259d\u0259 m\u0259lumat verm\u0259k m\u00fcmk\u00fcn olacaq.<\/p>\n<p>E.\u018fmrullayev \u0259lav\u0259 edib ki, orta t\u0259hsilli 20 ya\u015fl\u0131 g\u0259nc qad\u0131nlar\u0131 s\u0131rf i\u015fl\u0259 t\u0259min etm\u0259k \u00fc\u00e7\u00fcn bu sah\u0259y\u0259 g\u0259tirm\u0259k do\u011fru deyil: \u201cBu g\u00fcn az qala g\u0259l\u0259c\u0259yimiz m\u0259kt\u0259b\u0259q\u0259d\u0259r t\u0259hsild\u0259n as\u0131l\u0131d\u0131r. Ona g\u00f6r\u0259 bu sah\u0259d\u0259 t\u0259hsilli v\u0259 bacar\u0131ql\u0131 kadrlar\u0131n olmas\u0131 \u00f6n\u0259mlidir. Orta m\u0259kt\u0259b attestat\u0131 il\u0259 u\u015faqlar\u0131n inki\u015faf\u0131 il\u0259 m\u0259\u015f\u011ful olmaq arzuolunan deyil. M\u0259qs\u0259dimiz kimis\u0259 q\u0131namaq v\u0259 ya pis v\u0259ziyy\u0259td\u0259 qoymaq deyil, arzumuz ondan ibar\u0259tdir ki, s\u0259ri\u015ft\u0259lilik s\u0259viyy\u0259si arts\u0131n. Unutmayaq ki, uzun m\u00fcdd\u0259t m\u0259kt\u0259b\u0259q\u0259d\u0259r v\u0259 ibtidai t\u0259hsil\u0259 orta ixtisas t\u0259hsili kimi baxm\u0131\u015f\u0131q. Xeyli vaxtd\u0131r ki, orta ixtisas t\u0259hsilli ibtidai sinif m\u00fc\u0259lliml\u0259ri haz\u0131rlam\u0131r\u0131q. Y\u0259qin ki, eyni model m\u0259kt\u0259b\u0259q\u0259d\u0259r t\u0259hsil\u0259 d\u0259 t\u0259tbiq olunacaq. Bundan sonra kim i\u015fl\u0259yirs\u0259 t\u0259bii ki, i\u015fini davam etdir\u0259c\u0259k, onlara da t\u0259hsil verm\u0259k v\u0259 inki\u015faf\u0131na nail olmaq \u0259sas m\u0259qs\u0259dl\u0259rd\u0259n olmal\u0131d\u0131r. N\u00f6vb\u0259ti m\u0259rh\u0259l\u0259d\u0259 m\u0259kt\u0259b\u0259q\u0259d\u0259r t\u0259hsil m\u00fct\u0259x\u0259ssisl\u0259rinin minimum bakalavr t\u0259hsili sah\u0259sind\u0259 haz\u0131rlanmas\u0131na nail olmal\u0131y\u0131q\u201d.<\/p>\n","protected":false},"excerpt":{"rendered":"<p>Az\u0259rbaycanda m\u0259kt\u0259b\u0259q\u0259d\u0259r t\u0259hsil m\u00fc\u0259ssis\u0259l\u0259rind\u0259 \u00e7al\u0131\u015fan \u015f\u0259xsl\u0259rin minimum bakalavr t\u0259hsili s\u0259viyy\u0259sind\u0259 haz\u0131rlanmas\u0131 \u0259sas m\u0259qs\u0259ddir. ARANTV.AZ\u00a0 x\u0259b\u0259r verir ki, bunu elm v\u0259 t\u0259hsil naziri Emin \u018fmrullayev \u201cM\u0259kt\u0259b\u0259q\u0259d\u0259r t\u0259hsild\u0259 keyfiyy\u0259t\u0259 yeni bax\u0131\u015f\u201d m\u00f6vzusunda ke\u00e7iril\u0259n beyn\u0259lxalq elmi-praktik konfransda \u00e7\u0131x\u0131\u015f\u0131 zaman\u0131 deyib. O s\u00f6yl\u0259yib ki, yax\u0131n g\u0259l\u0259c\u0259kd\u0259 bununla ba\u011fl\u0131 d\u0259yi\u015fiklik bar\u0259d\u0259 m\u0259lumat verm\u0259k m\u00fcmk\u00fcn olacaq. E.\u018fmrullayev \u0259lav\u0259 edib ki, orta t\u0259hsilli 20 ya\u015fl\u0131 g\u0259nc qad\u0131nlar\u0131 s\u0131rf i\u015fl\u0259 t\u0259min etm\u0259k \u00fc\u00e7\u00fcn bu sah\u0259y\u0259 g\u0259tirm\u0259k do\u011fru deyil: \u201cBu g\u00fcn az qala g\u0259l\u0259c\u0259yimiz m\u0259kt\u0259b\u0259q\u0259d\u0259r t\u0259hsild\u0259n as\u0131l\u0131d\u0131r. Ona g\u00f6r\u0259 bu sah\u0259d\u0259 t\u0259hsilli v\u0259 bacar\u0131ql\u0131 kadrlar\u0131n olmas\u0131 \u00f6n\u0259mlidir. Orta m\u0259kt\u0259b&hellip;<\/p>\n","protected":false},"author":2,"featured_media":667145,"comment_status":"closed","ping_status":"closed","sticky":false,"template":"","format":"standard","meta":{"om_disable_all_campaigns":false,"_monsterinsights_skip_tracking":false,"_monsterinsights_sitenote_active":false,"_monsterinsights_sitenote_note":"","_monsterinsights_sitenote_category":0},"categories":[1],"tags":[],"aioseo_notices":[],"gutentor_comment":0,"rttpg_featured_image_url":{"full":["https:\/\/arantv.az\/wp-content\/uploads\/2023\/12\/6abee690-7ce1-3d39-988b-f70d368544b4-1.jpg",620,413,false],"landscape":["https:\/\/arantv.az\/wp-content\/uploads\/2023\/12\/6abee690-7ce1-3d39-988b-f70d368544b4-1.jpg",620,413,false],"portraits":["https:\/\/arantv.az\/wp-content\/uploads\/2023\/12\/6abee690-7ce1-3d39-988b-f70d368544b4-1.jpg",620,413,false],"thumbnail":["https:\/\/arantv.az\/wp-content\/uploads\/2023\/12\/6abee690-7ce1-3d39-988b-f70d368544b4-1-500x280.jpg",500,280,true],"medium":["https:\/\/arantv.az\/wp-content\/uploads\/2023\/12\/6abee690-7ce1-3d39-988b-f70d368544b4-1-548x365.jpg",548,365,true],"large":["https:\/\/arantv.az\/wp-content\/uploads\/2023\/12\/6abee690-7ce1-3d39-988b-f70d368544b4-1.jpg",620,413,false],"1536x1536":["https:\/\/arantv.az\/wp-content\/uploads\/2023\/12\/6abee690-7ce1-3d39-988b-f70d368544b4-1.jpg",620,413,false],"2048x2048":["https:\/\/arantv.az\/wp-content\/uploads\/2023\/12\/6abee690-7ce1-3d39-988b-f70d368544b4-1.jpg",620,413,false],"post-thumbnail":["https:\/\/arantv.az\/wp-content\/uploads\/2023\/12\/6abee690-7ce1-3d39-988b-f70d368544b4-1-240x172.jpg",240,172,true],"advps-thumb-one":["https:\/\/arantv.az\/wp-content\/uploads\/2023\/12\/6abee690-7ce1-3d39-988b-f70d368544b4-1.jpg",620,413,false]},"rttpg_author":{"display_name":"V\u00fcsal Rafiqo\u011flu","author_link":"https:\/\/arantv.az\/?author=2"},"rttpg_comment":0,"rttpg_category":"<a href=\"https:\/\/arantv.az\/?cat=1\" rel=\"category\">C\u0259miyy\u0259t<\/a>","rttpg_excerpt":"Az\u0259rbaycanda m\u0259kt\u0259b\u0259q\u0259d\u0259r t\u0259hsil m\u00fc\u0259ssis\u0259l\u0259rind\u0259 \u00e7al\u0131\u015fan \u015f\u0259xsl\u0259rin minimum bakalavr t\u0259hsili s\u0259viyy\u0259sind\u0259 haz\u0131rlanmas\u0131 \u0259sas m\u0259qs\u0259ddir. ARANTV.AZ\u00a0 x\u0259b\u0259r verir ki, bunu elm v\u0259 t\u0259hsil naziri Emin \u018fmrullayev \u201cM\u0259kt\u0259b\u0259q\u0259d\u0259r t\u0259hsild\u0259 keyfiyy\u0259t\u0259 yeni bax\u0131\u015f\u201d m\u00f6vzusunda ke\u00e7iril\u0259n beyn\u0259lxalq elmi-praktik konfransda \u00e7\u0131x\u0131\u015f\u0131 zaman\u0131 deyib. O s\u00f6yl\u0259yib ki, yax\u0131n g\u0259l\u0259c\u0259kd\u0259 bununla ba\u011fl\u0131 d\u0259yi\u015fiklik bar\u0259d\u0259 m\u0259lumat verm\u0259k m\u00fcmk\u00fcn olacaq. E.\u018fmrullayev \u0259lav\u0259 edib ki, orta&hellip;","_links":{"self":[{"href":"https:\/\/arantv.az\/index.php?rest_route=\/wp\/v2\/posts\/667144"}],"collection":[{"href":"https:\/\/arantv.az\/index.php?rest_route=\/wp\/v2\/posts"}],"about":[{"href":"https:\/\/arantv.az\/index.php?rest_route=\/wp\/v2\/types\/post"}],"author":[{"embeddable":true,"href":"https:\/\/arantv.az\/index.php?rest_route=\/wp\/v2\/users\/2"}],"replies":[{"embeddable":true,"href":"https:\/\/arantv.az\/index.php?rest_route=%2Fwp%2Fv2%2Fcomments&post=667144"}],"version-history":[{"count":0,"href":"https:\/\/arantv.az\/index.php?rest_route=\/wp\/v2\/posts\/667144\/revisions"}],"wp:featuredmedia":[{"embeddable":true,"href":"https:\/\/arantv.az\/index.php?rest_route=\/wp\/v2\/media\/667145"}],"wp:attachment":[{"href":"https:\/\/arantv.az\/index.php?rest_route=%2Fwp%2Fv2%2Fmedia&parent=667144"}],"wp:term":[{"taxonomy":"category","embeddable":true,"href":"https:\/\/arantv.az\/index.php?rest_route=%2Fwp%2Fv2%2Fcategories&post=667144"},{"taxonomy":"post_tag","embeddable":true,"href":"https:\/\/arantv.az\/index.php?rest_route=%2Fwp%2Fv2%2Ftags&post=667144"}],"curies":[{"name":"wp","href":"https:\/\/api.w.org\/{rel}","templated":true}]}}