{"id":667150,"date":"2023-12-11T11:35:52","date_gmt":"2023-12-11T07:35:52","guid":{"rendered":"https:\/\/arantv.az\/?p=667150"},"modified":"2023-12-11T11:35:52","modified_gmt":"2023-12-11T07:35:52","slug":"az%c9%99rbaycana-idxal-edil%c9%99n-korp%c9%99-usaq-qidalarina-dair-yeni-t%c9%99l%c9%99b-mu%c9%99yy%c9%99nl%c9%99sib","status":"publish","type":"post","link":"https:\/\/arantv.az\/?p=667150","title":{"rendered":"Az\u0259rbaycana idxal edil\u0259n k\u00f6rp\u0259 u\u015faq qidalar\u0131na dair yeni t\u0259l\u0259b m\u00fc\u0259yy\u0259nl\u0259\u015fib"},"content":{"rendered":"<p>Az\u0259rbaycana idxal edil\u0259n k\u00f6rp\u0259 u\u015faq qidalar\u0131na dair yeni t\u0259l\u0259b m\u00fc\u0259yy\u0259nl\u0259\u015fib.<\/p>\n<p><strong>ARANTV.AZ\u00a0 x\u0259b\u0259r verir ki,<\/strong>\u00a0bu, Nazirl\u0259r Kabinetinin q\u0259rar\u0131 il\u0259 t\u0259sdiql\u0259n\u0259n \u201cAz\u0259rbaycan Respublikas\u0131n\u0131n g\u00f6mr\u00fck \u0259razisin\u0259 idxal olunmas\u0131 \u00fc\u00e7\u00fcn t\u0259hl\u00fck\u0259sizliyini t\u0259sdiq ed\u0259n m\u00fcvafiq s\u0259n\u0259dl\u0259 m\u00fc\u015fayi\u0259t edilm\u0259li olan qida v\u0259 yem m\u0259hsullar\u0131n\u0131n Siyah\u0131s\u0131\u201dnda \u0259ksini tap\u0131b.<\/p>\n<p>K\u00f6rp\u0259 u\u015faqlar \u00fc\u00e7\u00fcn isti emala m\u0259ruz qalm\u0131\u015f (o c\u00fcml\u0259d\u0259n, \u015f\u0259k\u0259r v\u0259 ya dig\u0259r \u015firinl\u0259\u015fdirici madd\u0259l\u0259r \u0259lav\u0259 edilm\u0259kl\u0259) homogenl\u0259\u015fdirilmi\u015f cem, meyv\u0259 jelesi, marmelad, meyv\u0259 v\u0259 ya qoz p\u00fcresi, meyv\u0259 v\u0259 ya qoz pastas\u0131n\u0131n Az\u0259rbaycan Respublikas\u0131n\u0131n g\u00f6mr\u00fck \u0259razisin\u0259 idxal olunmas\u0131 \u00fc\u00e7\u00fcn t\u0259hl\u00fck\u0259sizliyini t\u0259sdiq ed\u0259n m\u00fcvafiq s\u0259n\u0259d t\u0259l\u0259b olunacaq.<\/p>\n<p>Q\u0259rara \u0259sas\u0259n, k\u00f6rp\u0259 u\u015faqlar \u00fc\u00e7\u00fcn sirk\u0259 v\u0259 ya sirk\u0259 tur\u015fusu \u0259lav\u0259 edilm\u0259d\u0259n haz\u0131rlanm\u0131\u015f v\u0259 ya konservl\u0259\u015fdirilmi\u015f, dondurulmam\u0131\u015f homogenl\u0259\u015fdirilmi\u015f t\u0259r\u0259v\u0259z v\u0259 k\u00f6rp\u0259 u\u015faqlar \u00fc\u00e7\u00fcn homogenl\u0259\u015fdirilmi\u015f haz\u0131r m\u00fcr\u0259kk\u0259b (qar\u0131\u015f\u0131q) qida m\u0259hsullar\u0131 da Az\u0259rbaycan Respublikas\u0131n\u0131n g\u00f6mr\u00fck \u0259razisin\u0259 idxal olunmas\u0131 \u00fc\u00e7\u00fcn t\u0259hl\u00fck\u0259sizliyini t\u0259sdiq ed\u0259n m\u00fcvafiq s\u0259n\u0259dl\u0259 m\u00fc\u015fayi\u0259t edilm\u0259li olan qida v\u0259 yem m\u0259hsullar\u0131n\u0131n Siyah\u0131s\u0131na daxil edilib.<\/p>\n","protected":false},"excerpt":{"rendered":"<p>Az\u0259rbaycana idxal edil\u0259n k\u00f6rp\u0259 u\u015faq qidalar\u0131na dair yeni t\u0259l\u0259b m\u00fc\u0259yy\u0259nl\u0259\u015fib. ARANTV.AZ\u00a0 x\u0259b\u0259r verir ki,\u00a0bu, Nazirl\u0259r Kabinetinin q\u0259rar\u0131 il\u0259 t\u0259sdiql\u0259n\u0259n \u201cAz\u0259rbaycan Respublikas\u0131n\u0131n g\u00f6mr\u00fck \u0259razisin\u0259 idxal olunmas\u0131 \u00fc\u00e7\u00fcn t\u0259hl\u00fck\u0259sizliyini t\u0259sdiq ed\u0259n m\u00fcvafiq s\u0259n\u0259dl\u0259 m\u00fc\u015fayi\u0259t edilm\u0259li olan qida v\u0259 yem m\u0259hsullar\u0131n\u0131n Siyah\u0131s\u0131\u201dnda \u0259ksini tap\u0131b. K\u00f6rp\u0259 u\u015faqlar \u00fc\u00e7\u00fcn isti emala m\u0259ruz qalm\u0131\u015f (o c\u00fcml\u0259d\u0259n, \u015f\u0259k\u0259r v\u0259 ya dig\u0259r \u015firinl\u0259\u015fdirici madd\u0259l\u0259r \u0259lav\u0259 edilm\u0259kl\u0259) homogenl\u0259\u015fdirilmi\u015f cem, meyv\u0259 jelesi, marmelad, meyv\u0259 v\u0259 ya qoz p\u00fcresi, meyv\u0259 v\u0259 ya qoz pastas\u0131n\u0131n Az\u0259rbaycan Respublikas\u0131n\u0131n g\u00f6mr\u00fck \u0259razisin\u0259 idxal olunmas\u0131 \u00fc\u00e7\u00fcn t\u0259hl\u00fck\u0259sizliyini t\u0259sdiq ed\u0259n m\u00fcvafiq s\u0259n\u0259d t\u0259l\u0259b olunacaq. Q\u0259rara \u0259sas\u0259n, k\u00f6rp\u0259&hellip;<\/p>\n","protected":false},"author":2,"featured_media":667151,"comment_status":"closed","ping_status":"closed","sticky":false,"template":"","format":"standard","meta":{"om_disable_all_campaigns":false,"_monsterinsights_skip_tracking":false,"_monsterinsights_sitenote_active":false,"_monsterinsights_sitenote_note":"","_monsterinsights_sitenote_category":0},"categories":[1],"tags":[],"aioseo_notices":[],"gutentor_comment":0,"rttpg_featured_image_url":{"full":["https:\/\/arantv.az\/wp-content\/uploads\/2023\/12\/1a638db8170227883345223035710718069.jpg",975,540,false],"landscape":["https:\/\/arantv.az\/wp-content\/uploads\/2023\/12\/1a638db8170227883345223035710718069.jpg",975,540,false],"portraits":["https:\/\/arantv.az\/wp-content\/uploads\/2023\/12\/1a638db8170227883345223035710718069.jpg",975,540,false],"thumbnail":["https:\/\/arantv.az\/wp-content\/uploads\/2023\/12\/1a638db8170227883345223035710718069-500x280.jpg",500,280,true],"medium":["https:\/\/arantv.az\/wp-content\/uploads\/2023\/12\/1a638db8170227883345223035710718069-660x365.jpg",660,365,true],"large":["https:\/\/arantv.az\/wp-content\/uploads\/2023\/12\/1a638db8170227883345223035710718069-840x465.jpg",640,354,true],"1536x1536":["https:\/\/arantv.az\/wp-content\/uploads\/2023\/12\/1a638db8170227883345223035710718069.jpg",975,540,false],"2048x2048":["https:\/\/arantv.az\/wp-content\/uploads\/2023\/12\/1a638db8170227883345223035710718069.jpg",975,540,false],"post-thumbnail":["https:\/\/arantv.az\/wp-content\/uploads\/2023\/12\/1a638db8170227883345223035710718069-240x172.jpg",240,172,true],"advps-thumb-one":["https:\/\/arantv.az\/wp-content\/uploads\/2023\/12\/1a638db8170227883345223035710718069.jpg",975,540,false]},"rttpg_author":{"display_name":"V\u00fcsal Rafiqo\u011flu","author_link":"https:\/\/arantv.az\/?author=2"},"rttpg_comment":0,"rttpg_category":"<a href=\"https:\/\/arantv.az\/?cat=1\" rel=\"category\">C\u0259miyy\u0259t<\/a>","rttpg_excerpt":"Az\u0259rbaycana idxal edil\u0259n k\u00f6rp\u0259 u\u015faq qidalar\u0131na dair yeni t\u0259l\u0259b m\u00fc\u0259yy\u0259nl\u0259\u015fib. ARANTV.AZ\u00a0 x\u0259b\u0259r verir ki,\u00a0bu, Nazirl\u0259r Kabinetinin q\u0259rar\u0131 il\u0259 t\u0259sdiql\u0259n\u0259n \u201cAz\u0259rbaycan Respublikas\u0131n\u0131n g\u00f6mr\u00fck \u0259razisin\u0259 idxal olunmas\u0131 \u00fc\u00e7\u00fcn t\u0259hl\u00fck\u0259sizliyini t\u0259sdiq ed\u0259n m\u00fcvafiq s\u0259n\u0259dl\u0259 m\u00fc\u015fayi\u0259t edilm\u0259li olan qida v\u0259 yem m\u0259hsullar\u0131n\u0131n Siyah\u0131s\u0131\u201dnda \u0259ksini tap\u0131b. K\u00f6rp\u0259 u\u015faqlar \u00fc\u00e7\u00fcn isti emala m\u0259ruz qalm\u0131\u015f (o c\u00fcml\u0259d\u0259n, \u015f\u0259k\u0259r v\u0259 ya dig\u0259r \u015firinl\u0259\u015fdirici&hellip;","_links":{"self":[{"href":"https:\/\/arantv.az\/index.php?rest_route=\/wp\/v2\/posts\/667150"}],"collection":[{"href":"https:\/\/arantv.az\/index.php?rest_route=\/wp\/v2\/posts"}],"about":[{"href":"https:\/\/arantv.az\/index.php?rest_route=\/wp\/v2\/types\/post"}],"author":[{"embeddable":true,"href":"https:\/\/arantv.az\/index.php?rest_route=\/wp\/v2\/users\/2"}],"replies":[{"embeddable":true,"href":"https:\/\/arantv.az\/index.php?rest_route=%2Fwp%2Fv2%2Fcomments&post=667150"}],"version-history":[{"count":0,"href":"https:\/\/arantv.az\/index.php?rest_route=\/wp\/v2\/posts\/667150\/revisions"}],"wp:featuredmedia":[{"embeddable":true,"href":"https:\/\/arantv.az\/index.php?rest_route=\/wp\/v2\/media\/667151"}],"wp:attachment":[{"href":"https:\/\/arantv.az\/index.php?rest_route=%2Fwp%2Fv2%2Fmedia&parent=667150"}],"wp:term":[{"taxonomy":"category","embeddable":true,"href":"https:\/\/arantv.az\/index.php?rest_route=%2Fwp%2Fv2%2Fcategories&post=667150"},{"taxonomy":"post_tag","embeddable":true,"href":"https:\/\/arantv.az\/index.php?rest_route=%2Fwp%2Fv2%2Ftags&post=667150"}],"curies":[{"name":"wp","href":"https:\/\/api.w.org\/{rel}","templated":true}]}}