{"id":667153,"date":"2023-12-11T11:37:34","date_gmt":"2023-12-11T07:37:34","guid":{"rendered":"https:\/\/arantv.az\/?p=667153"},"modified":"2023-12-11T11:37:34","modified_gmt":"2023-12-11T07:37:34","slug":"nazirl%c9%99r-kabineti-sosial-sigorta-haqlarinin-subsidiyalasdirilmasi-bar%c9%99d%c9%99-q%c9%99rar-verib","status":"publish","type":"post","link":"https:\/\/arantv.az\/?p=667153","title":{"rendered":"Nazirl\u0259r Kabineti sosial s\u0131\u011forta haqlar\u0131n\u0131n subsidiyala\u015fd\u0131r\u0131lmas\u0131 bar\u0259d\u0259 q\u0259rar verib"},"content":{"rendered":"<p>Nazirl\u0259r Kabineti \u201c\u0130\u015f\u011faldan azad edilmi\u015f \u0259razil\u0259rd\u0259 f\u0259aliyy\u0259t g\u00f6st\u0259r\u0259n s\u0131\u011fortaed\u0259nl\u0259r (s\u0131\u011fortaolunanlar) t\u0259r\u0259find\u0259n \u00f6d\u0259nilmi\u015f m\u0259cburi d\u00f6vl\u0259t sosial s\u0131\u011forta haqlar\u0131n\u0131n d\u00f6vl\u0259t b\u00fcdc\u0259sinin v\u0259saiti hesab\u0131na subsidiyala\u015fd\u0131r\u0131lmas\u0131 \u015f\u0259rtl\u0259ri, subsidiyalar\u0131n \u00f6d\u0259nilm\u0259si v\u0259 bu sah\u0259d\u0259 n\u0259zar\u0259tin h\u0259yata ke\u00e7irilm\u0259si Qaydas\u0131\u201dn\u0131 t\u0259sdiq edib.<\/p>\n<p>Bununla ba\u011fl\u0131 Ba\u015f nazir \u018fli \u018fs\u0259dov yeni q\u0259rar imzalay\u0131b.<\/p>\n<p>Q\u0259rar 2023-c\u00fc il yanvar\u0131n 1-d\u0259n 2033-c\u00fc il yanvar\u0131n 1-n\u0259 q\u0259d\u0259r q\u00fcvv\u0259d\u0259dir.<\/p>\n","protected":false},"excerpt":{"rendered":"<p>Nazirl\u0259r Kabineti \u201c\u0130\u015f\u011faldan azad edilmi\u015f \u0259razil\u0259rd\u0259 f\u0259aliyy\u0259t g\u00f6st\u0259r\u0259n s\u0131\u011fortaed\u0259nl\u0259r (s\u0131\u011fortaolunanlar) t\u0259r\u0259find\u0259n \u00f6d\u0259nilmi\u015f m\u0259cburi d\u00f6vl\u0259t sosial s\u0131\u011forta haqlar\u0131n\u0131n d\u00f6vl\u0259t b\u00fcdc\u0259sinin v\u0259saiti hesab\u0131na subsidiyala\u015fd\u0131r\u0131lmas\u0131 \u015f\u0259rtl\u0259ri, subsidiyalar\u0131n \u00f6d\u0259nilm\u0259si v\u0259 bu sah\u0259d\u0259 n\u0259zar\u0259tin h\u0259yata ke\u00e7irilm\u0259si Qaydas\u0131\u201dn\u0131 t\u0259sdiq edib. Bununla ba\u011fl\u0131 Ba\u015f nazir \u018fli \u018fs\u0259dov yeni q\u0259rar imzalay\u0131b. Q\u0259rar 2023-c\u00fc il yanvar\u0131n 1-d\u0259n 2033-c\u00fc il yanvar\u0131n 1-n\u0259 q\u0259d\u0259r q\u00fcvv\u0259d\u0259dir.<\/p>\n","protected":false},"author":2,"featured_media":667154,"comment_status":"closed","ping_status":"closed","sticky":false,"template":"","format":"standard","meta":{"om_disable_all_campaigns":false,"_monsterinsights_skip_tracking":false,"_monsterinsights_sitenote_active":false,"_monsterinsights_sitenote_note":"","_monsterinsights_sitenote_category":0},"categories":[4],"tags":[],"aioseo_notices":[],"gutentor_comment":0,"rttpg_featured_image_url":{"full":["https:\/\/arantv.az\/wp-content\/uploads\/2023\/12\/hjk.jpg",620,413,false],"landscape":["https:\/\/arantv.az\/wp-content\/uploads\/2023\/12\/hjk.jpg",620,413,false],"portraits":["https:\/\/arantv.az\/wp-content\/uploads\/2023\/12\/hjk.jpg",620,413,false],"thumbnail":["https:\/\/arantv.az\/wp-content\/uploads\/2023\/12\/hjk-500x280.jpg",500,280,true],"medium":["https:\/\/arantv.az\/wp-content\/uploads\/2023\/12\/hjk-548x365.jpg",548,365,true],"large":["https:\/\/arantv.az\/wp-content\/uploads\/2023\/12\/hjk.jpg",620,413,false],"1536x1536":["https:\/\/arantv.az\/wp-content\/uploads\/2023\/12\/hjk.jpg",620,413,false],"2048x2048":["https:\/\/arantv.az\/wp-content\/uploads\/2023\/12\/hjk.jpg",620,413,false],"post-thumbnail":["https:\/\/arantv.az\/wp-content\/uploads\/2023\/12\/hjk-240x172.jpg",240,172,true],"advps-thumb-one":["https:\/\/arantv.az\/wp-content\/uploads\/2023\/12\/hjk.jpg",620,413,false]},"rttpg_author":{"display_name":"V\u00fcsal Rafiqo\u011flu","author_link":"https:\/\/arantv.az\/?author=2"},"rttpg_comment":0,"rttpg_category":"<a href=\"https:\/\/arantv.az\/?cat=4\" rel=\"category\">Siyas\u0259t<\/a>","rttpg_excerpt":"Nazirl\u0259r Kabineti \u201c\u0130\u015f\u011faldan azad edilmi\u015f \u0259razil\u0259rd\u0259 f\u0259aliyy\u0259t g\u00f6st\u0259r\u0259n s\u0131\u011fortaed\u0259nl\u0259r (s\u0131\u011fortaolunanlar) t\u0259r\u0259find\u0259n \u00f6d\u0259nilmi\u015f m\u0259cburi d\u00f6vl\u0259t sosial s\u0131\u011forta haqlar\u0131n\u0131n d\u00f6vl\u0259t b\u00fcdc\u0259sinin v\u0259saiti hesab\u0131na subsidiyala\u015fd\u0131r\u0131lmas\u0131 \u015f\u0259rtl\u0259ri, subsidiyalar\u0131n \u00f6d\u0259nilm\u0259si v\u0259 bu sah\u0259d\u0259 n\u0259zar\u0259tin h\u0259yata ke\u00e7irilm\u0259si Qaydas\u0131\u201dn\u0131 t\u0259sdiq edib. Bununla ba\u011fl\u0131 Ba\u015f nazir \u018fli \u018fs\u0259dov yeni q\u0259rar imzalay\u0131b. Q\u0259rar 2023-c\u00fc il yanvar\u0131n 1-d\u0259n 2033-c\u00fc il yanvar\u0131n 1-n\u0259 q\u0259d\u0259r q\u00fcvv\u0259d\u0259dir.","_links":{"self":[{"href":"https:\/\/arantv.az\/index.php?rest_route=\/wp\/v2\/posts\/667153"}],"collection":[{"href":"https:\/\/arantv.az\/index.php?rest_route=\/wp\/v2\/posts"}],"about":[{"href":"https:\/\/arantv.az\/index.php?rest_route=\/wp\/v2\/types\/post"}],"author":[{"embeddable":true,"href":"https:\/\/arantv.az\/index.php?rest_route=\/wp\/v2\/users\/2"}],"replies":[{"embeddable":true,"href":"https:\/\/arantv.az\/index.php?rest_route=%2Fwp%2Fv2%2Fcomments&post=667153"}],"version-history":[{"count":0,"href":"https:\/\/arantv.az\/index.php?rest_route=\/wp\/v2\/posts\/667153\/revisions"}],"wp:featuredmedia":[{"embeddable":true,"href":"https:\/\/arantv.az\/index.php?rest_route=\/wp\/v2\/media\/667154"}],"wp:attachment":[{"href":"https:\/\/arantv.az\/index.php?rest_route=%2Fwp%2Fv2%2Fmedia&parent=667153"}],"wp:term":[{"taxonomy":"category","embeddable":true,"href":"https:\/\/arantv.az\/index.php?rest_route=%2Fwp%2Fv2%2Fcategories&post=667153"},{"taxonomy":"post_tag","embeddable":true,"href":"https:\/\/arantv.az\/index.php?rest_route=%2Fwp%2Fv2%2Ftags&post=667153"}],"curies":[{"name":"wp","href":"https:\/\/api.w.org\/{rel}","templated":true}]}}