{"id":667171,"date":"2023-12-11T11:48:53","date_gmt":"2023-12-11T07:48:53","guid":{"rendered":"https:\/\/arantv.az\/?p=667171"},"modified":"2023-12-11T11:48:53","modified_gmt":"2023-12-11T07:48:53","slug":"dovl%c9%99td%c9%99n-usaga-gor%c9%99-h%c9%99r-ay-pul-almaq-ist%c9%99y%c9%99nl%c9%99rin-n%c9%99z%c9%99rin%c9%99-bu-yolla-ala-bil%c9%99rsiniz","status":"publish","type":"post","link":"https:\/\/arantv.az\/?p=667171","title":{"rendered":"D\u00f6vl\u0259td\u0259n u\u015fa\u011fa g\u00f6r\u0259 h\u0259r ay pul almaq ist\u0259y\u0259nl\u0259rin N\u018fZ\u018fR\u0130N\u018f! &#8211; Bu yolla ala bil\u0259rsiniz"},"content":{"rendered":"<p><strong>Az\u0259rbaycanda sosial m\u00fcavin\u0259tl\u0259rin t\u0259yin olunmas\u0131 v\u0259 verilm\u0259si h\u00fcquqi \u0259saslarla t\u0259nziml\u0259nir.<\/strong><\/p>\n<p><strong>ARANTV.AZ <\/strong>x\u0259b\u0259r verir ki,<strong>\u00a0<\/strong>m\u00fcavin\u0259t almaq h\u00fcquqi yaranan h\u0259r bir \u015f\u0259xs m\u00fc\u0259yy\u0259n proseduru ke\u00e7m\u0259kl\u0259 d\u00f6vl\u0259t t\u0259r\u0259find\u0259n ayr\u0131lan ayl\u0131q v\u0259 ya bird\u0259f\u0259lik \u00f6d\u0259ni\u015fl\u0259ri ala bil\u0259rl\u0259r.<\/p>\n<p>Sosial m\u00fcavin\u0259tin t\u0259yin olunmas\u0131 \u00fc\u00e7\u00fcn \u015f\u0259xs m\u00fcavin\u0259t almaq h\u00fcququ yarand\u0131qdan sonra ya\u015fay\u0131\u015f yeri \u00fczr\u0259 D\u00f6vl\u0259t Sosial M\u00fcdafi\u0259 Fondunun struktur b\u00f6lm\u0259sin\u0259 v\u0259 \u201cDOST\u201d m\u0259rk\u0259zl\u0259rin\u0259 m\u00fcraci\u0259t ed\u0259 bil\u0259r.<\/p>\n<p><strong>M\u00fcavin\u0259t almaq h\u00fcququ olan \u015f\u0259xsl\u0259r kiml\u0259rdir?<\/strong><\/p>\n<p>Az\u0259rbaycan Respublikas\u0131n\u0131n v\u0259t\u0259nda\u015flar\u0131<\/p>\n<p>Az\u0259rbaycan Respublikas\u0131n\u0131n t\u0259r\u0259fdar \u00e7\u0131xd\u0131\u011f\u0131 beyn\u0259lxalq m\u00fcqavil\u0259l\u0259rd\u0259 ba\u015fqa hal n\u0259z\u0259rd\u0259 tutulmam\u0131\u015fd\u0131rsa, Az\u0259rbaycan Respublikas\u0131n\u0131n \u0259razisind\u0259 daimi ya\u015fayan v\u0259t\u0259nda\u015fl\u0131\u011f\u0131 olmayan \u015f\u0259xsl\u0259r v\u0259 \u0259cn\u0259bil\u0259r (D\u00f6vl\u0259t qulluq\u00e7ular\u0131na \u00f6m\u00fcrl\u00fck m\u00fcavin\u0259t istisna olmaqla).<\/p>\n<p><strong>U\u015fa\u011fa g\u00f6r\u0259 hans\u0131 hallarda ayl\u0131q m\u00fcavin\u0259tl\u0259r verilir?<\/strong><\/p>\n<p>Bu sual\u0131n v\u0259 dig\u0259r b\u00fct\u00fcn suallar\u0131n\u0131z\u0131n cavab\u0131n\u0131 r\u0259smi m\u0259lumatlar \u0259sas\u0131nda t\u0259qdim edirik:<\/p>\n<p>Ail\u0259 ba\u015f\u00e7\u0131s\u0131n\u0131 itirm\u0259y\u0259 g\u00f6r\u0259 m\u00fcavin\u0259t:\u00a0<a href=\"https:\/\/sosial.gov.az\/fealiyyet\/destek-istiqametleri\/sosial-muavinet-teqaudler\/sosial-muavinetler\/ayliq-muavinetler\/aile-bascisini-itirmeye-gore-muavinet\" target=\"_blank\" rel=\"noopener external noreferrer\">\/\/bit.ly\/416WfNo<\/a><\/p>\n<p>M\u00fcdd\u0259tli h\u0259qiqi h\u0259rbi xidm\u0259t h\u0259rbi qulluq\u00e7ular\u0131n\u0131n u\u015faqlar\u0131na m\u00fcavin\u0259t:\u00a0<a href=\"https:\/\/sosial.gov.az\/fealiyyet\/destek-istiqametleri\/sosial-muavinet-teqaudler\/sosial-muavinetler\/ayliq-muavinetler\/muddetli-heqiqi-herbi-xidmet-herbi-qulluqcularinin-usaqlarina-muavinet\" target=\"_blank\" rel=\"noopener external noreferrer\">\/\/bit.ly\/46MBjfT<\/a><\/p>\n<p>1 ya\u015f\u0131nad\u0259k u\u015fa\u011f\u0131 olan azt\u0259minatl\u0131 ail\u0259l\u0259r\u0259 m\u00fcavin\u0259t:\u00a0<a href=\"https:\/\/sosial.gov.az\/fealiyyet\/destek-istiqametleri\/sosial-muavinet-teqaudler\/sosial-muavinetler\/ayliq-muavinetler\/1-yasinadek-usagi-olan-azteminatli-ailelere-muavinet\" target=\"_blank\" rel=\"noopener external noreferrer\">\/\/bit.ly\/3GvdRt2<\/a><\/p>\n<p><strong>Valideynl\u0259rini itirmi\u015f v\u0259 valideyn himay\u0259sind\u0259n m\u0259hrum olmu\u015f u\u015faqlar\u0131n q\u0259yyumlar\u0131na (himay\u0259\u00e7il\u0259rin\u0259) m\u00fcavin\u0259t:\u00a0<a href=\"https:\/\/sosial.gov.az\/fealiyyet\/destek-istiqametleri\/sosial-muavinet-teqaudler\/sosial-muavinetler\/ayliq-muavinetler\/valideynlerini-itirmis-ve-valideyn-himayesinden-mehrum-olmus-usaqlarin-qeyyumlarina-himayecilerine-muavinet\" target=\"_blank\" rel=\"noopener external noreferrer\">\/\/bit.ly\/3t9FfcH<\/a><\/strong><\/p>\n<p>Be\u015fd\u0259n \u00e7ox u\u015fa\u011f\u0131 olan qad\u0131nlara m\u00fcavin\u0259t:\u00a0<a href=\"https:\/\/sosial.gov.az\/fealiyyet\/destek-istiqametleri\/sosial-muavinet-teqaudler\/sosial-muavinetler\/ayliq-muavinetler\/besden-cox-usagi-olan-qadinlara-muavinet\" target=\"_blank\" rel=\"noopener external noreferrer\">\/\/bit.ly\/46IVnQj<\/a><\/p>\n<p>\u00d6z\u0259ll\u0259\u015fdiril\u0259n v\u0259 idar\u0259etm\u0259y\u0259 veril\u0259n d\u00f6vl\u0259t m\u00fc\u0259ssis\u0259l\u0259rinin istehsalat q\u0259zas\u0131 v\u0259 yaxud pe\u015f\u0259 x\u0259st\u0259liyi n\u0259tic\u0259sind\u0259 sa\u011flaml\u0131\u011f\u0131 pozulmu\u015f i\u015f\u00e7isin\u0259 v\u0259 ya bu s\u0259b\u0259bd\u0259n h\u0259lak olmu\u015f i\u015f\u00e7isinin ail\u0259 \u00fczvl\u0259rin\u0259 v\u0259 himay\u0259sind\u0259 olan dig\u0259r \u015f\u0259xsl\u0259r\u0259 ayl\u0131q m\u00fcavin\u0259tl\u0259r:\u00a0<a href=\"https:\/\/sosial.gov.az\/fealiyyet\/destek-istiqametleri\/sosial-muavinet-teqaudler\/sosial-muavinetler\/ayliq-muavinetler\/ozellesdirilen-ve-idareetmeye-verilen-dovlet-mussessiselerin-ayliq-muavinet\" target=\"_blank\" rel=\"noopener external noreferrer\">\/\/bit.ly\/4a60Jrx<\/a><\/p>\n<p>\u00d6vladl\u0131\u011fa g\u00f6t\u00fcr\u00fcl\u0259n u\u015fa\u011fa, o c\u00fcml\u0259d\u0259n 18 ya\u015f\u0131nad\u0259k \u0259lilliyi m\u00fc\u0259yy\u0259n edilmi\u015f u\u015fa\u011fa g\u00f6r\u0259 m\u00fcavin\u0259tl\u0259r:\u00a0<a href=\"https:\/\/sosial.gov.az\/fealiyyet\/destek-istiqametleri\/sosial-muavinet-teqaudler\/sosial-muavinetler\/ayliq-muavinetler\/ovladliga-goturulen-usaga-gore-muavinet\" target=\"_blank\" rel=\"noopener external noreferrer\">\/\/bit.ly\/3NebyxU<\/a><\/p>\n<p>3 ya\u015f\u0131nad\u0259k u\u015fa\u011fa qullu\u011fa g\u00f6r\u0259 m\u00fcavin\u0259t:\u00a0<a href=\"https:\/\/bit.ly\/4a7XmAm\" target=\"_blank\" rel=\"noopener external noreferrer\">\/\/bit.ly\/4a7XmAm<\/a><\/p>\n<p>(baku.vs)<\/p>\n","protected":false},"excerpt":{"rendered":"<p>Az\u0259rbaycanda sosial m\u00fcavin\u0259tl\u0259rin t\u0259yin olunmas\u0131 v\u0259 verilm\u0259si h\u00fcquqi \u0259saslarla t\u0259nziml\u0259nir. ARANTV.AZ x\u0259b\u0259r verir ki,\u00a0m\u00fcavin\u0259t almaq h\u00fcquqi yaranan h\u0259r bir \u015f\u0259xs m\u00fc\u0259yy\u0259n proseduru ke\u00e7m\u0259kl\u0259 d\u00f6vl\u0259t t\u0259r\u0259find\u0259n ayr\u0131lan ayl\u0131q v\u0259 ya bird\u0259f\u0259lik \u00f6d\u0259ni\u015fl\u0259ri ala bil\u0259rl\u0259r. Sosial m\u00fcavin\u0259tin t\u0259yin olunmas\u0131 \u00fc\u00e7\u00fcn \u015f\u0259xs m\u00fcavin\u0259t almaq h\u00fcququ yarand\u0131qdan sonra ya\u015fay\u0131\u015f yeri \u00fczr\u0259 D\u00f6vl\u0259t Sosial M\u00fcdafi\u0259 Fondunun struktur b\u00f6lm\u0259sin\u0259 v\u0259 \u201cDOST\u201d m\u0259rk\u0259zl\u0259rin\u0259 m\u00fcraci\u0259t ed\u0259 bil\u0259r. M\u00fcavin\u0259t almaq h\u00fcququ olan \u015f\u0259xsl\u0259r kiml\u0259rdir? Az\u0259rbaycan Respublikas\u0131n\u0131n v\u0259t\u0259nda\u015flar\u0131 Az\u0259rbaycan Respublikas\u0131n\u0131n t\u0259r\u0259fdar \u00e7\u0131xd\u0131\u011f\u0131 beyn\u0259lxalq m\u00fcqavil\u0259l\u0259rd\u0259 ba\u015fqa hal n\u0259z\u0259rd\u0259 tutulmam\u0131\u015fd\u0131rsa, Az\u0259rbaycan Respublikas\u0131n\u0131n \u0259razisind\u0259 daimi ya\u015fayan v\u0259t\u0259nda\u015fl\u0131\u011f\u0131 olmayan \u015f\u0259xsl\u0259r v\u0259 \u0259cn\u0259bil\u0259r (D\u00f6vl\u0259t qulluq\u00e7ular\u0131na&hellip;<\/p>\n","protected":false},"author":2,"featured_media":667172,"comment_status":"closed","ping_status":"closed","sticky":false,"template":"","format":"standard","meta":{"om_disable_all_campaigns":false,"_monsterinsights_skip_tracking":false,"_monsterinsights_sitenote_active":false,"_monsterinsights_sitenote_note":"","_monsterinsights_sitenote_category":0},"categories":[26],"tags":[],"aioseo_notices":[],"gutentor_comment":0,"rttpg_featured_image_url":{"full":["https:\/\/arantv.az\/wp-content\/uploads\/2023\/12\/7172723704db04ec3b88e0e161f73e58.jpg",800,500,false],"landscape":["https:\/\/arantv.az\/wp-content\/uploads\/2023\/12\/7172723704db04ec3b88e0e161f73e58.jpg",800,500,false],"portraits":["https:\/\/arantv.az\/wp-content\/uploads\/2023\/12\/7172723704db04ec3b88e0e161f73e58.jpg",800,500,false],"thumbnail":["https:\/\/arantv.az\/wp-content\/uploads\/2023\/12\/7172723704db04ec3b88e0e161f73e58-500x280.jpg",500,280,true],"medium":["https:\/\/arantv.az\/wp-content\/uploads\/2023\/12\/7172723704db04ec3b88e0e161f73e58-584x365.jpg",584,365,true],"large":["https:\/\/arantv.az\/wp-content\/uploads\/2023\/12\/7172723704db04ec3b88e0e161f73e58.jpg",640,400,false],"1536x1536":["https:\/\/arantv.az\/wp-content\/uploads\/2023\/12\/7172723704db04ec3b88e0e161f73e58.jpg",800,500,false],"2048x2048":["https:\/\/arantv.az\/wp-content\/uploads\/2023\/12\/7172723704db04ec3b88e0e161f73e58.jpg",800,500,false],"post-thumbnail":["https:\/\/arantv.az\/wp-content\/uploads\/2023\/12\/7172723704db04ec3b88e0e161f73e58-240x172.jpg",240,172,true],"advps-thumb-one":["https:\/\/arantv.az\/wp-content\/uploads\/2023\/12\/7172723704db04ec3b88e0e161f73e58.jpg",800,500,false]},"rttpg_author":{"display_name":"V\u00fcsal Rafiqo\u011flu","author_link":"https:\/\/arantv.az\/?author=2"},"rttpg_comment":0,"rttpg_category":"<a href=\"https:\/\/arantv.az\/?cat=26\" rel=\"category\">Sosial<\/a>","rttpg_excerpt":"Az\u0259rbaycanda sosial m\u00fcavin\u0259tl\u0259rin t\u0259yin olunmas\u0131 v\u0259 verilm\u0259si h\u00fcquqi \u0259saslarla t\u0259nziml\u0259nir. ARANTV.AZ x\u0259b\u0259r verir ki,\u00a0m\u00fcavin\u0259t almaq h\u00fcquqi yaranan h\u0259r bir \u015f\u0259xs m\u00fc\u0259yy\u0259n proseduru ke\u00e7m\u0259kl\u0259 d\u00f6vl\u0259t t\u0259r\u0259find\u0259n ayr\u0131lan ayl\u0131q v\u0259 ya bird\u0259f\u0259lik \u00f6d\u0259ni\u015fl\u0259ri ala bil\u0259rl\u0259r. Sosial m\u00fcavin\u0259tin t\u0259yin olunmas\u0131 \u00fc\u00e7\u00fcn \u015f\u0259xs m\u00fcavin\u0259t almaq h\u00fcququ yarand\u0131qdan sonra ya\u015fay\u0131\u015f yeri \u00fczr\u0259 D\u00f6vl\u0259t Sosial M\u00fcdafi\u0259 Fondunun struktur b\u00f6lm\u0259sin\u0259 v\u0259 \u201cDOST\u201d&hellip;","_links":{"self":[{"href":"https:\/\/arantv.az\/index.php?rest_route=\/wp\/v2\/posts\/667171"}],"collection":[{"href":"https:\/\/arantv.az\/index.php?rest_route=\/wp\/v2\/posts"}],"about":[{"href":"https:\/\/arantv.az\/index.php?rest_route=\/wp\/v2\/types\/post"}],"author":[{"embeddable":true,"href":"https:\/\/arantv.az\/index.php?rest_route=\/wp\/v2\/users\/2"}],"replies":[{"embeddable":true,"href":"https:\/\/arantv.az\/index.php?rest_route=%2Fwp%2Fv2%2Fcomments&post=667171"}],"version-history":[{"count":0,"href":"https:\/\/arantv.az\/index.php?rest_route=\/wp\/v2\/posts\/667171\/revisions"}],"wp:featuredmedia":[{"embeddable":true,"href":"https:\/\/arantv.az\/index.php?rest_route=\/wp\/v2\/media\/667172"}],"wp:attachment":[{"href":"https:\/\/arantv.az\/index.php?rest_route=%2Fwp%2Fv2%2Fmedia&parent=667171"}],"wp:term":[{"taxonomy":"category","embeddable":true,"href":"https:\/\/arantv.az\/index.php?rest_route=%2Fwp%2Fv2%2Fcategories&post=667171"},{"taxonomy":"post_tag","embeddable":true,"href":"https:\/\/arantv.az\/index.php?rest_route=%2Fwp%2Fv2%2Ftags&post=667171"}],"curies":[{"name":"wp","href":"https:\/\/api.w.org\/{rel}","templated":true}]}}