{"id":667178,"date":"2023-12-11T11:54:54","date_gmt":"2023-12-11T07:54:54","guid":{"rendered":"https:\/\/arantv.az\/?p=667178"},"modified":"2023-12-11T11:54:54","modified_gmt":"2023-12-11T07:54:54","slug":"bu-gun-brusseld%c9%99-ai-s%c9%99rq-t%c9%99r%c9%99fdasligi-olk%c9%99l%c9%99rinin-xin-bascilarinin-iclasi-keciril%c9%99c%c9%99k","status":"publish","type":"post","link":"https:\/\/arantv.az\/?p=667178","title":{"rendered":"Bu g\u00fcn Br\u00fcsseld\u0259 A\u0130 \u015e\u0259rq T\u0259r\u0259fda\u015fl\u0131\u011f\u0131 \u00f6lk\u0259l\u0259rinin X\u0130N ba\u015f\u00e7\u0131lar\u0131n\u0131n iclas\u0131 ke\u00e7iril\u0259c\u0259k"},"content":{"rendered":"<p>Bu g\u00fcn Br\u00fcsseld\u0259 \u015e\u0259rq T\u0259r\u0259fda\u015fl\u0131\u011f\u0131 proqram\u0131na \u00fczv \u00f6lk\u0259l\u0259rin xarici i\u015fl\u0259r nazirl\u0259rinin iclas\u0131 ke\u00e7iril\u0259c\u0259k.<\/p>\n<p><strong>ARANTV.AZ<\/strong>-\u0131n m\u0259lumat\u0131na g\u00f6r\u0259, bu bar\u0259d\u0259 Avropa \u0130ttifaq\u0131n\u0131n sayt\u0131nda x\u0259b\u0259r verilib.<\/p>\n<p>Bildirilir ki, Avropa \u0130ttifaq\u0131n\u0131n (A\u0130) xarici i\u015fl\u0259r v\u0259 t\u0259hl\u00fck\u0259sizlik siyas\u0259ti \u00fczr\u0259 ali n\u00fcmay\u0259nd\u0259si Jozep Borrelin s\u0259drliyi il\u0259 ke\u00e7iril\u0259c\u0259k iclasda alt\u0131 \u015e\u0259rq T\u0259r\u0259fda\u015fl\u0131\u011f\u0131 \u00f6lk\u0259sind\u0259n be\u015finin (Erm\u0259nistan, Az\u0259rbaycan, G\u00fcrc\u00fcstan, Moldova Respublikas\u0131 v\u0259 Ukrayna) xarici i\u015fl\u0259r nazirl\u0259ri bir araya g\u0259l\u0259c\u0259kl\u0259r.<\/p>\n<p>Yerli vaxtla saat 18:00-da ba\u015flayacaq X\u0130N r\u0259hb\u0259rl\u0259rinin iclas\u0131nda A\u0130 Qon\u015fuluq Siyas\u0259ti v\u0259 Geni\u015fl\u0259nm\u0259 \u00fczr\u0259 komissar\u0131 Oliver Varhelyi d\u0259 i\u015ftirak ed\u0259c\u0259k.<\/p>\n<p>M\u0259lumata g\u00f6r\u0259, nazirl\u0259r \u015e\u0259rq T\u0259r\u0259fda\u015fl\u0131\u011f\u0131 il\u0259 ba\u011fl\u0131 fikir m\u00fcbadil\u0259si aparacaq, onun nailiyy\u0259tl\u0259rini t\u0259hlil ed\u0259c\u0259k v\u0259 siyas\u0259tin g\u0259l\u0259c\u0259yi \u00fc\u00e7\u00fcn konkret t\u00f6vsiy\u0259l\u0259r m\u00fc\u0259yy\u0259n ed\u0259c\u0259kl\u0259r.<\/p>\n<p>Qeyd ed\u0259k ki, Az\u0259rbaycan Respublikas\u0131n\u0131n xarici i\u015fl\u0259r naziri Ceyhun Bayramov \u201c\u015e\u0259rq t\u0259r\u0259fda\u015fl\u0131\u011f\u0131\u201d xarici i\u015fl\u0259r nazirl\u0259rinin g\u00f6r\u00fc\u015f\u00fcnd\u0259 i\u015ftirak etm\u0259k m\u0259qs\u0259dil\u0259 Bel\u00e7ika Krall\u0131\u011f\u0131na\u00a0<a href=\"https:\/\/oxu.az\/politics\/813968?fbclid=IwAR0v_OAf7uFNFJyfaFuKV1IchHrCtfhaECCTBbvPokG6EiMatn1impHPCsg\" target=\"_blank\" rel=\"noopener\"><strong>i\u015fg\u00fczar s\u0259f\u0259r\u0259<\/strong><\/a><strong>\u00a0<\/strong>yola d\u00fc\u015f\u00fcb.<\/p>\n<p>S\u0259f\u0259r zaman\u0131 C.Bayramovun Br\u00fcssel \u015f\u0259h\u0259rind\u0259 ke\u00e7iril\u0259n t\u0259dbird\u0259 \u00e7\u0131x\u0131\u015f\u0131 v\u0259 ikit\u0259r\u0259fli g\u00f6r\u00fc\u015fl\u0259rinin ke\u00e7irilm\u0259si n\u0259z\u0259rd\u0259 tutulub.<\/p>\n<p>M\u0259nb\u0259: Consilium.europa.eu<\/p>\n","protected":false},"excerpt":{"rendered":"<p>Bu g\u00fcn Br\u00fcsseld\u0259 \u015e\u0259rq T\u0259r\u0259fda\u015fl\u0131\u011f\u0131 proqram\u0131na \u00fczv \u00f6lk\u0259l\u0259rin xarici i\u015fl\u0259r nazirl\u0259rinin iclas\u0131 ke\u00e7iril\u0259c\u0259k. ARANTV.AZ-\u0131n m\u0259lumat\u0131na g\u00f6r\u0259, bu bar\u0259d\u0259 Avropa \u0130ttifaq\u0131n\u0131n sayt\u0131nda x\u0259b\u0259r verilib. Bildirilir ki, Avropa \u0130ttifaq\u0131n\u0131n (A\u0130) xarici i\u015fl\u0259r v\u0259 t\u0259hl\u00fck\u0259sizlik siyas\u0259ti \u00fczr\u0259 ali n\u00fcmay\u0259nd\u0259si Jozep Borrelin s\u0259drliyi il\u0259 ke\u00e7iril\u0259c\u0259k iclasda alt\u0131 \u015e\u0259rq T\u0259r\u0259fda\u015fl\u0131\u011f\u0131 \u00f6lk\u0259sind\u0259n be\u015finin (Erm\u0259nistan, Az\u0259rbaycan, G\u00fcrc\u00fcstan, Moldova Respublikas\u0131 v\u0259 Ukrayna) xarici i\u015fl\u0259r nazirl\u0259ri bir araya g\u0259l\u0259c\u0259kl\u0259r. Yerli vaxtla saat 18:00-da ba\u015flayacaq X\u0130N r\u0259hb\u0259rl\u0259rinin iclas\u0131nda A\u0130 Qon\u015fuluq Siyas\u0259ti v\u0259 Geni\u015fl\u0259nm\u0259 \u00fczr\u0259 komissar\u0131 Oliver Varhelyi d\u0259 i\u015ftirak ed\u0259c\u0259k. M\u0259lumata g\u00f6r\u0259, nazirl\u0259r \u015e\u0259rq T\u0259r\u0259fda\u015fl\u0131\u011f\u0131 il\u0259 ba\u011fl\u0131 fikir m\u00fcbadil\u0259si aparacaq,&hellip;<\/p>\n","protected":false},"author":2,"featured_media":667179,"comment_status":"closed","ping_status":"closed","sticky":false,"template":"","format":"standard","meta":{"om_disable_all_campaigns":false,"_monsterinsights_skip_tracking":false,"_monsterinsights_sitenote_active":false,"_monsterinsights_sitenote_note":"","_monsterinsights_sitenote_category":0},"categories":[4],"tags":[],"aioseo_notices":[],"gutentor_comment":0,"rttpg_featured_image_url":{"full":["https:\/\/arantv.az\/wp-content\/uploads\/2023\/12\/6576b8092c5526576b8092c55317022791776576b8092c5506576b8092c551.jpg",620,413,false],"landscape":["https:\/\/arantv.az\/wp-content\/uploads\/2023\/12\/6576b8092c5526576b8092c55317022791776576b8092c5506576b8092c551.jpg",620,413,false],"portraits":["https:\/\/arantv.az\/wp-content\/uploads\/2023\/12\/6576b8092c5526576b8092c55317022791776576b8092c5506576b8092c551.jpg",620,413,false],"thumbnail":["https:\/\/arantv.az\/wp-content\/uploads\/2023\/12\/6576b8092c5526576b8092c55317022791776576b8092c5506576b8092c551-500x280.jpg",500,280,true],"medium":["https:\/\/arantv.az\/wp-content\/uploads\/2023\/12\/6576b8092c5526576b8092c55317022791776576b8092c5506576b8092c551-548x365.jpg",548,365,true],"large":["https:\/\/arantv.az\/wp-content\/uploads\/2023\/12\/6576b8092c5526576b8092c55317022791776576b8092c5506576b8092c551.jpg",620,413,false],"1536x1536":["https:\/\/arantv.az\/wp-content\/uploads\/2023\/12\/6576b8092c5526576b8092c55317022791776576b8092c5506576b8092c551.jpg",620,413,false],"2048x2048":["https:\/\/arantv.az\/wp-content\/uploads\/2023\/12\/6576b8092c5526576b8092c55317022791776576b8092c5506576b8092c551.jpg",620,413,false],"post-thumbnail":["https:\/\/arantv.az\/wp-content\/uploads\/2023\/12\/6576b8092c5526576b8092c55317022791776576b8092c5506576b8092c551-240x172.jpg",240,172,true],"advps-thumb-one":["https:\/\/arantv.az\/wp-content\/uploads\/2023\/12\/6576b8092c5526576b8092c55317022791776576b8092c5506576b8092c551.jpg",620,413,false]},"rttpg_author":{"display_name":"V\u00fcsal Rafiqo\u011flu","author_link":"https:\/\/arantv.az\/?author=2"},"rttpg_comment":0,"rttpg_category":"<a href=\"https:\/\/arantv.az\/?cat=4\" rel=\"category\">Siyas\u0259t<\/a>","rttpg_excerpt":"Bu g\u00fcn Br\u00fcsseld\u0259 \u015e\u0259rq T\u0259r\u0259fda\u015fl\u0131\u011f\u0131 proqram\u0131na \u00fczv \u00f6lk\u0259l\u0259rin xarici i\u015fl\u0259r nazirl\u0259rinin iclas\u0131 ke\u00e7iril\u0259c\u0259k. ARANTV.AZ-\u0131n m\u0259lumat\u0131na g\u00f6r\u0259, bu bar\u0259d\u0259 Avropa \u0130ttifaq\u0131n\u0131n sayt\u0131nda x\u0259b\u0259r verilib. Bildirilir ki, Avropa \u0130ttifaq\u0131n\u0131n (A\u0130) xarici i\u015fl\u0259r v\u0259 t\u0259hl\u00fck\u0259sizlik siyas\u0259ti \u00fczr\u0259 ali n\u00fcmay\u0259nd\u0259si Jozep Borrelin s\u0259drliyi il\u0259 ke\u00e7iril\u0259c\u0259k iclasda alt\u0131 \u015e\u0259rq T\u0259r\u0259fda\u015fl\u0131\u011f\u0131 \u00f6lk\u0259sind\u0259n be\u015finin (Erm\u0259nistan, Az\u0259rbaycan, G\u00fcrc\u00fcstan, Moldova Respublikas\u0131 v\u0259 Ukrayna) xarici&hellip;","_links":{"self":[{"href":"https:\/\/arantv.az\/index.php?rest_route=\/wp\/v2\/posts\/667178"}],"collection":[{"href":"https:\/\/arantv.az\/index.php?rest_route=\/wp\/v2\/posts"}],"about":[{"href":"https:\/\/arantv.az\/index.php?rest_route=\/wp\/v2\/types\/post"}],"author":[{"embeddable":true,"href":"https:\/\/arantv.az\/index.php?rest_route=\/wp\/v2\/users\/2"}],"replies":[{"embeddable":true,"href":"https:\/\/arantv.az\/index.php?rest_route=%2Fwp%2Fv2%2Fcomments&post=667178"}],"version-history":[{"count":0,"href":"https:\/\/arantv.az\/index.php?rest_route=\/wp\/v2\/posts\/667178\/revisions"}],"wp:featuredmedia":[{"embeddable":true,"href":"https:\/\/arantv.az\/index.php?rest_route=\/wp\/v2\/media\/667179"}],"wp:attachment":[{"href":"https:\/\/arantv.az\/index.php?rest_route=%2Fwp%2Fv2%2Fmedia&parent=667178"}],"wp:term":[{"taxonomy":"category","embeddable":true,"href":"https:\/\/arantv.az\/index.php?rest_route=%2Fwp%2Fv2%2Fcategories&post=667178"},{"taxonomy":"post_tag","embeddable":true,"href":"https:\/\/arantv.az\/index.php?rest_route=%2Fwp%2Fv2%2Ftags&post=667178"}],"curies":[{"name":"wp","href":"https:\/\/api.w.org\/{rel}","templated":true}]}}