{"id":667185,"date":"2023-12-11T11:59:46","date_gmt":"2023-12-11T07:59:46","guid":{"rendered":"https:\/\/arantv.az\/?p=667185"},"modified":"2023-12-11T11:59:46","modified_gmt":"2023-12-11T07:59:46","slug":"q%c9%99rbi-az%c9%99rbaycan-icmasi-erm%c9%99nistanin-kecmis-nazirin%c9%99-cavab-verib","status":"publish","type":"post","link":"https:\/\/arantv.az\/?p=667185","title":{"rendered":"Q\u0259rbi Az\u0259rbaycan \u0130cmas\u0131 Erm\u0259nistan\u0131n ke\u00e7mi\u015f nazirin\u0259 cavab verib"},"content":{"rendered":"<p>Q\u0259rbi Az\u0259rbaycan \u0130cmas\u0131 Erm\u0259nistan\u0131n ke\u00e7mi\u015f xarici i\u015fl\u0259r naziri Vardan Oskanyana cavab b\u0259yanat\u0131 yay\u0131b.<\/p>\n<p>B\u0259yanatda deyilir:<\/p>\n<p>\u201cErm\u0259nistan\u0131n ke\u00e7mi\u015f xarici i\u015fl\u0259r naziri Vardan Oskanyan bir-birini \u0259v\u0259z ed\u0259n g\u00fcl\u00fcnc a\u00e7\u0131qlamalar verir. Da\u015fnak v\u0259 irq\u00e7i d\u00fc\u015f\u00fcnc\u0259li V.Oskanyan reall\u0131qlardan tamamil\u0259 uzaq d\u00fc\u015f\u00fcb v\u0259 \u00f6z\u00fcn\u00fcn uydurdu\u011fu paralel d\u00fcnyada g\u00fcn ke\u00e7irm\u0259kl\u0259 m\u0259\u015f\u011fuldur. Bel\u0259 qeyri-ciddi adam\u0131n uzun m\u00fcdd\u0259t xarici i\u015fl\u0259r naziri olmas\u0131 Erm\u0259nistan\u0131n n\u0259 \u00fc\u00e7\u00fcn u\u011fursuz d\u00f6vl\u0259t oldu\u011funu \u00e7ox yax\u015f\u0131 izah edir.<\/p>\n<p>V.Oskanyan da AT\u018fT-in sabiq Minsk qrupu, Tomas de Vaal kimi art\u0131q ke\u00e7mi\u015fdir\u201d.<\/p>\n","protected":false},"excerpt":{"rendered":"<p>Q\u0259rbi Az\u0259rbaycan \u0130cmas\u0131 Erm\u0259nistan\u0131n ke\u00e7mi\u015f xarici i\u015fl\u0259r naziri Vardan Oskanyana cavab b\u0259yanat\u0131 yay\u0131b. B\u0259yanatda deyilir: \u201cErm\u0259nistan\u0131n ke\u00e7mi\u015f xarici i\u015fl\u0259r naziri Vardan Oskanyan bir-birini \u0259v\u0259z ed\u0259n g\u00fcl\u00fcnc a\u00e7\u0131qlamalar verir. Da\u015fnak v\u0259 irq\u00e7i d\u00fc\u015f\u00fcnc\u0259li V.Oskanyan reall\u0131qlardan tamamil\u0259 uzaq d\u00fc\u015f\u00fcb v\u0259 \u00f6z\u00fcn\u00fcn uydurdu\u011fu paralel d\u00fcnyada g\u00fcn ke\u00e7irm\u0259kl\u0259 m\u0259\u015f\u011fuldur. Bel\u0259 qeyri-ciddi adam\u0131n uzun m\u00fcdd\u0259t xarici i\u015fl\u0259r naziri olmas\u0131 Erm\u0259nistan\u0131n n\u0259 \u00fc\u00e7\u00fcn u\u011fursuz d\u00f6vl\u0259t oldu\u011funu \u00e7ox yax\u015f\u0131 izah edir. V.Oskanyan da AT\u018fT-in sabiq Minsk qrupu, Tomas de Vaal kimi art\u0131q ke\u00e7mi\u015fdir\u201d.<\/p>\n","protected":false},"author":2,"featured_media":667186,"comment_status":"closed","ping_status":"closed","sticky":false,"template":"","format":"standard","meta":{"om_disable_all_campaigns":false,"_monsterinsights_skip_tracking":false,"_monsterinsights_sitenote_active":false,"_monsterinsights_sitenote_note":"","_monsterinsights_sitenote_category":0},"categories":[4],"tags":[],"aioseo_notices":[],"gutentor_comment":0,"rttpg_featured_image_url":{"full":["https:\/\/arantv.az\/wp-content\/uploads\/2023\/12\/1702280311443168823_1200x630.jpg",923,630,false],"landscape":["https:\/\/arantv.az\/wp-content\/uploads\/2023\/12\/1702280311443168823_1200x630.jpg",923,630,false],"portraits":["https:\/\/arantv.az\/wp-content\/uploads\/2023\/12\/1702280311443168823_1200x630.jpg",923,630,false],"thumbnail":["https:\/\/arantv.az\/wp-content\/uploads\/2023\/12\/1702280311443168823_1200x630-500x280.jpg",500,280,true],"medium":["https:\/\/arantv.az\/wp-content\/uploads\/2023\/12\/1702280311443168823_1200x630-535x365.jpg",535,365,true],"large":["https:\/\/arantv.az\/wp-content\/uploads\/2023\/12\/1702280311443168823_1200x630-840x573.jpg",640,437,true],"1536x1536":["https:\/\/arantv.az\/wp-content\/uploads\/2023\/12\/1702280311443168823_1200x630.jpg",923,630,false],"2048x2048":["https:\/\/arantv.az\/wp-content\/uploads\/2023\/12\/1702280311443168823_1200x630.jpg",923,630,false],"post-thumbnail":["https:\/\/arantv.az\/wp-content\/uploads\/2023\/12\/1702280311443168823_1200x630-240x172.jpg",240,172,true],"advps-thumb-one":["https:\/\/arantv.az\/wp-content\/uploads\/2023\/12\/1702280311443168823_1200x630-923x620.jpg",923,620,true]},"rttpg_author":{"display_name":"V\u00fcsal Rafiqo\u011flu","author_link":"https:\/\/arantv.az\/?author=2"},"rttpg_comment":0,"rttpg_category":"<a href=\"https:\/\/arantv.az\/?cat=4\" rel=\"category\">Siyas\u0259t<\/a>","rttpg_excerpt":"Q\u0259rbi Az\u0259rbaycan \u0130cmas\u0131 Erm\u0259nistan\u0131n ke\u00e7mi\u015f xarici i\u015fl\u0259r naziri Vardan Oskanyana cavab b\u0259yanat\u0131 yay\u0131b. B\u0259yanatda deyilir: \u201cErm\u0259nistan\u0131n ke\u00e7mi\u015f xarici i\u015fl\u0259r naziri Vardan Oskanyan bir-birini \u0259v\u0259z ed\u0259n g\u00fcl\u00fcnc a\u00e7\u0131qlamalar verir. Da\u015fnak v\u0259 irq\u00e7i d\u00fc\u015f\u00fcnc\u0259li V.Oskanyan reall\u0131qlardan tamamil\u0259 uzaq d\u00fc\u015f\u00fcb v\u0259 \u00f6z\u00fcn\u00fcn uydurdu\u011fu paralel d\u00fcnyada g\u00fcn ke\u00e7irm\u0259kl\u0259 m\u0259\u015f\u011fuldur. Bel\u0259 qeyri-ciddi adam\u0131n uzun m\u00fcdd\u0259t xarici i\u015fl\u0259r naziri olmas\u0131 Erm\u0259nistan\u0131n&hellip;","_links":{"self":[{"href":"https:\/\/arantv.az\/index.php?rest_route=\/wp\/v2\/posts\/667185"}],"collection":[{"href":"https:\/\/arantv.az\/index.php?rest_route=\/wp\/v2\/posts"}],"about":[{"href":"https:\/\/arantv.az\/index.php?rest_route=\/wp\/v2\/types\/post"}],"author":[{"embeddable":true,"href":"https:\/\/arantv.az\/index.php?rest_route=\/wp\/v2\/users\/2"}],"replies":[{"embeddable":true,"href":"https:\/\/arantv.az\/index.php?rest_route=%2Fwp%2Fv2%2Fcomments&post=667185"}],"version-history":[{"count":0,"href":"https:\/\/arantv.az\/index.php?rest_route=\/wp\/v2\/posts\/667185\/revisions"}],"wp:featuredmedia":[{"embeddable":true,"href":"https:\/\/arantv.az\/index.php?rest_route=\/wp\/v2\/media\/667186"}],"wp:attachment":[{"href":"https:\/\/arantv.az\/index.php?rest_route=%2Fwp%2Fv2%2Fmedia&parent=667185"}],"wp:term":[{"taxonomy":"category","embeddable":true,"href":"https:\/\/arantv.az\/index.php?rest_route=%2Fwp%2Fv2%2Fcategories&post=667185"},{"taxonomy":"post_tag","embeddable":true,"href":"https:\/\/arantv.az\/index.php?rest_route=%2Fwp%2Fv2%2Ftags&post=667185"}],"curies":[{"name":"wp","href":"https:\/\/api.w.org\/{rel}","templated":true}]}}