{"id":667191,"date":"2023-12-11T13:36:57","date_gmt":"2023-12-11T09:36:57","guid":{"rendered":"https:\/\/arantv.az\/?p=667191"},"modified":"2023-12-11T13:36:57","modified_gmt":"2023-12-11T09:36:57","slug":"kurd%c9%99mird%c9%99-8-ci-sinif-sagirdi-%c9%99r%c9%99-verilir-t%c9%99f%c9%99rruat","status":"publish","type":"post","link":"https:\/\/arantv.az\/?p=667191","title":{"rendered":"K\u00fcrd\u0259mird\u0259 8-ci sinif \u015fagirdi \u0259r\u0259 verilir? &#8211; T\u018fF\u018fRR\u00dcAT"},"content":{"rendered":"<p>Ail\u0259, Qad\u0131n v\u0259 U\u015faq Probleml\u0259ri \u00fczr\u0259 D\u00f6vl\u0259t Komit\u0259si K\u00fcrd\u0259mir rayonunun Muradxan k\u0259ndind\u0259 8-ci sinif \u015fagirdinin \u0259r\u0259 verilm\u0259si il\u0259 ba\u011fl\u0131 yay\u0131lan m\u0259lumatlarla \u0259laq\u0259dar ara\u015fd\u0131rmalara ba\u015flay\u0131b.<\/p>\n<p>Bu bar\u0259d\u0259 \u0130qtisadiyyat.az-\u0131n sor\u011fusuna cavab olaraq D\u00f6vl\u0259t Komit\u0259sinin m\u0259tbuat katibi Teymur M\u0259rdano\u011flu m\u0259lumat verib.<\/p>\n<p>Onun s\u00f6zl\u0259rin\u0259 g\u00f6r\u0259, evliliy\u0259 c\u0259lb olundu\u011fu iddia edil\u0259n h\u0259r iki \u015f\u0259xsin valideynl\u0259ri K\u00fcrd\u0259mir Rayon Polis \u015e\u00f6b\u0259sin\u0259 d\u0259v\u0259t olunublar.<\/p>\n<p>Ara\u015fd\u0131rmalar zaman\u0131 m\u0259kt\u0259bli q\u0131z\u0131n \u0259r\u0259 verilm\u0259si fakt\u0131 t\u0259sdiqini tapmay\u0131b:<\/p>\n<p>\u201cSad\u0259c\u0259, ail\u0259l\u0259rin \u00f6vladlar\u0131 \u00fc\u00e7\u00fcn ki\u00e7ik ni\u015fan m\u0259rasimi t\u0259\u015fkil etdikl\u0259ri m\u0259lum olub v\u0259 valideynl\u0259r qanunla n\u0259z\u0259rd\u0259 tutulmu\u015f ya\u015f h\u0259ddin\u0259 \u00e7atd\u0131qdan sonra onlar\u0131n toy m\u0259rasiminin ke\u00e7iril\u0259c\u0259yini bildiribl\u0259r\u201d.<\/p>\n<p>T.M\u0259rdano\u011flu bununla yana\u015f\u0131 bildirib ki, yetkinlik ya\u015f\u0131na \u00e7atmayan \u015f\u0259xsin ail\u0259 qurmas\u0131na c\u0259lb edilm\u0259sinin yolverilm\u0259zliyi v\u0259 qanunla qada\u011fan olundu\u011fu h\u0259r iki \u015f\u0259xsin valideynl\u0259rinin diqq\u0259tin\u0259 \u00e7atd\u0131r\u0131l\u0131b.<\/p>\n<p>D\u00f6vl\u0259t Komit\u0259sinin s\u00f6z\u00e7\u00fcs\u00fc m\u0259kt\u0259bli q\u0131z\u0131n haz\u0131rda d\u0259rsl\u0259rin\u0259 davam etdiyini vur\u011fulay\u0131b.<\/p>\n<p>O, h\u0259m\u00e7inin \u0259lav\u0259 edib ki, m\u0259s\u0259l\u0259 il\u0259 ba\u011fl\u0131 K\u00fcrd\u0259mir Rayon \u0130cra Hakimiyy\u0259ti yan\u0131nda Yetkinlik ya\u015f\u0131na \u00e7atmayanlar\u0131n i\u015fl\u0259ri v\u0259 h\u00fcquqlar\u0131n\u0131n m\u00fcdafi\u0259si \u00fczr\u0259 komissiyan\u0131n iclas\u0131 n\u0259z\u0259rd\u0259 tutulub.<\/p>\n","protected":false},"excerpt":{"rendered":"<p>Ail\u0259, Qad\u0131n v\u0259 U\u015faq Probleml\u0259ri \u00fczr\u0259 D\u00f6vl\u0259t Komit\u0259si K\u00fcrd\u0259mir rayonunun Muradxan k\u0259ndind\u0259 8-ci sinif \u015fagirdinin \u0259r\u0259 verilm\u0259si il\u0259 ba\u011fl\u0131 yay\u0131lan m\u0259lumatlarla \u0259laq\u0259dar ara\u015fd\u0131rmalara ba\u015flay\u0131b. Bu bar\u0259d\u0259 \u0130qtisadiyyat.az-\u0131n sor\u011fusuna cavab olaraq D\u00f6vl\u0259t Komit\u0259sinin m\u0259tbuat katibi Teymur M\u0259rdano\u011flu m\u0259lumat verib. Onun s\u00f6zl\u0259rin\u0259 g\u00f6r\u0259, evliliy\u0259 c\u0259lb olundu\u011fu iddia edil\u0259n h\u0259r iki \u015f\u0259xsin valideynl\u0259ri K\u00fcrd\u0259mir Rayon Polis \u015e\u00f6b\u0259sin\u0259 d\u0259v\u0259t olunublar. Ara\u015fd\u0131rmalar zaman\u0131 m\u0259kt\u0259bli q\u0131z\u0131n \u0259r\u0259 verilm\u0259si fakt\u0131 t\u0259sdiqini tapmay\u0131b: \u201cSad\u0259c\u0259, ail\u0259l\u0259rin \u00f6vladlar\u0131 \u00fc\u00e7\u00fcn ki\u00e7ik ni\u015fan m\u0259rasimi t\u0259\u015fkil etdikl\u0259ri m\u0259lum olub v\u0259 valideynl\u0259r qanunla n\u0259z\u0259rd\u0259 tutulmu\u015f ya\u015f h\u0259ddin\u0259 \u00e7atd\u0131qdan sonra onlar\u0131n toy m\u0259rasiminin ke\u00e7iril\u0259c\u0259yini bildiribl\u0259r\u201d.&hellip;<\/p>\n","protected":false},"author":2,"featured_media":667192,"comment_status":"closed","ping_status":"closed","sticky":false,"template":"","format":"standard","meta":{"om_disable_all_campaigns":false,"_monsterinsights_skip_tracking":false,"_monsterinsights_sitenote_active":false,"_monsterinsights_sitenote_note":"","_monsterinsights_sitenote_category":0},"categories":[1],"tags":[],"aioseo_notices":[],"gutentor_comment":0,"rttpg_featured_image_url":{"full":["https:\/\/arantv.az\/wp-content\/uploads\/2023\/12\/erken.jpg",620,413,false],"landscape":["https:\/\/arantv.az\/wp-content\/uploads\/2023\/12\/erken.jpg",620,413,false],"portraits":["https:\/\/arantv.az\/wp-content\/uploads\/2023\/12\/erken.jpg",620,413,false],"thumbnail":["https:\/\/arantv.az\/wp-content\/uploads\/2023\/12\/erken-500x280.jpg",500,280,true],"medium":["https:\/\/arantv.az\/wp-content\/uploads\/2023\/12\/erken-548x365.jpg",548,365,true],"large":["https:\/\/arantv.az\/wp-content\/uploads\/2023\/12\/erken.jpg",620,413,false],"1536x1536":["https:\/\/arantv.az\/wp-content\/uploads\/2023\/12\/erken.jpg",620,413,false],"2048x2048":["https:\/\/arantv.az\/wp-content\/uploads\/2023\/12\/erken.jpg",620,413,false],"post-thumbnail":["https:\/\/arantv.az\/wp-content\/uploads\/2023\/12\/erken-240x172.jpg",240,172,true],"advps-thumb-one":["https:\/\/arantv.az\/wp-content\/uploads\/2023\/12\/erken.jpg",620,413,false]},"rttpg_author":{"display_name":"V\u00fcsal Rafiqo\u011flu","author_link":"https:\/\/arantv.az\/?author=2"},"rttpg_comment":0,"rttpg_category":"<a href=\"https:\/\/arantv.az\/?cat=1\" rel=\"category\">C\u0259miyy\u0259t<\/a>","rttpg_excerpt":"Ail\u0259, Qad\u0131n v\u0259 U\u015faq Probleml\u0259ri \u00fczr\u0259 D\u00f6vl\u0259t Komit\u0259si K\u00fcrd\u0259mir rayonunun Muradxan k\u0259ndind\u0259 8-ci sinif \u015fagirdinin \u0259r\u0259 verilm\u0259si il\u0259 ba\u011fl\u0131 yay\u0131lan m\u0259lumatlarla \u0259laq\u0259dar ara\u015fd\u0131rmalara ba\u015flay\u0131b. Bu bar\u0259d\u0259 \u0130qtisadiyyat.az-\u0131n sor\u011fusuna cavab olaraq D\u00f6vl\u0259t Komit\u0259sinin m\u0259tbuat katibi Teymur M\u0259rdano\u011flu m\u0259lumat verib. Onun s\u00f6zl\u0259rin\u0259 g\u00f6r\u0259, evliliy\u0259 c\u0259lb olundu\u011fu iddia edil\u0259n h\u0259r iki \u015f\u0259xsin valideynl\u0259ri K\u00fcrd\u0259mir Rayon Polis \u015e\u00f6b\u0259sin\u0259 d\u0259v\u0259t&hellip;","_links":{"self":[{"href":"https:\/\/arantv.az\/index.php?rest_route=\/wp\/v2\/posts\/667191"}],"collection":[{"href":"https:\/\/arantv.az\/index.php?rest_route=\/wp\/v2\/posts"}],"about":[{"href":"https:\/\/arantv.az\/index.php?rest_route=\/wp\/v2\/types\/post"}],"author":[{"embeddable":true,"href":"https:\/\/arantv.az\/index.php?rest_route=\/wp\/v2\/users\/2"}],"replies":[{"embeddable":true,"href":"https:\/\/arantv.az\/index.php?rest_route=%2Fwp%2Fv2%2Fcomments&post=667191"}],"version-history":[{"count":0,"href":"https:\/\/arantv.az\/index.php?rest_route=\/wp\/v2\/posts\/667191\/revisions"}],"wp:featuredmedia":[{"embeddable":true,"href":"https:\/\/arantv.az\/index.php?rest_route=\/wp\/v2\/media\/667192"}],"wp:attachment":[{"href":"https:\/\/arantv.az\/index.php?rest_route=%2Fwp%2Fv2%2Fmedia&parent=667191"}],"wp:term":[{"taxonomy":"category","embeddable":true,"href":"https:\/\/arantv.az\/index.php?rest_route=%2Fwp%2Fv2%2Fcategories&post=667191"},{"taxonomy":"post_tag","embeddable":true,"href":"https:\/\/arantv.az\/index.php?rest_route=%2Fwp%2Fv2%2Ftags&post=667191"}],"curies":[{"name":"wp","href":"https:\/\/api.w.org\/{rel}","templated":true}]}}