{"id":667213,"date":"2023-12-11T13:44:15","date_gmt":"2023-12-11T09:44:15","guid":{"rendered":"https:\/\/arantv.az\/?p=667213"},"modified":"2023-12-11T13:44:15","modified_gmt":"2023-12-11T09:44:15","slug":"qaradag-rayonu-%c9%99razisind%c9%99-avtomobil-yollari-%c9%99sasli-t%c9%99mir-edil%c9%99c%c9%99k-s%c9%99r%c9%99ncam","status":"publish","type":"post","link":"https:\/\/arantv.az\/?p=667213","title":{"rendered":"Qarada\u011f rayonu \u0259razisind\u0259 avtomobil yollar\u0131 \u0259sasl\u0131 t\u0259mir edil\u0259c\u0259k &#8211; S\u018fR\u018fNCAM"},"content":{"rendered":"<p>Prezident\u00a0<strong>\u0130lham \u018fliyev<\/strong>\u00a0Bak\u0131 \u015f\u0259h\u0259rinin Qarada\u011f rayonu \u0259razisind\u0259 avtomobil yollar\u0131n\u0131n \u0259sasl\u0131 t\u0259miri il\u0259 ba\u011fl\u0131 t\u0259dbirl\u0259r haqq\u0131nda S\u0259r\u0259ncam imzalay\u0131b.<\/p>\n<p>Bu bar\u0259d\u0259\u00a0<a href=\"https:\/\/president.az\/az\/articles\/view\/62479\" target=\"_blank\" rel=\"noopener\"><strong>President.az<\/strong><\/a>\u00a0x\u0259b\u0259r verir.<\/p>\n<p>S\u0259r\u0259ncamla Bak\u0131 \u015f\u0259h\u0259rinin Qarada\u011f rayonu \u0259razisind\u0259 avtomobil yollar\u0131n\u0131n \u0259sasl\u0131 t\u0259miri m\u0259qs\u0259dil\u0259 Az\u0259rbaycan Respublikas\u0131 Prezidentinin 2023-c\u00fc il 23 yanvar tarixli 3720 n\u00f6mr\u0259li S\u0259r\u0259ncam\u0131 il\u0259 t\u0259sdiq edilmi\u015f \u201cAz\u0259rbaycan Respublikas\u0131n\u0131n 2023-c\u00fc il d\u00f6vl\u0259t b\u00fcdc\u0259sind\u0259 d\u00f6vl\u0259t \u0259sasl\u0131 v\u0259sait qoyulu\u015fu (investisiya x\u0259rcl\u0259ri) \u00fc\u00e7\u00fcn n\u0259z\u0259rd\u0259 tutulan v\u0259saitin b\u00f6lg\u00fcs\u00fc\u201dn\u00fcn 1.31.25-ci yar\u0131mb\u0259ndind\u0259 g\u00f6st\u0259rilmi\u015f m\u0259bl\u0259\u011fin 400 min manat\u0131 Az\u0259rbaycan Avtomobil Yollar\u0131 D\u00f6vl\u0259t Agentliyin\u0259 ayr\u0131l\u0131r.<\/p>\n<p>Maliyy\u0259l\u0259\u015fm\u0259ni t\u0259min etm\u0259k Maliyy\u0259 Nazirliyin\u0259, s\u0259r\u0259ncamdan ir\u0259li g\u0259l\u0259n m\u0259s\u0259l\u0259l\u0259rin h\u0259lli Nazirl\u0259r Kabinetin\u0259 tap\u015f\u0131r\u0131l\u0131b.<\/p>\n","protected":false},"excerpt":{"rendered":"<p>Prezident\u00a0\u0130lham \u018fliyev\u00a0Bak\u0131 \u015f\u0259h\u0259rinin Qarada\u011f rayonu \u0259razisind\u0259 avtomobil yollar\u0131n\u0131n \u0259sasl\u0131 t\u0259miri il\u0259 ba\u011fl\u0131 t\u0259dbirl\u0259r haqq\u0131nda S\u0259r\u0259ncam imzalay\u0131b. Bu bar\u0259d\u0259\u00a0President.az\u00a0x\u0259b\u0259r verir. S\u0259r\u0259ncamla Bak\u0131 \u015f\u0259h\u0259rinin Qarada\u011f rayonu \u0259razisind\u0259 avtomobil yollar\u0131n\u0131n \u0259sasl\u0131 t\u0259miri m\u0259qs\u0259dil\u0259 Az\u0259rbaycan Respublikas\u0131 Prezidentinin 2023-c\u00fc il 23 yanvar tarixli 3720 n\u00f6mr\u0259li S\u0259r\u0259ncam\u0131 il\u0259 t\u0259sdiq edilmi\u015f \u201cAz\u0259rbaycan Respublikas\u0131n\u0131n 2023-c\u00fc il d\u00f6vl\u0259t b\u00fcdc\u0259sind\u0259 d\u00f6vl\u0259t \u0259sasl\u0131 v\u0259sait qoyulu\u015fu (investisiya x\u0259rcl\u0259ri) \u00fc\u00e7\u00fcn n\u0259z\u0259rd\u0259 tutulan v\u0259saitin b\u00f6lg\u00fcs\u00fc\u201dn\u00fcn 1.31.25-ci yar\u0131mb\u0259ndind\u0259 g\u00f6st\u0259rilmi\u015f m\u0259bl\u0259\u011fin 400 min manat\u0131 Az\u0259rbaycan Avtomobil Yollar\u0131 D\u00f6vl\u0259t Agentliyin\u0259 ayr\u0131l\u0131r. Maliyy\u0259l\u0259\u015fm\u0259ni t\u0259min etm\u0259k Maliyy\u0259 Nazirliyin\u0259, s\u0259r\u0259ncamdan ir\u0259li g\u0259l\u0259n m\u0259s\u0259l\u0259l\u0259rin h\u0259lli Nazirl\u0259r Kabinetin\u0259 tap\u015f\u0131r\u0131l\u0131b.<\/p>\n","protected":false},"author":2,"featured_media":667214,"comment_status":"closed","ping_status":"closed","sticky":false,"template":"","format":"standard","meta":{"om_disable_all_campaigns":false,"_monsterinsights_skip_tracking":false,"_monsterinsights_sitenote_active":false,"_monsterinsights_sitenote_note":"","_monsterinsights_sitenote_category":0},"categories":[4],"tags":[],"aioseo_notices":[],"gutentor_comment":0,"rttpg_featured_image_url":{"full":["https:\/\/arantv.az\/wp-content\/uploads\/2023\/12\/1702285242_16.jpg",770,415,false],"landscape":["https:\/\/arantv.az\/wp-content\/uploads\/2023\/12\/1702285242_16.jpg",770,415,false],"portraits":["https:\/\/arantv.az\/wp-content\/uploads\/2023\/12\/1702285242_16.jpg",770,415,false],"thumbnail":["https:\/\/arantv.az\/wp-content\/uploads\/2023\/12\/1702285242_16-500x280.jpg",500,280,true],"medium":["https:\/\/arantv.az\/wp-content\/uploads\/2023\/12\/1702285242_16-660x356.jpg",660,356,true],"large":["https:\/\/arantv.az\/wp-content\/uploads\/2023\/12\/1702285242_16.jpg",640,345,false],"1536x1536":["https:\/\/arantv.az\/wp-content\/uploads\/2023\/12\/1702285242_16.jpg",770,415,false],"2048x2048":["https:\/\/arantv.az\/wp-content\/uploads\/2023\/12\/1702285242_16.jpg",770,415,false],"post-thumbnail":["https:\/\/arantv.az\/wp-content\/uploads\/2023\/12\/1702285242_16-240x172.jpg",240,172,true],"advps-thumb-one":["https:\/\/arantv.az\/wp-content\/uploads\/2023\/12\/1702285242_16.jpg",770,415,false]},"rttpg_author":{"display_name":"V\u00fcsal Rafiqo\u011flu","author_link":"https:\/\/arantv.az\/?author=2"},"rttpg_comment":0,"rttpg_category":"<a href=\"https:\/\/arantv.az\/?cat=4\" rel=\"category\">Siyas\u0259t<\/a>","rttpg_excerpt":"Prezident\u00a0\u0130lham \u018fliyev\u00a0Bak\u0131 \u015f\u0259h\u0259rinin Qarada\u011f rayonu \u0259razisind\u0259 avtomobil yollar\u0131n\u0131n \u0259sasl\u0131 t\u0259miri il\u0259 ba\u011fl\u0131 t\u0259dbirl\u0259r haqq\u0131nda S\u0259r\u0259ncam imzalay\u0131b. Bu bar\u0259d\u0259\u00a0President.az\u00a0x\u0259b\u0259r verir. S\u0259r\u0259ncamla Bak\u0131 \u015f\u0259h\u0259rinin Qarada\u011f rayonu \u0259razisind\u0259 avtomobil yollar\u0131n\u0131n \u0259sasl\u0131 t\u0259miri m\u0259qs\u0259dil\u0259 Az\u0259rbaycan Respublikas\u0131 Prezidentinin 2023-c\u00fc il 23 yanvar tarixli 3720 n\u00f6mr\u0259li S\u0259r\u0259ncam\u0131 il\u0259 t\u0259sdiq edilmi\u015f \u201cAz\u0259rbaycan Respublikas\u0131n\u0131n 2023-c\u00fc il d\u00f6vl\u0259t b\u00fcdc\u0259sind\u0259 d\u00f6vl\u0259t \u0259sasl\u0131 v\u0259sait qoyulu\u015fu (investisiya&hellip;","_links":{"self":[{"href":"https:\/\/arantv.az\/index.php?rest_route=\/wp\/v2\/posts\/667213"}],"collection":[{"href":"https:\/\/arantv.az\/index.php?rest_route=\/wp\/v2\/posts"}],"about":[{"href":"https:\/\/arantv.az\/index.php?rest_route=\/wp\/v2\/types\/post"}],"author":[{"embeddable":true,"href":"https:\/\/arantv.az\/index.php?rest_route=\/wp\/v2\/users\/2"}],"replies":[{"embeddable":true,"href":"https:\/\/arantv.az\/index.php?rest_route=%2Fwp%2Fv2%2Fcomments&post=667213"}],"version-history":[{"count":0,"href":"https:\/\/arantv.az\/index.php?rest_route=\/wp\/v2\/posts\/667213\/revisions"}],"wp:featuredmedia":[{"embeddable":true,"href":"https:\/\/arantv.az\/index.php?rest_route=\/wp\/v2\/media\/667214"}],"wp:attachment":[{"href":"https:\/\/arantv.az\/index.php?rest_route=%2Fwp%2Fv2%2Fmedia&parent=667213"}],"wp:term":[{"taxonomy":"category","embeddable":true,"href":"https:\/\/arantv.az\/index.php?rest_route=%2Fwp%2Fv2%2Fcategories&post=667213"},{"taxonomy":"post_tag","embeddable":true,"href":"https:\/\/arantv.az\/index.php?rest_route=%2Fwp%2Fv2%2Ftags&post=667213"}],"curies":[{"name":"wp","href":"https:\/\/api.w.org\/{rel}","templated":true}]}}