{"id":667219,"date":"2023-12-11T13:45:32","date_gmt":"2023-12-11T09:45:32","guid":{"rendered":"https:\/\/arantv.az\/?p=667219"},"modified":"2023-12-11T13:45:32","modified_gmt":"2023-12-11T09:45:32","slug":"ilham%c9%99-quliyevanin-bacisi-%c9%99li-mir%c9%99liyevi-m%c9%99hk%c9%99m%c9%99y%c9%99-verir","status":"publish","type":"post","link":"https:\/\/arantv.az\/?p=667219","title":{"rendered":"\u0130lham\u0259 Quliyevan\u0131n bac\u0131s\u0131 \u018fli Mir\u0259liyevi m\u0259hk\u0259m\u0259y\u0259 verir"},"content":{"rendered":"<p>M\u0259rhum Xalq artisti \u0130lham\u0259 Quliyevan\u0131n bac\u0131s\u0131 G\u00fclbahar Quliyeva m\u00fc\u011f\u0259nni \u018fli Mir\u0259liyevi m\u0259hk\u0259m\u0259y\u0259 verir.<\/p>\n<p>O, bu haqda \u201cO \u00fcz\u201d verili\u015find\u0259 deyib. Bildirib ki, \u018f.Mir\u0259liyev yeddi ildir, \u0130.Quliyeva haqq\u0131nda xo\u015fag\u0259lm\u0259z s\u00f6zl\u0259r dan\u0131\u015f\u0131r:<\/p>\n<p>\u201c\u0130lham\u0259 Quliyeva he\u00e7 vaxt \u018fli Mir\u0259liyevi yax\u0131n\u0131na buraxmay\u0131b. \u018fli n\u0259 yerini, n\u0259 r\u0259ftar\u0131n\u0131, n\u0259 d\u0259 dan\u0131\u015f\u0131\u011f\u0131n\u0131 bilir. \u0130lham\u0259 h\u0259r zaman bel\u0259 insanlardan uzaq olub. \u0130lham\u0259 Quliyeva \u00f6z\u00fcn\u0259 h\u00f6rm\u0259t ed\u0259n insan, xan\u0131m olub. \u018fli Mir\u0259liyevl\u0259 m\u0259hk\u0259m\u0259d\u0259 g\u00f6r\u00fc\u015f\u0259c\u0259y\u0259m. \u018flini m\u0259hk\u0259m\u0259y\u0259 ver\u0259c\u0259y\u0259m. N\u0259 q\u0259d\u0259r olar? \u0130lham\u0259 Quliyeva yeddi ildir ki, d\u00fcnyas\u0131n\u0131 d\u0259yi\u015fib, \u018fli Mir\u0259liyev dayanm\u0131r ki, dayanm\u0131r. S\u0259n \u0130lham\u0259 Quliyevaya n\u0259 vermis\u0259n ki, ala bilmirs\u0259n? Bel\u0259 biab\u0131r\u00e7\u0131l\u0131q olar?\u201d<\/p>\n<div id=\"22889818619\"><\/div>\n<p>Qeyd ed\u0259k ki, \u018f.Mir\u0259liyev \u0130.Quliyevan\u0131n miras\u0131n\u0131n bac\u0131lar\u0131na qalmas\u0131n\u0131 t\u0259nqid edib.<\/p>\n","protected":false},"excerpt":{"rendered":"<p>M\u0259rhum Xalq artisti \u0130lham\u0259 Quliyevan\u0131n bac\u0131s\u0131 G\u00fclbahar Quliyeva m\u00fc\u011f\u0259nni \u018fli Mir\u0259liyevi m\u0259hk\u0259m\u0259y\u0259 verir. O, bu haqda \u201cO \u00fcz\u201d verili\u015find\u0259 deyib. Bildirib ki, \u018f.Mir\u0259liyev yeddi ildir, \u0130.Quliyeva haqq\u0131nda xo\u015fag\u0259lm\u0259z s\u00f6zl\u0259r dan\u0131\u015f\u0131r: \u201c\u0130lham\u0259 Quliyeva he\u00e7 vaxt \u018fli Mir\u0259liyevi yax\u0131n\u0131na buraxmay\u0131b. \u018fli n\u0259 yerini, n\u0259 r\u0259ftar\u0131n\u0131, n\u0259 d\u0259 dan\u0131\u015f\u0131\u011f\u0131n\u0131 bilir. \u0130lham\u0259 h\u0259r zaman bel\u0259 insanlardan uzaq olub. \u0130lham\u0259 Quliyeva \u00f6z\u00fcn\u0259 h\u00f6rm\u0259t ed\u0259n insan, xan\u0131m olub. \u018fli Mir\u0259liyevl\u0259 m\u0259hk\u0259m\u0259d\u0259 g\u00f6r\u00fc\u015f\u0259c\u0259y\u0259m. \u018flini m\u0259hk\u0259m\u0259y\u0259 ver\u0259c\u0259y\u0259m. N\u0259 q\u0259d\u0259r olar? \u0130lham\u0259 Quliyeva yeddi ildir ki, d\u00fcnyas\u0131n\u0131 d\u0259yi\u015fib, \u018fli Mir\u0259liyev dayanm\u0131r ki, dayanm\u0131r. S\u0259n \u0130lham\u0259 Quliyevaya n\u0259 vermis\u0259n ki,&hellip;<\/p>\n","protected":false},"author":2,"featured_media":667220,"comment_status":"closed","ping_status":"closed","sticky":false,"template":"","format":"standard","meta":{"om_disable_all_campaigns":false,"_monsterinsights_skip_tracking":false,"_monsterinsights_sitenote_active":false,"_monsterinsights_sitenote_note":"","_monsterinsights_sitenote_category":0},"categories":[20],"tags":[],"aioseo_notices":[],"gutentor_comment":0,"rttpg_featured_image_url":{"full":["https:\/\/arantv.az\/wp-content\/uploads\/2023\/12\/30842_0jl2t2b4o6.jpg",620,413,false],"landscape":["https:\/\/arantv.az\/wp-content\/uploads\/2023\/12\/30842_0jl2t2b4o6.jpg",620,413,false],"portraits":["https:\/\/arantv.az\/wp-content\/uploads\/2023\/12\/30842_0jl2t2b4o6.jpg",620,413,false],"thumbnail":["https:\/\/arantv.az\/wp-content\/uploads\/2023\/12\/30842_0jl2t2b4o6-500x280.jpg",500,280,true],"medium":["https:\/\/arantv.az\/wp-content\/uploads\/2023\/12\/30842_0jl2t2b4o6-548x365.jpg",548,365,true],"large":["https:\/\/arantv.az\/wp-content\/uploads\/2023\/12\/30842_0jl2t2b4o6.jpg",620,413,false],"1536x1536":["https:\/\/arantv.az\/wp-content\/uploads\/2023\/12\/30842_0jl2t2b4o6.jpg",620,413,false],"2048x2048":["https:\/\/arantv.az\/wp-content\/uploads\/2023\/12\/30842_0jl2t2b4o6.jpg",620,413,false],"post-thumbnail":["https:\/\/arantv.az\/wp-content\/uploads\/2023\/12\/30842_0jl2t2b4o6-240x172.jpg",240,172,true],"advps-thumb-one":["https:\/\/arantv.az\/wp-content\/uploads\/2023\/12\/30842_0jl2t2b4o6.jpg",620,413,false]},"rttpg_author":{"display_name":"V\u00fcsal Rafiqo\u011flu","author_link":"https:\/\/arantv.az\/?author=2"},"rttpg_comment":0,"rttpg_category":"<a href=\"https:\/\/arantv.az\/?cat=20\" rel=\"category\">\u015eou biznes<\/a>","rttpg_excerpt":"M\u0259rhum Xalq artisti \u0130lham\u0259 Quliyevan\u0131n bac\u0131s\u0131 G\u00fclbahar Quliyeva m\u00fc\u011f\u0259nni \u018fli Mir\u0259liyevi m\u0259hk\u0259m\u0259y\u0259 verir. O, bu haqda \u201cO \u00fcz\u201d verili\u015find\u0259 deyib. Bildirib ki, \u018f.Mir\u0259liyev yeddi ildir, \u0130.Quliyeva haqq\u0131nda xo\u015fag\u0259lm\u0259z s\u00f6zl\u0259r dan\u0131\u015f\u0131r: \u201c\u0130lham\u0259 Quliyeva he\u00e7 vaxt \u018fli Mir\u0259liyevi yax\u0131n\u0131na buraxmay\u0131b. \u018fli n\u0259 yerini, n\u0259 r\u0259ftar\u0131n\u0131, n\u0259 d\u0259 dan\u0131\u015f\u0131\u011f\u0131n\u0131 bilir. \u0130lham\u0259 h\u0259r zaman bel\u0259 insanlardan uzaq olub. \u0130lham\u0259&hellip;","_links":{"self":[{"href":"https:\/\/arantv.az\/index.php?rest_route=\/wp\/v2\/posts\/667219"}],"collection":[{"href":"https:\/\/arantv.az\/index.php?rest_route=\/wp\/v2\/posts"}],"about":[{"href":"https:\/\/arantv.az\/index.php?rest_route=\/wp\/v2\/types\/post"}],"author":[{"embeddable":true,"href":"https:\/\/arantv.az\/index.php?rest_route=\/wp\/v2\/users\/2"}],"replies":[{"embeddable":true,"href":"https:\/\/arantv.az\/index.php?rest_route=%2Fwp%2Fv2%2Fcomments&post=667219"}],"version-history":[{"count":0,"href":"https:\/\/arantv.az\/index.php?rest_route=\/wp\/v2\/posts\/667219\/revisions"}],"wp:featuredmedia":[{"embeddable":true,"href":"https:\/\/arantv.az\/index.php?rest_route=\/wp\/v2\/media\/667220"}],"wp:attachment":[{"href":"https:\/\/arantv.az\/index.php?rest_route=%2Fwp%2Fv2%2Fmedia&parent=667219"}],"wp:term":[{"taxonomy":"category","embeddable":true,"href":"https:\/\/arantv.az\/index.php?rest_route=%2Fwp%2Fv2%2Fcategories&post=667219"},{"taxonomy":"post_tag","embeddable":true,"href":"https:\/\/arantv.az\/index.php?rest_route=%2Fwp%2Fv2%2Ftags&post=667219"}],"curies":[{"name":"wp","href":"https:\/\/api.w.org\/{rel}","templated":true}]}}