{"id":667771,"date":"2023-12-12T13:59:03","date_gmt":"2023-12-12T09:59:03","guid":{"rendered":"https:\/\/arantv.az\/?p=667771"},"modified":"2023-12-12T13:59:03","modified_gmt":"2023-12-12T09:59:03","slug":"turkiy%c9%99-mmn-heyd%c9%99r-%c9%99liyevin-bir-mill%c9%99t-iki-dovl%c9%99t-k%c9%99lamini-miras-kimi-n%c9%99sild%c9%99n-n%c9%99sl%c9%99-otur%c9%99c%c9%99yik-foto","status":"publish","type":"post","link":"https:\/\/arantv.az\/?p=667771","title":{"rendered":"T\u00fcrkiy\u0259 MMN: \u201cHeyd\u0259r \u018fliyevin \u201cBir mill\u0259t, iki d\u00f6vl\u0259t\u201d k\u0259lam\u0131n\u0131 miras kimi n\u0259sild\u0259n-n\u0259sl\u0259 \u00f6t\u00fcr\u0259c\u0259yik\u201d &#8211; FOTO"},"content":{"rendered":"<p>\u201cM\u0259rhum Heyd\u0259r \u018fliyevin \u201cBiz bir mill\u0259t, iki d\u00f6vl\u0259tik\u201d k\u0259lam\u0131n\u0131 miras kimi n\u0259sild\u0259n-n\u0259sl\u0259 \u00f6t\u00fcr\u0259c\u0259k, az\u0259rbaycanl\u0131 qarda\u015flar\u0131m\u0131zla h\u0259r zaman bir v\u0259 b\u0259rab\u0259r olma\u011fa davam ed\u0259c\u0259yik\u201d.<\/p>\n<p><strong>ARANTV.AZ<\/strong>-\u0131n m\u0259lumat\u0131na g\u00f6r\u0259, bu bar\u0259d\u0259 T\u00fcrkiy\u0259 Milli M\u00fcdafi\u0259 Nazirliyi \u00f6z\u00fcn\u00fcn \u201cX\u201d hesab\u0131nda b\u0259yan edib.<\/p>\n<p>\u201cAz\u0259rbaycan\u0131n \u00fcmummilli lideri m\u0259rhum Heyd\u0259r \u018fliyevi v\u0259fat\u0131n\u0131n 20-ci ild\u00f6n\u00fcm\u00fcnd\u0259 r\u0259hm\u0259t v\u0259 ehtiramla yad edirik\u201d, &#8211; dey\u0259 payla\u015f\u0131mda vur\u011fulan\u0131b.<\/p>\n<div>\n<div class=\"twitter-tweet twitter-tweet-rendered\"><iframe id=\"twitter-widget-0\" class=\"\" title=\"X Post\" src=\"https:\/\/platform.twitter.com\/embed\/Tweet.html?creatorScreenName=oxuaz&amp;dnt=false&amp;embedId=twitter-widget-0&amp;features=eyJ0ZndfdGltZWxpbmVfbGlzdCI6eyJidWNrZXQiOltdLCJ2ZXJzaW9uIjpudWxsfSwidGZ3X2ZvbGxvd2VyX2NvdW50X3N1bnNldCI6eyJidWNrZXQiOnRydWUsInZlcnNpb24iOm51bGx9LCJ0ZndfdHdlZXRfZWRpdF9iYWNrZW5kIjp7ImJ1Y2tldCI6Im9uIiwidmVyc2lvbiI6bnVsbH0sInRmd19yZWZzcmNfc2Vzc2lvbiI6eyJidWNrZXQiOiJvbiIsInZlcnNpb24iOm51bGx9LCJ0ZndfZm9zbnJfc29mdF9pbnRlcnZlbnRpb25zX2VuYWJsZWQiOnsiYnVja2V0Ijoib24iLCJ2ZXJzaW9uIjpudWxsfSwidGZ3X21peGVkX21lZGlhXzE1ODk3Ijp7ImJ1Y2tldCI6InRyZWF0bWVudCIsInZlcnNpb24iOm51bGx9LCJ0ZndfZXhwZXJpbWVudHNfY29va2llX2V4cGlyYXRpb24iOnsiYnVja2V0IjoxMjA5NjAwLCJ2ZXJzaW9uIjpudWxsfSwidGZ3X3Nob3dfYmlyZHdhdGNoX3Bpdm90c19lbmFibGVkIjp7ImJ1Y2tldCI6Im9uIiwidmVyc2lvbiI6bnVsbH0sInRmd19kdXBsaWNhdGVfc2NyaWJlc190b19zZXR0aW5ncyI6eyJidWNrZXQiOiJvbiIsInZlcnNpb24iOm51bGx9LCJ0ZndfdXNlX3Byb2ZpbGVfaW1hZ2Vfc2hhcGVfZW5hYmxlZCI6eyJidWNrZXQiOiJvbiIsInZlcnNpb24iOm51bGx9LCJ0ZndfdmlkZW9faGxzX2R5bmFtaWNfbWFuaWZlc3RzXzE1MDgyIjp7ImJ1Y2tldCI6InRydWVfYml0cmF0ZSIsInZlcnNpb24iOm51bGx9LCJ0ZndfbGVnYWN5X3RpbWVsaW5lX3N1bnNldCI6eyJidWNrZXQiOnRydWUsInZlcnNpb24iOm51bGx9LCJ0ZndfdHdlZXRfZWRpdF9mcm9udGVuZCI6eyJidWNrZXQiOiJvbiIsInZlcnNpb24iOm51bGx9fQ%3D%3D&amp;frame=false&amp;hideCard=false&amp;hideThread=false&amp;id=1734486220036547000&amp;lang=en&amp;maxWidth=560px&amp;origin=https%3A%2F%2Foxu.az%2Fpolitics%2F814617&amp;sessionId=294f3306dcaa2acc7d7a719cbbf5cc86dc0e51f1&amp;siteScreenName=oxuaz&amp;theme=light&amp;widgetsVersion=2615f7e52b7e0%3A1702314776716&amp;width=550px\" frameborder=\"0\" scrolling=\"no\" allowfullscreen=\"allowfullscreen\" data-tweet-id=\"1734486220036547000\" data-mce-fragment=\"1\"><\/iframe><\/div>\n<\/div>\n<p>&nbsp;<\/p>\n","protected":false},"excerpt":{"rendered":"<p>\u201cM\u0259rhum Heyd\u0259r \u018fliyevin \u201cBiz bir mill\u0259t, iki d\u00f6vl\u0259tik\u201d k\u0259lam\u0131n\u0131 miras kimi n\u0259sild\u0259n-n\u0259sl\u0259 \u00f6t\u00fcr\u0259c\u0259k, az\u0259rbaycanl\u0131 qarda\u015flar\u0131m\u0131zla h\u0259r zaman bir v\u0259 b\u0259rab\u0259r olma\u011fa davam ed\u0259c\u0259yik\u201d. ARANTV.AZ-\u0131n m\u0259lumat\u0131na g\u00f6r\u0259, bu bar\u0259d\u0259 T\u00fcrkiy\u0259 Milli M\u00fcdafi\u0259 Nazirliyi \u00f6z\u00fcn\u00fcn \u201cX\u201d hesab\u0131nda b\u0259yan edib. \u201cAz\u0259rbaycan\u0131n \u00fcmummilli lideri m\u0259rhum Heyd\u0259r \u018fliyevi v\u0259fat\u0131n\u0131n 20-ci ild\u00f6n\u00fcm\u00fcnd\u0259 r\u0259hm\u0259t v\u0259 ehtiramla yad edirik\u201d, &#8211; dey\u0259 payla\u015f\u0131mda vur\u011fulan\u0131b. &nbsp;<\/p>\n","protected":false},"author":2,"featured_media":667772,"comment_status":"closed","ping_status":"closed","sticky":false,"template":"","format":"standard","meta":{"om_disable_all_campaigns":false,"_monsterinsights_skip_tracking":false,"_monsterinsights_sitenote_active":false,"_monsterinsights_sitenote_note":"","_monsterinsights_sitenote_category":0},"categories":[4],"tags":[],"aioseo_notices":[],"gutentor_comment":0,"rttpg_featured_image_url":{"full":["https:\/\/arantv.az\/wp-content\/uploads\/2023\/12\/GBIiBW2XAAAqjsr.jpg",620,413,false],"landscape":["https:\/\/arantv.az\/wp-content\/uploads\/2023\/12\/GBIiBW2XAAAqjsr.jpg",620,413,false],"portraits":["https:\/\/arantv.az\/wp-content\/uploads\/2023\/12\/GBIiBW2XAAAqjsr.jpg",620,413,false],"thumbnail":["https:\/\/arantv.az\/wp-content\/uploads\/2023\/12\/GBIiBW2XAAAqjsr-500x280.jpg",500,280,true],"medium":["https:\/\/arantv.az\/wp-content\/uploads\/2023\/12\/GBIiBW2XAAAqjsr-548x365.jpg",548,365,true],"large":["https:\/\/arantv.az\/wp-content\/uploads\/2023\/12\/GBIiBW2XAAAqjsr.jpg",620,413,false],"1536x1536":["https:\/\/arantv.az\/wp-content\/uploads\/2023\/12\/GBIiBW2XAAAqjsr.jpg",620,413,false],"2048x2048":["https:\/\/arantv.az\/wp-content\/uploads\/2023\/12\/GBIiBW2XAAAqjsr.jpg",620,413,false],"post-thumbnail":["https:\/\/arantv.az\/wp-content\/uploads\/2023\/12\/GBIiBW2XAAAqjsr-240x172.jpg",240,172,true],"advps-thumb-one":["https:\/\/arantv.az\/wp-content\/uploads\/2023\/12\/GBIiBW2XAAAqjsr.jpg",620,413,false]},"rttpg_author":{"display_name":"V\u00fcsal Rafiqo\u011flu","author_link":"https:\/\/arantv.az\/?author=2"},"rttpg_comment":0,"rttpg_category":"<a href=\"https:\/\/arantv.az\/?cat=4\" rel=\"category\">Siyas\u0259t<\/a>","rttpg_excerpt":"\u201cM\u0259rhum Heyd\u0259r \u018fliyevin \u201cBiz bir mill\u0259t, iki d\u00f6vl\u0259tik\u201d k\u0259lam\u0131n\u0131 miras kimi n\u0259sild\u0259n-n\u0259sl\u0259 \u00f6t\u00fcr\u0259c\u0259k, az\u0259rbaycanl\u0131 qarda\u015flar\u0131m\u0131zla h\u0259r zaman bir v\u0259 b\u0259rab\u0259r olma\u011fa davam ed\u0259c\u0259yik\u201d. ARANTV.AZ-\u0131n m\u0259lumat\u0131na g\u00f6r\u0259, bu bar\u0259d\u0259 T\u00fcrkiy\u0259 Milli M\u00fcdafi\u0259 Nazirliyi \u00f6z\u00fcn\u00fcn \u201cX\u201d hesab\u0131nda b\u0259yan edib. \u201cAz\u0259rbaycan\u0131n \u00fcmummilli lideri m\u0259rhum Heyd\u0259r \u018fliyevi v\u0259fat\u0131n\u0131n 20-ci ild\u00f6n\u00fcm\u00fcnd\u0259 r\u0259hm\u0259t v\u0259 ehtiramla yad edirik\u201d, &#8211; dey\u0259 payla\u015f\u0131mda vur\u011fulan\u0131b.&hellip;","_links":{"self":[{"href":"https:\/\/arantv.az\/index.php?rest_route=\/wp\/v2\/posts\/667771"}],"collection":[{"href":"https:\/\/arantv.az\/index.php?rest_route=\/wp\/v2\/posts"}],"about":[{"href":"https:\/\/arantv.az\/index.php?rest_route=\/wp\/v2\/types\/post"}],"author":[{"embeddable":true,"href":"https:\/\/arantv.az\/index.php?rest_route=\/wp\/v2\/users\/2"}],"replies":[{"embeddable":true,"href":"https:\/\/arantv.az\/index.php?rest_route=%2Fwp%2Fv2%2Fcomments&post=667771"}],"version-history":[{"count":0,"href":"https:\/\/arantv.az\/index.php?rest_route=\/wp\/v2\/posts\/667771\/revisions"}],"wp:featuredmedia":[{"embeddable":true,"href":"https:\/\/arantv.az\/index.php?rest_route=\/wp\/v2\/media\/667772"}],"wp:attachment":[{"href":"https:\/\/arantv.az\/index.php?rest_route=%2Fwp%2Fv2%2Fmedia&parent=667771"}],"wp:term":[{"taxonomy":"category","embeddable":true,"href":"https:\/\/arantv.az\/index.php?rest_route=%2Fwp%2Fv2%2Fcategories&post=667771"},{"taxonomy":"post_tag","embeddable":true,"href":"https:\/\/arantv.az\/index.php?rest_route=%2Fwp%2Fv2%2Ftags&post=667771"}],"curies":[{"name":"wp","href":"https:\/\/api.w.org\/{rel}","templated":true}]}}