{"id":667922,"date":"2023-12-12T18:53:53","date_gmt":"2023-12-12T14:53:53","guid":{"rendered":"https:\/\/arantv.az\/?p=667922"},"modified":"2023-12-12T18:53:53","modified_gmt":"2023-12-12T14:53:53","slug":"obrenovic-az%c9%99rbaycan-serbiyanin-enerji-t%c9%99hluk%c9%99sizliyind%c9%99-muhum-rol-oynayacaq","status":"publish","type":"post","link":"https:\/\/arantv.az\/?p=667922","title":{"rendered":"Obrenovi\u00e7: \u201cAz\u0259rbaycan Serbiyan\u0131n enerji t\u0259hl\u00fck\u0259sizliyind\u0259 m\u00fch\u00fcm rol oynayacaq\u201d"},"content":{"rendered":"<p>Az\u0259rbaycan Serbiyan\u0131n enerji t\u0259hl\u00fck\u0259sizliyinin m\u00f6hk\u0259ml\u0259ndirilm\u0259sind\u0259 m\u00fch\u00fcm rol oynayacaq.<\/p>\n<p>Bu bar\u0259d\u0259 \u201cReport\u201da a\u00e7\u0131qlamas\u0131nda serbiyal\u0131 politoloq Straxinya Obrenovi\u00e7 bildirib.<\/p>\n<p>O, qeyd edib ki, dekabr\u0131n 10-da a\u00e7\u0131l\u0131\u015f\u0131 olan Serbiya-Bolqar\u0131stan Qaz \u0130nterkonnektoru Az\u0259rbaycan \u201cmavi yanaca\u011f\u0131\u201dn\u0131n Serbiyaya n\u0259qlini t\u0259min ed\u0259c\u0259k:<\/p>\n<p>\u201cBu da \u00f6z n\u00f6vb\u0259sind\u0259 Serbiyan\u0131n enerji t\u0259hl\u00fck\u0259sizliyinin g\u00fccl\u0259ndirilm\u0259sin\u0259 v\u0259 t\u0259chizat\u0131 m\u0259nb\u0259l\u0259rinin \u015fax\u0259l\u0259ndirilm\u0259sin\u0259 k\u00f6m\u0259k edir\u201d.<\/p>\n<p>Ekspert qeyd edib ki, Belqrad\u0131n s\u0259lahiyy\u0259tli orqanlar\u0131n\u0131n proqnozlar\u0131na \u0259sas\u0259n, Az\u0259rbaycandan t\u0259bii qaz idxal\u0131n\u0131n h\u0259cminin illik bir\u00a0milyard kubmetr\u0259 \u00e7atd\u0131r\u0131lmas\u0131 planla\u015fd\u0131r\u0131l\u0131r:<\/p>\n<p>\u201cSerbiya regionda t\u0259bii qaz t\u0259dar\u00fck\u00fc \u00fc\u00e7\u00fcn m\u00fch\u00fcm tranzit \u00f6lk\u0259y\u0259 \u00e7evrilm\u0259y\u0259 \u00e7al\u0131\u015f\u0131r. Bu m\u0259qs\u0259d\u0259 \u00e7atmaq \u00fc\u00e7\u00fcn biz \u015eimali Makedoniya, Bosniya v\u0259 Herseqovina kimi qon\u015fu \u00f6lk\u0259l\u0259rl\u0259 bu sah\u0259d\u0259 \u0259m\u0259kda\u015fl\u0131q etm\u0259k niyy\u0259tind\u0259yik\u201d.<\/p>\n<p>S.Obrenovi\u00e7 qeyd edib ki, Az\u0259rbaycanla Serbiya aras\u0131nda \u0259ld\u0259 olunan raz\u0131la\u015fmalar h\u0259m d\u0259 iqtisadi \u0259laq\u0259l\u0259rin inki\u015faf\u0131na t\u0259kan ver\u0259c\u0259k, h\u0259m d\u0259 enerji, n\u0259qliyyat, texnologiya v\u0259 m\u00fcdafi\u0259 sah\u0259l\u0259rind\u0259 investisiyalar\u0131n qoyulu\u015fu \u00fc\u00e7\u00fcn z\u0259min yaradacaq:<\/p>\n<p>\u201cAz\u0259rbaycan \u015firk\u0259tl\u0259ri art\u0131q Serbiya bazar\u0131nda m\u00f6vcuddur. \u00dcst\u0259lik, Serbiyadan olan investorlar Az\u0259rbaycanda biznesl\u0259rini geni\u015fl\u0259ndirm\u0259kd\u0259 maraql\u0131d\u0131rlar\u201d.<\/p>\n<p>Xat\u0131rladaq ki, dekabr\u0131n 10-da Serbiyan\u0131n Ni\u015f \u015f\u0259h\u0259rind\u0259 Serbiya-Bolqar\u0131stan Qaz \u0130nterkonnektorunun a\u00e7\u0131l\u0131\u015f m\u0259rasimi ke\u00e7irilib. Prezident\u00a0<strong>\u0130lham \u018fliyev<\/strong>, Serbiya d\u00f6vl\u0259t ba\u015f\u00e7\u0131s\u0131 Aleksandar Vu\u00e7i\u00e7 v\u0259 Bolqar\u0131stan lideri Rumen Radev m\u0259rasimd\u0259 i\u015ftirak edibl\u0259r.<\/p>\n<p>Bu interkonnektor Serbiya v\u0259 Q\u0259rbi Balkan regionunda enerji m\u0259nb\u0259l\u0259rinin \u015fax\u0259l\u0259ndirilm\u0259sin\u0259 t\u00f6hf\u0259 ver\u0259c\u0259k, Serbiyan\u0131 m\u00fcxt\u0259lif qaz \u015f\u0259b\u0259k\u0259l\u0259ri sisteml\u0259ri, x\u00fcsus\u0259n d\u0259 Az\u0259rbaycandan v\u0259 Yunan\u0131standak\u0131 Aleksandrupolis LNG terminal\u0131 vasit\u0259sil\u0259 daha t\u0259hl\u00fck\u0259siz v\u0259 dayan\u0131ql\u0131 enerji resursu t\u0259chizat\u0131 il\u0259 t\u0259min ed\u0259c\u0259k.<\/p>\n","protected":false},"excerpt":{"rendered":"<p>Az\u0259rbaycan Serbiyan\u0131n enerji t\u0259hl\u00fck\u0259sizliyinin m\u00f6hk\u0259ml\u0259ndirilm\u0259sind\u0259 m\u00fch\u00fcm rol oynayacaq. Bu bar\u0259d\u0259 \u201cReport\u201da a\u00e7\u0131qlamas\u0131nda serbiyal\u0131 politoloq Straxinya Obrenovi\u00e7 bildirib. O, qeyd edib ki, dekabr\u0131n 10-da a\u00e7\u0131l\u0131\u015f\u0131 olan Serbiya-Bolqar\u0131stan Qaz \u0130nterkonnektoru Az\u0259rbaycan \u201cmavi yanaca\u011f\u0131\u201dn\u0131n Serbiyaya n\u0259qlini t\u0259min ed\u0259c\u0259k: \u201cBu da \u00f6z n\u00f6vb\u0259sind\u0259 Serbiyan\u0131n enerji t\u0259hl\u00fck\u0259sizliyinin g\u00fccl\u0259ndirilm\u0259sin\u0259 v\u0259 t\u0259chizat\u0131 m\u0259nb\u0259l\u0259rinin \u015fax\u0259l\u0259ndirilm\u0259sin\u0259 k\u00f6m\u0259k edir\u201d. Ekspert qeyd edib ki, Belqrad\u0131n s\u0259lahiyy\u0259tli orqanlar\u0131n\u0131n proqnozlar\u0131na \u0259sas\u0259n, Az\u0259rbaycandan t\u0259bii qaz idxal\u0131n\u0131n h\u0259cminin illik bir\u00a0milyard kubmetr\u0259 \u00e7atd\u0131r\u0131lmas\u0131 planla\u015fd\u0131r\u0131l\u0131r: \u201cSerbiya regionda t\u0259bii qaz t\u0259dar\u00fck\u00fc \u00fc\u00e7\u00fcn m\u00fch\u00fcm tranzit \u00f6lk\u0259y\u0259 \u00e7evrilm\u0259y\u0259 \u00e7al\u0131\u015f\u0131r. Bu m\u0259qs\u0259d\u0259 \u00e7atmaq \u00fc\u00e7\u00fcn biz \u015eimali Makedoniya, Bosniya v\u0259 Herseqovina kimi&hellip;<\/p>\n","protected":false},"author":2,"featured_media":667923,"comment_status":"closed","ping_status":"closed","sticky":false,"template":"","format":"standard","meta":{"om_disable_all_campaigns":false,"_monsterinsights_skip_tracking":false,"_monsterinsights_sitenote_active":false,"_monsterinsights_sitenote_note":"","_monsterinsights_sitenote_category":0},"categories":[4],"tags":[],"aioseo_notices":[],"gutentor_comment":0,"rttpg_featured_image_url":{"full":["https:\/\/arantv.az\/wp-content\/uploads\/2023\/12\/e3adc3f4-0b81-3466-9b83-b370baebd34b_850.jpg",620,413,false],"landscape":["https:\/\/arantv.az\/wp-content\/uploads\/2023\/12\/e3adc3f4-0b81-3466-9b83-b370baebd34b_850.jpg",620,413,false],"portraits":["https:\/\/arantv.az\/wp-content\/uploads\/2023\/12\/e3adc3f4-0b81-3466-9b83-b370baebd34b_850.jpg",620,413,false],"thumbnail":["https:\/\/arantv.az\/wp-content\/uploads\/2023\/12\/e3adc3f4-0b81-3466-9b83-b370baebd34b_850-500x280.jpg",500,280,true],"medium":["https:\/\/arantv.az\/wp-content\/uploads\/2023\/12\/e3adc3f4-0b81-3466-9b83-b370baebd34b_850-548x365.jpg",548,365,true],"large":["https:\/\/arantv.az\/wp-content\/uploads\/2023\/12\/e3adc3f4-0b81-3466-9b83-b370baebd34b_850.jpg",620,413,false],"1536x1536":["https:\/\/arantv.az\/wp-content\/uploads\/2023\/12\/e3adc3f4-0b81-3466-9b83-b370baebd34b_850.jpg",620,413,false],"2048x2048":["https:\/\/arantv.az\/wp-content\/uploads\/2023\/12\/e3adc3f4-0b81-3466-9b83-b370baebd34b_850.jpg",620,413,false],"post-thumbnail":["https:\/\/arantv.az\/wp-content\/uploads\/2023\/12\/e3adc3f4-0b81-3466-9b83-b370baebd34b_850-240x172.jpg",240,172,true],"advps-thumb-one":["https:\/\/arantv.az\/wp-content\/uploads\/2023\/12\/e3adc3f4-0b81-3466-9b83-b370baebd34b_850.jpg",620,413,false]},"rttpg_author":{"display_name":"V\u00fcsal Rafiqo\u011flu","author_link":"https:\/\/arantv.az\/?author=2"},"rttpg_comment":0,"rttpg_category":"<a href=\"https:\/\/arantv.az\/?cat=4\" rel=\"category\">Siyas\u0259t<\/a>","rttpg_excerpt":"Az\u0259rbaycan Serbiyan\u0131n enerji t\u0259hl\u00fck\u0259sizliyinin m\u00f6hk\u0259ml\u0259ndirilm\u0259sind\u0259 m\u00fch\u00fcm rol oynayacaq. Bu bar\u0259d\u0259 \u201cReport\u201da a\u00e7\u0131qlamas\u0131nda serbiyal\u0131 politoloq Straxinya Obrenovi\u00e7 bildirib. O, qeyd edib ki, dekabr\u0131n 10-da a\u00e7\u0131l\u0131\u015f\u0131 olan Serbiya-Bolqar\u0131stan Qaz \u0130nterkonnektoru Az\u0259rbaycan \u201cmavi yanaca\u011f\u0131\u201dn\u0131n Serbiyaya n\u0259qlini t\u0259min ed\u0259c\u0259k: \u201cBu da \u00f6z n\u00f6vb\u0259sind\u0259 Serbiyan\u0131n enerji t\u0259hl\u00fck\u0259sizliyinin g\u00fccl\u0259ndirilm\u0259sin\u0259 v\u0259 t\u0259chizat\u0131 m\u0259nb\u0259l\u0259rinin \u015fax\u0259l\u0259ndirilm\u0259sin\u0259 k\u00f6m\u0259k edir\u201d. Ekspert qeyd edib ki, Belqrad\u0131n s\u0259lahiyy\u0259tli&hellip;","_links":{"self":[{"href":"https:\/\/arantv.az\/index.php?rest_route=\/wp\/v2\/posts\/667922"}],"collection":[{"href":"https:\/\/arantv.az\/index.php?rest_route=\/wp\/v2\/posts"}],"about":[{"href":"https:\/\/arantv.az\/index.php?rest_route=\/wp\/v2\/types\/post"}],"author":[{"embeddable":true,"href":"https:\/\/arantv.az\/index.php?rest_route=\/wp\/v2\/users\/2"}],"replies":[{"embeddable":true,"href":"https:\/\/arantv.az\/index.php?rest_route=%2Fwp%2Fv2%2Fcomments&post=667922"}],"version-history":[{"count":0,"href":"https:\/\/arantv.az\/index.php?rest_route=\/wp\/v2\/posts\/667922\/revisions"}],"wp:featuredmedia":[{"embeddable":true,"href":"https:\/\/arantv.az\/index.php?rest_route=\/wp\/v2\/media\/667923"}],"wp:attachment":[{"href":"https:\/\/arantv.az\/index.php?rest_route=%2Fwp%2Fv2%2Fmedia&parent=667922"}],"wp:term":[{"taxonomy":"category","embeddable":true,"href":"https:\/\/arantv.az\/index.php?rest_route=%2Fwp%2Fv2%2Fcategories&post=667922"},{"taxonomy":"post_tag","embeddable":true,"href":"https:\/\/arantv.az\/index.php?rest_route=%2Fwp%2Fv2%2Ftags&post=667922"}],"curies":[{"name":"wp","href":"https:\/\/api.w.org\/{rel}","templated":true}]}}