{"id":667931,"date":"2023-12-12T21:40:16","date_gmt":"2023-12-12T17:40:16","guid":{"rendered":"https:\/\/arantv.az\/?p=667931"},"modified":"2023-12-12T21:40:16","modified_gmt":"2023-12-12T17:40:16","slug":"az%c9%99rtac-dan-fransa-m%c9%99tbuatinda-%c9%99m%c9%99kdaslari-il%c9%99-bagli-yayilan-dezinformasiya-il%c9%99-bagli-aciqlama-foto","status":"publish","type":"post","link":"https:\/\/arantv.az\/?p=667931","title":{"rendered":"AZ\u018fRTAC-dan Fransa m\u0259tbuat\u0131nda \u0259m\u0259kda\u015flar\u0131 il\u0259 ba\u011fl\u0131 yay\u0131lan dezinformasiya il\u0259 ba\u011fl\u0131 A\u00c7IQLAMA &#8211; FOTO"},"content":{"rendered":"<p>Fransa m\u0259tbuat\u0131nda guya\u00a0AZ\u018fRTAC-\u0131n \u0259m\u0259kda\u015flar\u0131n\u0131n Yeni Kaledoniyaya Fransada sabitliyi pozmaq \u00fc\u00e7\u00fcn g\u00f6nd\u0259rildiyi, h\u0259tta onlar\u0131n \u201ccasus\u201d adland\u0131r\u0131ld\u0131qlar\u0131 dezinformasiya tirajlan\u0131r.<\/p>\n<p>AZ\u018fRTAC m\u0259s\u0259l\u0259 il\u0259 ba\u011fl\u0131 a\u00e7\u0131qlama yay\u0131b.<\/p>\n<p>Xat\u0131rladaq ki,\u00a0AZ\u018fRTAC-\u0131n iki jurnalisti redaksiya tap\u015f\u0131r\u0131\u011f\u0131n\u0131 yerin\u0259 yetirm\u0259k \u00fc\u00e7\u00fcn 2023-c\u00fc il dekabr\u0131n 3-d\u0259 Yeni Kaledoniyaya ezam olunmu\u015fdular. Onlardan biri viza b\u0259han\u0259si il\u0259 \u00f6lk\u0259y\u0259 burax\u0131lmay\u0131b, bir sutka polis n\u0259zar\u0259tind\u0259 saxlan\u0131ld\u0131qdan sonra \u00f6lk\u0259d\u0259n \u00e7\u0131xar\u0131l\u0131b.<\/p>\n<p>\u201cUzun m\u00fcdd\u0259tdir ki, jurnalist f\u0259aliyy\u0259ti il\u0259 m\u0259\u015f\u011ful olan \u0259m\u0259kda\u015flar\u0131m\u0131za \u201ccasus\u201d dam\u011fas\u0131n\u0131n vurulmas\u0131 q\u0259buledilm\u0259zdir. Jurnalistimiz\u0259 qar\u015f\u0131 edil\u0259n haqs\u0131zl\u0131qdan v\u0259 bunun b\u00fct\u00fcn d\u00fcnyaya yay\u0131lmas\u0131ndan sonra bel\u0259 bir yaz\u0131n\u0131n meydana \u00e7\u0131xmas\u0131 onu g\u00f6st\u0259rir ki, bu dezinformasiyan\u0131n arxas\u0131nda Fransa r\u0259smi qurumlar\u0131 dayan\u0131r. Bu, Yeni Kaledoniyada jurnalistimiz\u0259 qar\u015f\u0131 t\u00f6r\u0259dil\u0259n haqs\u0131zl\u0131\u011f\u0131 \u00f6rt-basd\u0131r etm\u0259k c\u0259hdind\u0259n ba\u015fqa bir \u015fey deyildir. Yeni Kaledoniyada azadl\u0131q t\u0259l\u0259bi il\u0259 y\u00fcr\u00fc\u015f\u0259 \u00e7\u0131xanlar\u0131n haqq s\u0259sini d\u00fcnyaya \u00e7atd\u0131rmaq ist\u0259y\u0259n jurnalistl\u0259r\u0259 Fransa h\u00f6kum\u0259tinin bu c\u00fcr qeyri-r\u0259smi formada \u201ccasus\u201d dam\u011fas\u0131 vurmaq c\u0259hdi demokratiya, azad s\u00f6z, media azadl\u0131\u011f\u0131 kimi fundamental prinsipl\u0259rin t\u0259l\u0259bl\u0259rin\u0259 qar\u015f\u0131 \u00e7ox b\u00f6y\u00fck h\u00f6rm\u0259tsizlikdir.<\/p>\n<p>Jurnalistimiz\u0259 qar\u015f\u0131 Yeni Kaledoniyada edil\u0259n haqs\u0131zl\u0131\u011f\u0131 h\u0259tta Kaledoniya \u0130ttifaq\u0131 siyasi partiyas\u0131n\u0131n prezidenti Daniel Qoa da \u00f6z a\u00e7\u0131qlamas\u0131nda pisl\u0259yib. Onun jurnalistimiz\u0259 yazd\u0131\u011f\u0131 m\u0259ktubda deyilir: \u201cKaledoniya \u0130ttifaq\u0131 siyasi partiyas\u0131n\u0131n prezidenti, Kanak v\u0259 Sosialist Milli Azadl\u0131q C\u0259bh\u0259sinin (FLNKS) s\u00f6z\u00e7\u00fcs\u00fc olaraq, 2023-c\u00fc il dekabr\u0131n 3-d\u0259 Numeaya s\u0259f\u0259riniz zaman\u0131 m\u0259ruz qald\u0131\u011f\u0131n\u0131z ayr\u0131-se\u00e7kilikl\u0259 \u0259laq\u0259dar Siz\u0259 tam d\u0259st\u0259yimi ifad\u0259 etm\u0259k ist\u0259yir\u0259m. Biz bir daha m\u00fcst\u0259ml\u0259k\u0259 h\u00f6kmranl\u0131\u011f\u0131 alt\u0131nda olan xalqlarla ba\u011fl\u0131 m\u0259lumatlar\u0131n yay\u0131lmas\u0131na qar\u015f\u0131 h\u0259qiq\u0259t\u0259n ifrat m\u00fcst\u0259ml\u0259k\u0259\u00e7i m\u00fcnasib\u0259tinin \u015fahidi olduq\u201d.<\/p>\n<p>Feyk m\u0259qal\u0259d\u0259 qeyd edilir ki, Fransan\u0131n m\u00fcdafi\u0259 naziri h\u0259min \u0259r\u0259f\u0259d\u0259 Yeni Kaledoniyaya s\u0259f\u0259r edib v\u0259 jurnalistl\u0259r d\u0259 m\u0259hz bunu i\u015f\u0131qland\u0131rmaq \u00fc\u00e7\u00fcn oraya gedibl\u0259r. H\u0259m\u00e7inin m\u0259qal\u0259d\u0259 jurnalistl\u0259rin \u201ccasus\u201d oldu\u011fu yaz\u0131l\u0131r. Bununla da onlar \u00f6zl\u0259rini t\u0259kzib etmi\u015f olurlar \u2013 bir t\u0259r\u0259fd\u0259n yaz\u0131rlar ki, jurnalistl\u0259r ora hadis\u0259l\u0259ri i\u015f\u0131qland\u0131rma\u011fa gedibl\u0259r, ard\u0131nca is\u0259 onlar\u0131 \u201ccasus\u201d adland\u0131r\u0131rlar. Qeyd etm\u0259liyik ki,\u00a0AZ\u018fRTAC-\u0131n jurnalistl\u0259rin\u0259 redaksiya tap\u015f\u0131r\u0131\u011f\u0131 m\u0259hz dekabr\u0131n 5-d\u0259 ke\u00e7irilmi\u015f m\u00fcst\u0259qillik mitinqinin i\u015f\u0131qland\u0131r\u0131lmas\u0131 olub. Bundan \u0259lav\u0259, \u0259m\u0259kda\u015flar\u0131m\u0131z yerli kanak xalq\u0131n\u0131n h\u0259yat t\u0259rzi, sosial-iqtisadi v\u0259ziyy\u0259ti, m\u0259d\u0259niyy\u0259ti haqq\u0131nda reportajlar haz\u0131rlamal\u0131 idil\u0259r. T\u0259\u0259ss\u00fcf ki, veril\u0259n redaksiya tap\u015f\u0131r\u0131qlar\u0131 bir \u0259m\u0259kda\u015f\u0131m\u0131z\u0131n \u00f6lk\u0259y\u0259 burax\u0131lmamas\u0131 s\u0259b\u0259bind\u0259n tam olaraq yerin\u0259 yetirilm\u0259yib.<\/p>\n<p>AZ\u018fRTAC\u00a0m\u0259qal\u0259d\u0259 qeyd olunan absurd v\u0259 c\u0259f\u0259ng iddialar\u0131 q\u0259ti \u015f\u0259kild\u0259 r\u0259dd edir v\u0259 bunu t\u0259xribat xarakterli feyk informasiya say\u0131r. Fransa medias\u0131n\u0131n bu c\u00fcr dezinformasiya yaymas\u0131n\u0131 azad m\u0259tbuat g\u00f6st\u0259ricisi yox, m\u0259hz beyn\u0259lxalq ictimaiyy\u0259td\u0259 \u00e7a\u015fq\u0131nl\u0131q yaratmaq v\u0259 h\u0259qiq\u0259tl\u0259ri gizl\u0259tm\u0259k c\u0259hdi kimi q\u0259tiyy\u0259tl\u0259 pisl\u0259yirik\u201d, &#8211; dey\u0259 m\u0259lumatda qeyd olunub.<\/p>\n<p>&nbsp;<\/p>\n<div class=\"gallery\">\n<div class=\"gallery-i\"><img src=\"https:\/\/cdn.oxu.az\/uploads\/W1siZiIsIjIwMjMvMTIvMTIvMjEvMjIvMDgvZDliNDZjMmMtMjc5Zi00OTUwLTk4ZjEtMTkzOTIwN2NlYTNmLzE3MDI0MDA4NTA0ODQzMDIyNzA1XzEyMDB4NjMwLmpwZyJdLFsicCIsImVuY29kZSIsImpwZyIsIi1xdWFsaXR5IDgwIl0sWyJwIiwidGh1bWIiLCI1OTB4NTkwXHUwMDNlIl1d?sha=ad434bf73a5e22ab\" alt=\"\" \/><\/p>\n<div class=\"gallery-i-caption\"><\/div>\n<\/div>\n<div class=\"gallery-i\"><img src=\"https:\/\/cdn.oxu.az\/uploads\/W1siZiIsIjIwMjMvMTIvMTIvMjEvMjIvMDgvYzY3ZDEyMTUtMWNhNy00MTMxLThiNDctMWYwMzFiMDZmMmVhLzE3MDI0MDA4NTA4NDg5MDY0XzEyMDB4NjMwLmpwZyJdLFsicCIsImVuY29kZSIsImpwZyIsIi1xdWFsaXR5IDgwIl0sWyJwIiwidGh1bWIiLCI1OTB4NTkwXHUwMDNlIl1d?sha=b40abb1c0ff545fa\" alt=\"\" \/><\/p>\n<div class=\"gallery-i-caption\"><\/div>\n<\/div>\n<div class=\"gallery-i\"><img src=\"https:\/\/cdn.oxu.az\/uploads\/W1siZiIsIjIwMjMvMTIvMTIvMjEvMjIvMDgvODczMGMzYTUtNTNhOS00YTZmLWI1YjctNjZhYzIyYjVmYjljLzE3MDI0MDA4NTAyNTc3NjI3MTA4XzEyMDB4NjMwLmpwZyJdLFsicCIsImVuY29kZSIsImpwZyIsIi1xdWFsaXR5IDgwIl0sWyJwIiwidGh1bWIiLCI1OTB4NTkwXHUwMDNlIl1d?sha=65ae2658bc604fa5\" alt=\"\" \/><\/p>\n<div class=\"gallery-i-caption\"><\/div>\n<\/div>\n<div class=\"gallery-i\"><img src=\"https:\/\/cdn.oxu.az\/uploads\/W1siZiIsIjIwMjMvMTIvMTIvMjEvMjIvMDgvN2U4NjZmMzEtNDY5MC00YTU2LTkyNTEtMzgyMzZlNjBiODMxLzE3MDI0MDA4NTAxNzk3NDQ5NTk5XzEyMDB4NjMwLmpwZyJdLFsicCIsImVuY29kZSIsImpwZyIsIi1xdWFsaXR5IDgwIl0sWyJwIiwidGh1bWIiLCI1OTB4NTkwXHUwMDNlIl1d?sha=ed33fc929a0755a9\" alt=\"\" \/><\/p>\n<div class=\"gallery-i-caption\"><\/div>\n<\/div>\n<div class=\"gallery-i\"><img src=\"https:\/\/cdn.oxu.az\/uploads\/W1siZiIsIjIwMjMvMTIvMTIvMjEvMjIvMDkvYzNiZjdmYmYtZDZlMC00ZTY0LWE1MWMtZjk1MTIzMDFjNDA1LzE3MDI0MDA4NTA0MjY4ODYzODc2XzEyMDB4NjMwLmpwZyJdLFsicCIsImVuY29kZSIsImpwZyIsIi1xdWFsaXR5IDgwIl0sWyJwIiwidGh1bWIiLCI1OTB4NTkwXHUwMDNlIl1d?sha=3d3cec83becfd120\" alt=\"\" \/><\/div>\n<\/div>\n","protected":false},"excerpt":{"rendered":"<p>Fransa m\u0259tbuat\u0131nda guya\u00a0AZ\u018fRTAC-\u0131n \u0259m\u0259kda\u015flar\u0131n\u0131n Yeni Kaledoniyaya Fransada sabitliyi pozmaq \u00fc\u00e7\u00fcn g\u00f6nd\u0259rildiyi, h\u0259tta onlar\u0131n \u201ccasus\u201d adland\u0131r\u0131ld\u0131qlar\u0131 dezinformasiya tirajlan\u0131r. AZ\u018fRTAC m\u0259s\u0259l\u0259 il\u0259 ba\u011fl\u0131 a\u00e7\u0131qlama yay\u0131b. Xat\u0131rladaq ki,\u00a0AZ\u018fRTAC-\u0131n iki jurnalisti redaksiya tap\u015f\u0131r\u0131\u011f\u0131n\u0131 yerin\u0259 yetirm\u0259k \u00fc\u00e7\u00fcn 2023-c\u00fc il dekabr\u0131n 3-d\u0259 Yeni Kaledoniyaya ezam olunmu\u015fdular. Onlardan biri viza b\u0259han\u0259si il\u0259 \u00f6lk\u0259y\u0259 burax\u0131lmay\u0131b, bir sutka polis n\u0259zar\u0259tind\u0259 saxlan\u0131ld\u0131qdan sonra \u00f6lk\u0259d\u0259n \u00e7\u0131xar\u0131l\u0131b. \u201cUzun m\u00fcdd\u0259tdir ki, jurnalist f\u0259aliyy\u0259ti il\u0259 m\u0259\u015f\u011ful olan \u0259m\u0259kda\u015flar\u0131m\u0131za \u201ccasus\u201d dam\u011fas\u0131n\u0131n vurulmas\u0131 q\u0259buledilm\u0259zdir. Jurnalistimiz\u0259 qar\u015f\u0131 edil\u0259n haqs\u0131zl\u0131qdan v\u0259 bunun b\u00fct\u00fcn d\u00fcnyaya yay\u0131lmas\u0131ndan sonra bel\u0259 bir yaz\u0131n\u0131n meydana \u00e7\u0131xmas\u0131 onu g\u00f6st\u0259rir ki, bu dezinformasiyan\u0131n arxas\u0131nda Fransa&hellip;<\/p>\n","protected":false},"author":2,"featured_media":667933,"comment_status":"closed","ping_status":"closed","sticky":false,"template":"","format":"standard","meta":{"om_disable_all_campaigns":false,"_monsterinsights_skip_tracking":false,"_monsterinsights_sitenote_active":false,"_monsterinsights_sitenote_note":"","_monsterinsights_sitenote_category":0},"categories":[4],"tags":[],"aioseo_notices":[],"gutentor_comment":0,"rttpg_featured_image_url":{"full":["https:\/\/arantv.az\/wp-content\/uploads\/2023\/12\/ea771afc-d17b-3960-bd1e-3f72973c01b2_850-1.jpg",620,413,false],"landscape":["https:\/\/arantv.az\/wp-content\/uploads\/2023\/12\/ea771afc-d17b-3960-bd1e-3f72973c01b2_850-1.jpg",620,413,false],"portraits":["https:\/\/arantv.az\/wp-content\/uploads\/2023\/12\/ea771afc-d17b-3960-bd1e-3f72973c01b2_850-1.jpg",620,413,false],"thumbnail":["https:\/\/arantv.az\/wp-content\/uploads\/2023\/12\/ea771afc-d17b-3960-bd1e-3f72973c01b2_850-1-500x280.jpg",500,280,true],"medium":["https:\/\/arantv.az\/wp-content\/uploads\/2023\/12\/ea771afc-d17b-3960-bd1e-3f72973c01b2_850-1-548x365.jpg",548,365,true],"large":["https:\/\/arantv.az\/wp-content\/uploads\/2023\/12\/ea771afc-d17b-3960-bd1e-3f72973c01b2_850-1.jpg",620,413,false],"1536x1536":["https:\/\/arantv.az\/wp-content\/uploads\/2023\/12\/ea771afc-d17b-3960-bd1e-3f72973c01b2_850-1.jpg",620,413,false],"2048x2048":["https:\/\/arantv.az\/wp-content\/uploads\/2023\/12\/ea771afc-d17b-3960-bd1e-3f72973c01b2_850-1.jpg",620,413,false],"post-thumbnail":["https:\/\/arantv.az\/wp-content\/uploads\/2023\/12\/ea771afc-d17b-3960-bd1e-3f72973c01b2_850-1-240x172.jpg",240,172,true],"advps-thumb-one":["https:\/\/arantv.az\/wp-content\/uploads\/2023\/12\/ea771afc-d17b-3960-bd1e-3f72973c01b2_850-1.jpg",620,413,false]},"rttpg_author":{"display_name":"V\u00fcsal Rafiqo\u011flu","author_link":"https:\/\/arantv.az\/?author=2"},"rttpg_comment":0,"rttpg_category":"<a href=\"https:\/\/arantv.az\/?cat=4\" rel=\"category\">Siyas\u0259t<\/a>","rttpg_excerpt":"Fransa m\u0259tbuat\u0131nda guya\u00a0AZ\u018fRTAC-\u0131n \u0259m\u0259kda\u015flar\u0131n\u0131n Yeni Kaledoniyaya Fransada sabitliyi pozmaq \u00fc\u00e7\u00fcn g\u00f6nd\u0259rildiyi, h\u0259tta onlar\u0131n \u201ccasus\u201d adland\u0131r\u0131ld\u0131qlar\u0131 dezinformasiya tirajlan\u0131r. AZ\u018fRTAC m\u0259s\u0259l\u0259 il\u0259 ba\u011fl\u0131 a\u00e7\u0131qlama yay\u0131b. Xat\u0131rladaq ki,\u00a0AZ\u018fRTAC-\u0131n iki jurnalisti redaksiya tap\u015f\u0131r\u0131\u011f\u0131n\u0131 yerin\u0259 yetirm\u0259k \u00fc\u00e7\u00fcn 2023-c\u00fc il dekabr\u0131n 3-d\u0259 Yeni Kaledoniyaya ezam olunmu\u015fdular. Onlardan biri viza b\u0259han\u0259si il\u0259 \u00f6lk\u0259y\u0259 burax\u0131lmay\u0131b, bir sutka polis n\u0259zar\u0259tind\u0259 saxlan\u0131ld\u0131qdan sonra \u00f6lk\u0259d\u0259n \u00e7\u0131xar\u0131l\u0131b.&hellip;","_links":{"self":[{"href":"https:\/\/arantv.az\/index.php?rest_route=\/wp\/v2\/posts\/667931"}],"collection":[{"href":"https:\/\/arantv.az\/index.php?rest_route=\/wp\/v2\/posts"}],"about":[{"href":"https:\/\/arantv.az\/index.php?rest_route=\/wp\/v2\/types\/post"}],"author":[{"embeddable":true,"href":"https:\/\/arantv.az\/index.php?rest_route=\/wp\/v2\/users\/2"}],"replies":[{"embeddable":true,"href":"https:\/\/arantv.az\/index.php?rest_route=%2Fwp%2Fv2%2Fcomments&post=667931"}],"version-history":[{"count":0,"href":"https:\/\/arantv.az\/index.php?rest_route=\/wp\/v2\/posts\/667931\/revisions"}],"wp:featuredmedia":[{"embeddable":true,"href":"https:\/\/arantv.az\/index.php?rest_route=\/wp\/v2\/media\/667933"}],"wp:attachment":[{"href":"https:\/\/arantv.az\/index.php?rest_route=%2Fwp%2Fv2%2Fmedia&parent=667931"}],"wp:term":[{"taxonomy":"category","embeddable":true,"href":"https:\/\/arantv.az\/index.php?rest_route=%2Fwp%2Fv2%2Fcategories&post=667931"},{"taxonomy":"post_tag","embeddable":true,"href":"https:\/\/arantv.az\/index.php?rest_route=%2Fwp%2Fv2%2Ftags&post=667931"}],"curies":[{"name":"wp","href":"https:\/\/api.w.org\/{rel}","templated":true}]}}