{"id":667932,"date":"2023-12-12T21:40:56","date_gmt":"2023-12-12T17:40:56","guid":{"rendered":"https:\/\/arantv.az\/?p=667932"},"modified":"2023-12-12T21:40:56","modified_gmt":"2023-12-12T17:40:56","slug":"kiprin-mudafi%c9%99-naziri-baki-v%c9%99-ir%c9%99vanin-son-b%c9%99yanati-regionda-sulh-ucun-tarixi-sansdir","status":"publish","type":"post","link":"https:\/\/arantv.az\/?p=667932","title":{"rendered":"Kiprin m\u00fcdafi\u0259 naziri: \u201cBak\u0131 v\u0259 \u0130r\u0259van\u0131n son b\u0259yanat\u0131 regionda s\u00fclh \u00fc\u00e7\u00fcn tarixi \u015fansd\u0131r\u201d"},"content":{"rendered":"<p>\u201cAz\u0259rbaycan Prezident Administrasiyas\u0131 v\u0259 Erm\u0259nistan Ba\u015f Nazirinin ofisinin bu yax\u0131nlarda m\u00fcnasib\u0259tl\u0259ri normalla\u015fd\u0131rmaq niyy\u0259ti il\u0259 ba\u011fl\u0131 birg\u0259 b\u0259yanat\u0131 regionda \u00e7oxdan g\u00f6zl\u0259nil\u0259n s\u00fclh\u0259 nail olmaq \u00fc\u00e7\u00fcn tarixi \u015fansd\u0131r\u201d.<\/p>\n<p>Bunu Kiprin m\u00fcdafi\u0259 naziri Mixalis Yorqallas Lefko\u015fada (Nikosiyada) erm\u0259ni h\u0259mkar\u0131 Suren Papikyanla g\u00f6r\u00fc\u015fd\u0259n sonra jurnalistl\u0259r\u0259 a\u00e7\u0131qlamas\u0131nda deyib.<\/p>\n<p>\u201cBu irimiqyasl\u0131 t\u0259\u015f\u0259bb\u00fcs regionda \u00e7oxdan g\u00f6zl\u0259nil\u0259n, beyn\u0259lxalq h\u00fcququn prinsipl\u0259rin\u0259 h\u00f6rm\u0259t\u0259 v\u0259 x\u00fcsus\u0259n d\u0259 suverenlik v\u0259 \u0259razi b\u00fct\u00f6vl\u00fcy\u00fc prinsipl\u0259rin\u0259 h\u00f6rm\u0259t\u0259 \u0259saslanan s\u00fclh\u0259 nail olmaq \u00fc\u00e7\u00fcn tarixi \u015fansd\u0131r\u201d, &#8211; M.Yorqallas bildirib.<\/p>\n<p>M\u0259nb\u0259: TASS<\/p>\n","protected":false},"excerpt":{"rendered":"<p>\u201cAz\u0259rbaycan Prezident Administrasiyas\u0131 v\u0259 Erm\u0259nistan Ba\u015f Nazirinin ofisinin bu yax\u0131nlarda m\u00fcnasib\u0259tl\u0259ri normalla\u015fd\u0131rmaq niyy\u0259ti il\u0259 ba\u011fl\u0131 birg\u0259 b\u0259yanat\u0131 regionda \u00e7oxdan g\u00f6zl\u0259nil\u0259n s\u00fclh\u0259 nail olmaq \u00fc\u00e7\u00fcn tarixi \u015fansd\u0131r\u201d. Bunu Kiprin m\u00fcdafi\u0259 naziri Mixalis Yorqallas Lefko\u015fada (Nikosiyada) erm\u0259ni h\u0259mkar\u0131 Suren Papikyanla g\u00f6r\u00fc\u015fd\u0259n sonra jurnalistl\u0259r\u0259 a\u00e7\u0131qlamas\u0131nda deyib. \u201cBu irimiqyasl\u0131 t\u0259\u015f\u0259bb\u00fcs regionda \u00e7oxdan g\u00f6zl\u0259nil\u0259n, beyn\u0259lxalq h\u00fcququn prinsipl\u0259rin\u0259 h\u00f6rm\u0259t\u0259 v\u0259 x\u00fcsus\u0259n d\u0259 suverenlik v\u0259 \u0259razi b\u00fct\u00f6vl\u00fcy\u00fc prinsipl\u0259rin\u0259 h\u00f6rm\u0259t\u0259 \u0259saslanan s\u00fclh\u0259 nail olmaq \u00fc\u00e7\u00fcn tarixi \u015fansd\u0131r\u201d, &#8211; M.Yorqallas bildirib. M\u0259nb\u0259: TASS<\/p>\n","protected":false},"author":2,"featured_media":667936,"comment_status":"closed","ping_status":"closed","sticky":false,"template":"","format":"standard","meta":{"om_disable_all_campaigns":false,"_monsterinsights_skip_tracking":false,"_monsterinsights_sitenote_active":false,"_monsterinsights_sitenote_note":"","_monsterinsights_sitenote_category":0},"categories":[4],"tags":[],"aioseo_notices":[],"gutentor_comment":0,"rttpg_featured_image_url":{"full":["https:\/\/arantv.az\/wp-content\/uploads\/2023\/12\/07d99999-84e0-340b-934b-cc804252f7b2_850.jpg",620,413,false],"landscape":["https:\/\/arantv.az\/wp-content\/uploads\/2023\/12\/07d99999-84e0-340b-934b-cc804252f7b2_850.jpg",620,413,false],"portraits":["https:\/\/arantv.az\/wp-content\/uploads\/2023\/12\/07d99999-84e0-340b-934b-cc804252f7b2_850.jpg",620,413,false],"thumbnail":["https:\/\/arantv.az\/wp-content\/uploads\/2023\/12\/07d99999-84e0-340b-934b-cc804252f7b2_850-500x280.jpg",500,280,true],"medium":["https:\/\/arantv.az\/wp-content\/uploads\/2023\/12\/07d99999-84e0-340b-934b-cc804252f7b2_850-548x365.jpg",548,365,true],"large":["https:\/\/arantv.az\/wp-content\/uploads\/2023\/12\/07d99999-84e0-340b-934b-cc804252f7b2_850.jpg",620,413,false],"1536x1536":["https:\/\/arantv.az\/wp-content\/uploads\/2023\/12\/07d99999-84e0-340b-934b-cc804252f7b2_850.jpg",620,413,false],"2048x2048":["https:\/\/arantv.az\/wp-content\/uploads\/2023\/12\/07d99999-84e0-340b-934b-cc804252f7b2_850.jpg",620,413,false],"post-thumbnail":["https:\/\/arantv.az\/wp-content\/uploads\/2023\/12\/07d99999-84e0-340b-934b-cc804252f7b2_850-240x172.jpg",240,172,true],"advps-thumb-one":["https:\/\/arantv.az\/wp-content\/uploads\/2023\/12\/07d99999-84e0-340b-934b-cc804252f7b2_850.jpg",620,413,false]},"rttpg_author":{"display_name":"V\u00fcsal Rafiqo\u011flu","author_link":"https:\/\/arantv.az\/?author=2"},"rttpg_comment":0,"rttpg_category":"<a href=\"https:\/\/arantv.az\/?cat=4\" rel=\"category\">Siyas\u0259t<\/a>","rttpg_excerpt":"\u201cAz\u0259rbaycan Prezident Administrasiyas\u0131 v\u0259 Erm\u0259nistan Ba\u015f Nazirinin ofisinin bu yax\u0131nlarda m\u00fcnasib\u0259tl\u0259ri normalla\u015fd\u0131rmaq niyy\u0259ti il\u0259 ba\u011fl\u0131 birg\u0259 b\u0259yanat\u0131 regionda \u00e7oxdan g\u00f6zl\u0259nil\u0259n s\u00fclh\u0259 nail olmaq \u00fc\u00e7\u00fcn tarixi \u015fansd\u0131r\u201d. Bunu Kiprin m\u00fcdafi\u0259 naziri Mixalis Yorqallas Lefko\u015fada (Nikosiyada) erm\u0259ni h\u0259mkar\u0131 Suren Papikyanla g\u00f6r\u00fc\u015fd\u0259n sonra jurnalistl\u0259r\u0259 a\u00e7\u0131qlamas\u0131nda deyib. \u201cBu irimiqyasl\u0131 t\u0259\u015f\u0259bb\u00fcs regionda \u00e7oxdan g\u00f6zl\u0259nil\u0259n, beyn\u0259lxalq h\u00fcququn prinsipl\u0259rin\u0259 h\u00f6rm\u0259t\u0259 v\u0259 x\u00fcsus\u0259n&hellip;","_links":{"self":[{"href":"https:\/\/arantv.az\/index.php?rest_route=\/wp\/v2\/posts\/667932"}],"collection":[{"href":"https:\/\/arantv.az\/index.php?rest_route=\/wp\/v2\/posts"}],"about":[{"href":"https:\/\/arantv.az\/index.php?rest_route=\/wp\/v2\/types\/post"}],"author":[{"embeddable":true,"href":"https:\/\/arantv.az\/index.php?rest_route=\/wp\/v2\/users\/2"}],"replies":[{"embeddable":true,"href":"https:\/\/arantv.az\/index.php?rest_route=%2Fwp%2Fv2%2Fcomments&post=667932"}],"version-history":[{"count":0,"href":"https:\/\/arantv.az\/index.php?rest_route=\/wp\/v2\/posts\/667932\/revisions"}],"wp:featuredmedia":[{"embeddable":true,"href":"https:\/\/arantv.az\/index.php?rest_route=\/wp\/v2\/media\/667936"}],"wp:attachment":[{"href":"https:\/\/arantv.az\/index.php?rest_route=%2Fwp%2Fv2%2Fmedia&parent=667932"}],"wp:term":[{"taxonomy":"category","embeddable":true,"href":"https:\/\/arantv.az\/index.php?rest_route=%2Fwp%2Fv2%2Fcategories&post=667932"},{"taxonomy":"post_tag","embeddable":true,"href":"https:\/\/arantv.az\/index.php?rest_route=%2Fwp%2Fv2%2Ftags&post=667932"}],"curies":[{"name":"wp","href":"https:\/\/api.w.org\/{rel}","templated":true}]}}