{"id":667935,"date":"2023-12-12T21:41:20","date_gmt":"2023-12-12T17:41:20","guid":{"rendered":"https:\/\/arantv.az\/?p=667935"},"modified":"2023-12-12T21:41:20","modified_gmt":"2023-12-12T17:41:20","slug":"naxcivan-m%c9%99d%c9%99niyy%c9%99t-nazirliyind%c9%99-kadr-t%c9%99yinati-olub","status":"publish","type":"post","link":"https:\/\/arantv.az\/?p=667935","title":{"rendered":"Nax\u00e7\u0131van M\u0259d\u0259niyy\u0259t Nazirliyind\u0259 kadr t\u0259yinat\u0131 olub"},"content":{"rendered":"<p>Nax\u00e7\u0131van Muxtar Respublikas\u0131n\u0131n M\u0259d\u0259niyy\u0259t Nazirliyi sistemind\u0259 kadr d\u0259yi\u015fiklikl\u0259ri olub.<\/p>\n<p>Qurumdan\u00a0\u201cReport\u201da bildirilib ki, muxtar respublikan\u0131n m\u0259d\u0259niyy\u0259t nazirinin m\u00fcavini H\u0259s\u0259n Seyidovun m\u00fcvafiq \u0259mri il\u0259 \u015e\u0259rur Rayon M\u0259d\u0259niyy\u0259t \u0130dar\u0259sinin m\u00fcdiri Abbas Musayev v\u0259zif\u0259d\u0259n azad olunub.<\/p>\n<p>Nazirlik Aparat\u0131n\u0131n \u0130nc\u0259s\u0259n\u0259t v\u0259 t\u0259hsil m\u00fc\u0259ssis\u0259l\u0259ri il\u0259 i\u015f \u015f\u00f6b\u0259sinin m\u00fcdiri \u0130man Al\u0131rzayev \u015e\u0259rur Rayon M\u0259d\u0259niyy\u0259t \u0130dar\u0259sinin m\u00fcdiri v\u0259zif\u0259sin\u0259 g\u0259tirilib.<\/p>\n<p>Dig\u0259r \u0259mrl\u0259 C\u0259lil M\u0259mm\u0259dquluzad\u0259 ad\u0131na Nax\u00e7\u0131van D\u00f6vl\u0259t Milli Dram Teatr\u0131n\u0131n rejissoru, Prezident m\u00fckafat\u00e7\u0131s\u0131 H\u0259c\u0259rxan\u0131m M\u0259mm\u0259dova m\u00fcdd\u0259tli \u0259m\u0259k m\u00fcqavil\u0259si \u0259sas\u0131nda Nax\u00e7\u0131van M\u0259d\u0259niyy\u0259t Nazirliyi Aparat\u0131n\u0131n \u0130nc\u0259s\u0259n\u0259t v\u0259 t\u0259hsil m\u00fc\u0259ssis\u0259l\u0259ri il\u0259 i\u015f \u015f\u00f6b\u0259sinin m\u00fcdiri t\u0259yin olunub.<\/p>\n","protected":false},"excerpt":{"rendered":"<p>Nax\u00e7\u0131van Muxtar Respublikas\u0131n\u0131n M\u0259d\u0259niyy\u0259t Nazirliyi sistemind\u0259 kadr d\u0259yi\u015fiklikl\u0259ri olub. Qurumdan\u00a0\u201cReport\u201da bildirilib ki, muxtar respublikan\u0131n m\u0259d\u0259niyy\u0259t nazirinin m\u00fcavini H\u0259s\u0259n Seyidovun m\u00fcvafiq \u0259mri il\u0259 \u015e\u0259rur Rayon M\u0259d\u0259niyy\u0259t \u0130dar\u0259sinin m\u00fcdiri Abbas Musayev v\u0259zif\u0259d\u0259n azad olunub. Nazirlik Aparat\u0131n\u0131n \u0130nc\u0259s\u0259n\u0259t v\u0259 t\u0259hsil m\u00fc\u0259ssis\u0259l\u0259ri il\u0259 i\u015f \u015f\u00f6b\u0259sinin m\u00fcdiri \u0130man Al\u0131rzayev \u015e\u0259rur Rayon M\u0259d\u0259niyy\u0259t \u0130dar\u0259sinin m\u00fcdiri v\u0259zif\u0259sin\u0259 g\u0259tirilib. Dig\u0259r \u0259mrl\u0259 C\u0259lil M\u0259mm\u0259dquluzad\u0259 ad\u0131na Nax\u00e7\u0131van D\u00f6vl\u0259t Milli Dram Teatr\u0131n\u0131n rejissoru, Prezident m\u00fckafat\u00e7\u0131s\u0131 H\u0259c\u0259rxan\u0131m M\u0259mm\u0259dova m\u00fcdd\u0259tli \u0259m\u0259k m\u00fcqavil\u0259si \u0259sas\u0131nda Nax\u00e7\u0131van M\u0259d\u0259niyy\u0259t Nazirliyi Aparat\u0131n\u0131n \u0130nc\u0259s\u0259n\u0259t v\u0259 t\u0259hsil m\u00fc\u0259ssis\u0259l\u0259ri il\u0259 i\u015f \u015f\u00f6b\u0259sinin m\u00fcdiri t\u0259yin olunub.<\/p>\n","protected":false},"author":2,"featured_media":667938,"comment_status":"closed","ping_status":"closed","sticky":false,"template":"","format":"standard","meta":{"om_disable_all_campaigns":false,"_monsterinsights_skip_tracking":false,"_monsterinsights_sitenote_active":false,"_monsterinsights_sitenote_note":"","_monsterinsights_sitenote_category":0},"categories":[19],"tags":[],"aioseo_notices":[],"gutentor_comment":0,"rttpg_featured_image_url":{"full":["https:\/\/arantv.az\/wp-content\/uploads\/2023\/12\/3e1ddc58-5afe-3f7f-a97d-e0e97f0c9dc3_850.jpg",620,413,false],"landscape":["https:\/\/arantv.az\/wp-content\/uploads\/2023\/12\/3e1ddc58-5afe-3f7f-a97d-e0e97f0c9dc3_850.jpg",620,413,false],"portraits":["https:\/\/arantv.az\/wp-content\/uploads\/2023\/12\/3e1ddc58-5afe-3f7f-a97d-e0e97f0c9dc3_850.jpg",620,413,false],"thumbnail":["https:\/\/arantv.az\/wp-content\/uploads\/2023\/12\/3e1ddc58-5afe-3f7f-a97d-e0e97f0c9dc3_850-500x280.jpg",500,280,true],"medium":["https:\/\/arantv.az\/wp-content\/uploads\/2023\/12\/3e1ddc58-5afe-3f7f-a97d-e0e97f0c9dc3_850-548x365.jpg",548,365,true],"large":["https:\/\/arantv.az\/wp-content\/uploads\/2023\/12\/3e1ddc58-5afe-3f7f-a97d-e0e97f0c9dc3_850.jpg",620,413,false],"1536x1536":["https:\/\/arantv.az\/wp-content\/uploads\/2023\/12\/3e1ddc58-5afe-3f7f-a97d-e0e97f0c9dc3_850.jpg",620,413,false],"2048x2048":["https:\/\/arantv.az\/wp-content\/uploads\/2023\/12\/3e1ddc58-5afe-3f7f-a97d-e0e97f0c9dc3_850.jpg",620,413,false],"post-thumbnail":["https:\/\/arantv.az\/wp-content\/uploads\/2023\/12\/3e1ddc58-5afe-3f7f-a97d-e0e97f0c9dc3_850-240x172.jpg",240,172,true],"advps-thumb-one":["https:\/\/arantv.az\/wp-content\/uploads\/2023\/12\/3e1ddc58-5afe-3f7f-a97d-e0e97f0c9dc3_850.jpg",620,413,false]},"rttpg_author":{"display_name":"V\u00fcsal Rafiqo\u011flu","author_link":"https:\/\/arantv.az\/?author=2"},"rttpg_comment":0,"rttpg_category":"<a href=\"https:\/\/arantv.az\/?cat=19\" rel=\"category\">G\u00fcnd\u0259m<\/a>","rttpg_excerpt":"Nax\u00e7\u0131van Muxtar Respublikas\u0131n\u0131n M\u0259d\u0259niyy\u0259t Nazirliyi sistemind\u0259 kadr d\u0259yi\u015fiklikl\u0259ri olub. Qurumdan\u00a0\u201cReport\u201da bildirilib ki, muxtar respublikan\u0131n m\u0259d\u0259niyy\u0259t nazirinin m\u00fcavini H\u0259s\u0259n Seyidovun m\u00fcvafiq \u0259mri il\u0259 \u015e\u0259rur Rayon M\u0259d\u0259niyy\u0259t \u0130dar\u0259sinin m\u00fcdiri Abbas Musayev v\u0259zif\u0259d\u0259n azad olunub. Nazirlik Aparat\u0131n\u0131n \u0130nc\u0259s\u0259n\u0259t v\u0259 t\u0259hsil m\u00fc\u0259ssis\u0259l\u0259ri il\u0259 i\u015f \u015f\u00f6b\u0259sinin m\u00fcdiri \u0130man Al\u0131rzayev \u015e\u0259rur Rayon M\u0259d\u0259niyy\u0259t \u0130dar\u0259sinin m\u00fcdiri v\u0259zif\u0259sin\u0259 g\u0259tirilib. Dig\u0259r \u0259mrl\u0259 C\u0259lil M\u0259mm\u0259dquluzad\u0259&hellip;","_links":{"self":[{"href":"https:\/\/arantv.az\/index.php?rest_route=\/wp\/v2\/posts\/667935"}],"collection":[{"href":"https:\/\/arantv.az\/index.php?rest_route=\/wp\/v2\/posts"}],"about":[{"href":"https:\/\/arantv.az\/index.php?rest_route=\/wp\/v2\/types\/post"}],"author":[{"embeddable":true,"href":"https:\/\/arantv.az\/index.php?rest_route=\/wp\/v2\/users\/2"}],"replies":[{"embeddable":true,"href":"https:\/\/arantv.az\/index.php?rest_route=%2Fwp%2Fv2%2Fcomments&post=667935"}],"version-history":[{"count":0,"href":"https:\/\/arantv.az\/index.php?rest_route=\/wp\/v2\/posts\/667935\/revisions"}],"wp:featuredmedia":[{"embeddable":true,"href":"https:\/\/arantv.az\/index.php?rest_route=\/wp\/v2\/media\/667938"}],"wp:attachment":[{"href":"https:\/\/arantv.az\/index.php?rest_route=%2Fwp%2Fv2%2Fmedia&parent=667935"}],"wp:term":[{"taxonomy":"category","embeddable":true,"href":"https:\/\/arantv.az\/index.php?rest_route=%2Fwp%2Fv2%2Fcategories&post=667935"},{"taxonomy":"post_tag","embeddable":true,"href":"https:\/\/arantv.az\/index.php?rest_route=%2Fwp%2Fv2%2Ftags&post=667935"}],"curies":[{"name":"wp","href":"https:\/\/api.w.org\/{rel}","templated":true}]}}