{"id":667939,"date":"2023-12-12T21:42:08","date_gmt":"2023-12-12T17:42:08","guid":{"rendered":"https:\/\/arantv.az\/?p=667939"},"modified":"2023-12-12T21:42:08","modified_gmt":"2023-12-12T17:42:08","slug":"az%c9%99rbaycan-konullul%c9%99ri-ulu-ond%c9%99r-heyd%c9%99r-%c9%99liyevin-m%c9%99zarini-ziyar%c9%99t-edibl%c9%99r-foto","status":"publish","type":"post","link":"https:\/\/arantv.az\/?p=667939","title":{"rendered":"Az\u0259rbaycan K\u00f6n\u00fcll\u00fcl\u0259ri ulu \u00f6nd\u0259r Heyd\u0259r \u018fliyevin m\u0259zar\u0131n\u0131 ziyar\u0259t edibl\u0259r &#8211; FOTO"},"content":{"rendered":"<p>\u00dcmummilli lider Heyd\u0259r \u018fliyevin an\u0131m g\u00fcn\u00fc il\u0259 \u0259laq\u0259dar olaraq Az\u0259rbaycan K\u00f6n\u00fcll\u00fcl\u0259rinin i\u015ftirak\u0131 il\u0259 F\u0259xri Xiyabana y\u00fcr\u00fc\u015f t\u0259\u015fkil olunub.<\/p>\n<p>Heyd\u0259r \u018fliyevin xatir\u0259sini d\u0259rin h\u00fczn v\u0259 h\u00f6rm\u0259tl\u0259 yad ed\u0259n 1500-\u0259 yax\u0131n g\u0259nc k\u00f6n\u00fcll\u00fc Az\u0259rbaycan xalq\u0131n\u0131n \u00fcr\u0259yind\u0259 \u0259b\u0259di ya\u015fayacaq olan \u00fcmummilli liderin m\u0259zar\u0131 \u00fcz\u0259rin\u0259 \u00e7i\u00e7\u0259kl\u0259r d\u00fcz\u00fcbl\u0259r.<\/p>\n<p>\u00d6lk\u0259mizd\u0259 d\u00f6vl\u0259t g\u0259ncl\u0259r siyas\u0259tinin formala\u015fd\u0131r\u0131lmas\u0131n\u0131n m\u00fc\u0259llifi olan Az\u0259rbaycan xalq\u0131n\u0131n \u00fcmummilli lideri Heyd\u0259r \u018fliyev daima Az\u0259rbaycan\u0131n g\u0259l\u0259c\u0259yi haqq\u0131nda d\u00fc\u015f\u00fcn\u00fcb, g\u0259nc n\u0259slin inki\u015faf\u0131na davaml\u0131 qay\u011f\u0131 g\u00f6st\u0259rib.<\/p>\n<p>Bunun n\u0259tic\u0259sidir ki, k\u00f6n\u00fcll\u00fcl\u0259r memar\u0131 ulu \u00f6nd\u0259r Heyd\u0259r \u018fliyev olan m\u00fcasir Az\u0259rbaycan\u0131n qalib g\u0259ncl\u0259ri olduqlar\u0131 \u00fc\u00e7\u00fcn q\u00fcrur duyur, d\u00f6vl\u0259t r\u0259hb\u0259rliyi t\u0259r\u0259find\u0259n g\u0259ncl\u0259r\u0259 g\u00f6st\u0259ril\u0259n diqq\u0259t v\u0259 qay\u011f\u0131n\u0131 y\u00fcks\u0259k d\u0259y\u0259rl\u0259ndirirl\u0259r.<\/p>\n<p>12 dekabr &#8211; Heyd\u0259r \u018fliyevin an\u0131m g\u00fcn\u00fc il\u0259 \u0259laq\u0259dar olaraq g\u0259ncl\u0259rin i\u015ftirak\u0131 il\u0259 bir s\u0131ra f\u0259aliyy\u0259tl\u0259r icra edilib, eyni zamanda ulu \u00f6nd\u0259rin 100 illik yubileyin\u0259 h\u0259sr edilmi\u015f \u201cAz\u0259rbaycan K\u00f6n\u00fcll\u00fcl\u00fck H\u0259ft\u0259si 2023\u201d \u00e7\u0259r\u00e7iv\u0259sind\u0259 Bak\u0131da v\u0259 regionlarda \u00fcmumilikd\u0259 500-d\u0259n \u00e7ox Az\u0259rbaycan K\u00f6n\u00fcll\u00fcs\u00fcn\u00fcn i\u015ftirak\u0131 il\u0259 Heyd\u0259r \u018fliyev m\u0259rk\u0259zl\u0259rin\u0259 ekskursiyalar t\u0259\u015fkil edilmi\u015fdir.<\/p>\n<p>Ekskursiya zaman\u0131 k\u00f6n\u00fcll\u00fcl\u0259r\u0259 Az\u0259rbaycan xalq\u0131n\u0131n \u00fcmummilli lideri Heyd\u0259r \u018fliyevin h\u0259yat\u0131 v\u0259 \u00e7ox\u015fax\u0259li siyasi f\u0259aliyy\u0259ti bar\u0259d\u0259 \u0259trafl\u0131 m\u0259lumat verilib.<\/p>\n<p>Ekskursiya ed\u0259n k\u00f6n\u00fcll\u00fcl\u0259r m\u0259rk\u0259zl\u0259rd\u0259 olan \u00fcmummilli lider Heyd\u0259r \u018fliyevin h\u0259yat v\u0259 f\u0259aliyy\u0259tinin b\u00fct\u00fcn d\u00f6vrl\u0259rini \u0259hat\u0259 ed\u0259n fotolar, arxiv s\u0259n\u0259dl\u0259rinin sur\u0259tl\u0259ri, el\u0259c\u0259 d\u0259 m\u00fcxt\u0259lif eksponatlarla yax\u0131ndan tan\u0131\u015f olublar.<\/p>\n<p>Diqq\u0259t\u0259 \u00e7atd\u0131r\u0131l\u0131b ki, m\u00fcasir m\u00fcst\u0259qil Az\u0259rbaycan d\u00f6vl\u0259tinin memar\u0131 v\u0259 qurucusu ulu \u00f6nd\u0259r Heyd\u0259r \u018fliyevin h\u0259yat yolu h\u0259r bir az\u0259rbaycanl\u0131 g\u0259nc \u00fc\u00e7\u00fcn \u0259sl \u00f6rn\u0259kdir.<\/p>\n<p>Art\u0131q alt\u0131 ildir ki, \u00f6lk\u0259mizd\u0259 f\u0259aliyy\u0259t g\u00f6st\u0259r\u0259n K\u00f6n\u00fcll\u00fcl\u00fck H\u0259ft\u0259si, 2023-c\u00fc ild\u0259 Ulu \u00d6nd\u0259rin an\u0131m g\u00fcn\u00fcn\u0259 t\u0259sad\u00fcf edib.<\/p>\n<p>Bu s\u0259b\u0259d\u0259n cari ild\u0259 ba\u015f tutan K\u00f6n\u00fcll\u00fcl\u00fck h\u0259ft\u0259si \u00e7\u0259r\u00e7iv\u0259sind\u0259 h\u0259yata ke\u00e7iril\u0259n t\u0259dbir v\u0259 layih\u0259l\u0259r, m\u0259hz \u00fcmummilli llider Heyd\u0259r \u018fliyevin g\u0259ncl\u0259r\u0259 \u00fcnvanlad\u0131\u011f\u0131 t\u00f6vsiy\u0259l\u0259r\u0259 \u0259saslan\u0131b.<\/p>\n<p>H\u0259ft\u0259 \u00e7\u0259r\u00e7iv\u0259sind\u0259 layih\u0259 v\u0259 t\u0259dbirl\u0259rin icra edilm\u0259si \u00fc\u00e7\u00fcn prioritet olaraq se\u00e7il\u0259n istiqam\u0259tl\u0259r onu g\u00f6st\u0259rir ki, Az\u0259rbaycan\u0131n g\u0259nc \u00a0k\u00f6n\u00fcll\u00fcl\u0259ri, Heyd\u0259r \u018fliyevin g\u0259ncl\u0259r\u0259 verdiyi qiym\u0259tli t\u00f6vsiy\u0259l\u0259r\u0259 h\u0259mi\u015f\u0259 y\u00fcks\u0259k d\u0259y\u0259r verir v\u0259 bu t\u00f6vsiy\u0259l\u0259ri \u015f\u0259xsi v\u0259 pe\u015f\u0259kar inki\u015faflar\u0131nda r\u0259hb\u0259r tuturlar.<\/p>\n<p>&nbsp;<\/p>\n<div class=\"gallery\">\n<div class=\"gallery-i\"><img src=\"https:\/\/cdn.oxu.az\/uploads\/W1siZiIsIjIwMjMvMTIvMTIvMjAvNDkvMjYvZjFkNGIzODktOTVjMS00M2IyLTliY2MtZjU5NDA0YTg1MTQxL19WU0wyMTU4LmpwZyJdLFsicCIsImVuY29kZSIsImpwZyIsIi1xdWFsaXR5IDgwIl0sWyJwIiwidGh1bWIiLCI1OTB4NTkwXHUwMDNlIl1d?sha=476bf6df82aa4a00\" alt=\"\" \/><\/p>\n<div class=\"gallery-i-caption\"><\/div>\n<\/div>\n<div class=\"gallery-i\"><img src=\"https:\/\/cdn.oxu.az\/uploads\/W1siZiIsIjIwMjMvMTIvMTIvMjAvNDkvMjYvZmE0ZWY0MGItMTcyOS00YWQ1LTkyMjItZjBhY2Q0ZWUzYWViLzIwMjMxMjEyMTQzNjU0X0lNR183OTk3LmpwZyJdLFsicCIsImVuY29kZSIsImpwZyIsIi1xdWFsaXR5IDgwIl0sWyJwIiwidGh1bWIiLCI1OTB4NTkwXHUwMDNlIl1d?sha=52aed0452ed2be31\" alt=\"\" \/><\/p>\n<div class=\"gallery-i-caption\"><\/div>\n<\/div>\n<div class=\"gallery-i\"><img src=\"https:\/\/cdn.oxu.az\/uploads\/W1siZiIsIjIwMjMvMTIvMTIvMjAvNDkvMjYvN2M4NjE5YzUtNjY3MS00OTZiLTlmMDEtYmNjNGQ4NTY1ZmJhL2VlM2M3OTY1LTk1YzctNGQ5OS04MGI4LTU5OTUzMmUyZTI1NC5qcGciXSxbInAiLCJlbmNvZGUiLCJqcGciLCItcXVhbGl0eSA4MCJdLFsicCIsInRodW1iIiwiNTkweDU5MFx1MDAzZSJdXQ?sha=b0b2ac6bf8d96f50\" alt=\"\" \/><\/div>\n<\/div>\n","protected":false},"excerpt":{"rendered":"<p>\u00dcmummilli lider Heyd\u0259r \u018fliyevin an\u0131m g\u00fcn\u00fc il\u0259 \u0259laq\u0259dar olaraq Az\u0259rbaycan K\u00f6n\u00fcll\u00fcl\u0259rinin i\u015ftirak\u0131 il\u0259 F\u0259xri Xiyabana y\u00fcr\u00fc\u015f t\u0259\u015fkil olunub. Heyd\u0259r \u018fliyevin xatir\u0259sini d\u0259rin h\u00fczn v\u0259 h\u00f6rm\u0259tl\u0259 yad ed\u0259n 1500-\u0259 yax\u0131n g\u0259nc k\u00f6n\u00fcll\u00fc Az\u0259rbaycan xalq\u0131n\u0131n \u00fcr\u0259yind\u0259 \u0259b\u0259di ya\u015fayacaq olan \u00fcmummilli liderin m\u0259zar\u0131 \u00fcz\u0259rin\u0259 \u00e7i\u00e7\u0259kl\u0259r d\u00fcz\u00fcbl\u0259r. \u00d6lk\u0259mizd\u0259 d\u00f6vl\u0259t g\u0259ncl\u0259r siyas\u0259tinin formala\u015fd\u0131r\u0131lmas\u0131n\u0131n m\u00fc\u0259llifi olan Az\u0259rbaycan xalq\u0131n\u0131n \u00fcmummilli lideri Heyd\u0259r \u018fliyev daima Az\u0259rbaycan\u0131n g\u0259l\u0259c\u0259yi haqq\u0131nda d\u00fc\u015f\u00fcn\u00fcb, g\u0259nc n\u0259slin inki\u015faf\u0131na davaml\u0131 qay\u011f\u0131 g\u00f6st\u0259rib. Bunun n\u0259tic\u0259sidir ki, k\u00f6n\u00fcll\u00fcl\u0259r memar\u0131 ulu \u00f6nd\u0259r Heyd\u0259r \u018fliyev olan m\u00fcasir Az\u0259rbaycan\u0131n qalib g\u0259ncl\u0259ri olduqlar\u0131 \u00fc\u00e7\u00fcn q\u00fcrur duyur, d\u00f6vl\u0259t r\u0259hb\u0259rliyi t\u0259r\u0259find\u0259n g\u0259ncl\u0259r\u0259 g\u00f6st\u0259ril\u0259n&hellip;<\/p>\n","protected":false},"author":2,"featured_media":667942,"comment_status":"closed","ping_status":"closed","sticky":false,"template":"","format":"standard","meta":{"om_disable_all_campaigns":false,"_monsterinsights_skip_tracking":false,"_monsterinsights_sitenote_active":false,"_monsterinsights_sitenote_note":"","_monsterinsights_sitenote_category":0},"categories":[4],"tags":[],"aioseo_notices":[],"gutentor_comment":0,"rttpg_featured_image_url":{"full":["https:\/\/arantv.az\/wp-content\/uploads\/2023\/12\/FotoJet-6-5.jpg",620,413,false],"landscape":["https:\/\/arantv.az\/wp-content\/uploads\/2023\/12\/FotoJet-6-5.jpg",620,413,false],"portraits":["https:\/\/arantv.az\/wp-content\/uploads\/2023\/12\/FotoJet-6-5.jpg",620,413,false],"thumbnail":["https:\/\/arantv.az\/wp-content\/uploads\/2023\/12\/FotoJet-6-5-500x280.jpg",500,280,true],"medium":["https:\/\/arantv.az\/wp-content\/uploads\/2023\/12\/FotoJet-6-5-548x365.jpg",548,365,true],"large":["https:\/\/arantv.az\/wp-content\/uploads\/2023\/12\/FotoJet-6-5.jpg",620,413,false],"1536x1536":["https:\/\/arantv.az\/wp-content\/uploads\/2023\/12\/FotoJet-6-5.jpg",620,413,false],"2048x2048":["https:\/\/arantv.az\/wp-content\/uploads\/2023\/12\/FotoJet-6-5.jpg",620,413,false],"post-thumbnail":["https:\/\/arantv.az\/wp-content\/uploads\/2023\/12\/FotoJet-6-5-240x172.jpg",240,172,true],"advps-thumb-one":["https:\/\/arantv.az\/wp-content\/uploads\/2023\/12\/FotoJet-6-5.jpg",620,413,false]},"rttpg_author":{"display_name":"V\u00fcsal Rafiqo\u011flu","author_link":"https:\/\/arantv.az\/?author=2"},"rttpg_comment":0,"rttpg_category":"<a href=\"https:\/\/arantv.az\/?cat=4\" rel=\"category\">Siyas\u0259t<\/a>","rttpg_excerpt":"\u00dcmummilli lider Heyd\u0259r \u018fliyevin an\u0131m g\u00fcn\u00fc il\u0259 \u0259laq\u0259dar olaraq Az\u0259rbaycan K\u00f6n\u00fcll\u00fcl\u0259rinin i\u015ftirak\u0131 il\u0259 F\u0259xri Xiyabana y\u00fcr\u00fc\u015f t\u0259\u015fkil olunub. Heyd\u0259r \u018fliyevin xatir\u0259sini d\u0259rin h\u00fczn v\u0259 h\u00f6rm\u0259tl\u0259 yad ed\u0259n 1500-\u0259 yax\u0131n g\u0259nc k\u00f6n\u00fcll\u00fc Az\u0259rbaycan xalq\u0131n\u0131n \u00fcr\u0259yind\u0259 \u0259b\u0259di ya\u015fayacaq olan \u00fcmummilli liderin m\u0259zar\u0131 \u00fcz\u0259rin\u0259 \u00e7i\u00e7\u0259kl\u0259r d\u00fcz\u00fcbl\u0259r. \u00d6lk\u0259mizd\u0259 d\u00f6vl\u0259t g\u0259ncl\u0259r siyas\u0259tinin formala\u015fd\u0131r\u0131lmas\u0131n\u0131n m\u00fc\u0259llifi olan Az\u0259rbaycan xalq\u0131n\u0131n \u00fcmummilli lideri Heyd\u0259r&hellip;","_links":{"self":[{"href":"https:\/\/arantv.az\/index.php?rest_route=\/wp\/v2\/posts\/667939"}],"collection":[{"href":"https:\/\/arantv.az\/index.php?rest_route=\/wp\/v2\/posts"}],"about":[{"href":"https:\/\/arantv.az\/index.php?rest_route=\/wp\/v2\/types\/post"}],"author":[{"embeddable":true,"href":"https:\/\/arantv.az\/index.php?rest_route=\/wp\/v2\/users\/2"}],"replies":[{"embeddable":true,"href":"https:\/\/arantv.az\/index.php?rest_route=%2Fwp%2Fv2%2Fcomments&post=667939"}],"version-history":[{"count":0,"href":"https:\/\/arantv.az\/index.php?rest_route=\/wp\/v2\/posts\/667939\/revisions"}],"wp:featuredmedia":[{"embeddable":true,"href":"https:\/\/arantv.az\/index.php?rest_route=\/wp\/v2\/media\/667942"}],"wp:attachment":[{"href":"https:\/\/arantv.az\/index.php?rest_route=%2Fwp%2Fv2%2Fmedia&parent=667939"}],"wp:term":[{"taxonomy":"category","embeddable":true,"href":"https:\/\/arantv.az\/index.php?rest_route=%2Fwp%2Fv2%2Fcategories&post=667939"},{"taxonomy":"post_tag","embeddable":true,"href":"https:\/\/arantv.az\/index.php?rest_route=%2Fwp%2Fv2%2Ftags&post=667939"}],"curies":[{"name":"wp","href":"https:\/\/api.w.org\/{rel}","templated":true}]}}