{"id":668050,"date":"2023-12-13T10:01:01","date_gmt":"2023-12-13T06:01:01","guid":{"rendered":"https:\/\/arantv.az\/?p=668050"},"modified":"2023-12-13T10:01:01","modified_gmt":"2023-12-13T06:01:01","slug":"v%c9%99t%c9%99n%c9%99-xalqa-v%c9%99-dovl%c9%99tciliy%c9%99-misilsiz-xidm%c9%99tin-t%c9%99zahuru","status":"publish","type":"post","link":"https:\/\/arantv.az\/?p=668050","title":{"rendered":"V\u0259t\u0259n\u0259, xalqa v\u0259 d\u00f6vl\u0259t\u00e7iliy\u0259 misilsiz xidm\u0259tin t\u0259zah\u00fcr\u00fc"},"content":{"rendered":"<p><em><strong>Az\u0259rbaycan\u0131n bu g\u00fcn\u00fc v\u0259 g\u0259l\u0259c\u0259k taleyi bax\u0131m\u0131ndan \u00f6n\u0259mli tarixi hadis\u0259 olan 2024-c\u00fc il fevral\u0131n 7-d\u0259 ke\u00e7iril\u0259c\u0259k n\u00f6vb\u0259d\u0259nk\u0259nar prezident se\u00e7kil\u0259ri yadda\u015flara iqtidar &#8211; xalq birliyinin daha bir parlaq t\u0259c\u0259ss\u00fcm\u00fc, xalq\u0131m\u0131z\u0131n \u00f6z liderin\u0259 olan sonsuz inam v\u0259 etibar\u0131n\u0131n, d\u0259rin m\u0259h\u0259bb\u0259tinin \u0259yani t\u0259sdiqi kimi h\u0259kk olunacaq<\/strong><\/em><\/p>\n<p>Az\u0259rbaycan\u0131n \u0259ld\u0259 etdiyi m\u00f6ht\u0259\u015f\u0259m u\u011furlar\u0131 t\u0259min ed\u0259n \u0259sas s\u0259b\u0259b Ulu \u00d6nd\u0259r Heyd\u0259r \u018fliyevin d\u0259qiqlikl\u0259 i\u015fl\u0259yib haz\u0131rlad\u0131\u011f\u0131 \u00fcmumi strategiya, m\u00fcdrik siyasi kursdursa, dig\u0259r m\u00fch\u00fcm s\u0259b\u0259b is\u0259 Prezident \u0130lham \u018fliyevin bu stategiyan\u0131 u\u011furla realla\u015fd\u0131rmas\u0131, m\u00fcst\u0259sna bacar\u0131q v\u0259 qabiliyy\u0259ti, Az\u0259rbaycanda v\u0259 d\u00fcnyada ba\u015f ver\u0259n prosesl\u0259r\u0259 t\u0259sir etm\u0259k s\u0259ri\u015ft\u0259si, n\u00fcfuzlu siyas\u0259t\u00e7i v\u0259 d\u00f6vl\u0259t xadimi kimi yeti\u015fm\u0259si, mahir diplomatik gedi\u015fl\u0259ri, bir s\u00f6zl\u0259, d\u00fcnyada tan\u0131nan, \u015f\u0259xsiyy\u0259tin\u0259 v\u0259 f\u0259aliyy\u0259tin\u0259 h\u00f6rm\u0259tl\u0259 yana\u015f\u0131lan lider s\u0259viyy\u0259sin\u0259 y\u00fcks\u0259lm\u0259sidir. Az\u0259rbaycan\u0131n siyasi arenas\u0131 \u00fc\u00e7\u00fcn s\u00f6z\u00fcn h\u0259qiqi m\u0259nas\u0131nda \u00e7ox u\u011furlu d\u00f6vl\u0259t ba\u015f\u00e7\u0131s\u0131 oldu\u011funu s\u00fcbut ed\u0259n c\u0259nab \u0130lham \u018fliyevin Prezidentliyi d\u00f6vr\u00fcnd\u0259 \u0259ld\u0259 olunan m\u00f6ht\u0259\u015f\u0259m nailiyy\u0259tl\u0259rin, qazan\u0131lan q\u0259l\u0259b\u0259l\u0259rin canl\u0131 \u015fahidl\u0259ri kimi q\u0259ti \u0259minlikl\u0259 s\u00f6yl\u0259y\u0259 bil\u0259rik ki, m\u00fcst\u0259qil Az\u0259rbaycan d\u00f6vl\u0259ti bu ill\u0259r \u0259rzind\u0259 bir ne\u00e7\u0259 10 ill\u0259r\u0259 b\u0259rab\u0259r s\u00fcr\u0259tli inki\u015faf yolu ke\u00e7ib. D\u00f6vl\u0259timizin ba\u015f\u00e7\u0131s\u0131n\u0131n y\u00fcr\u00fctd\u00fcy\u00fc u\u011furlu daxili v\u0259 xarici siyas\u0259t bir-birini tamamlayaraq Az\u0259rbaycan\u0131n milli maraqlar\u0131n\u0131n maksimum d\u0259r\u0259c\u0259d\u0259 t\u0259min olunmas\u0131na y\u00f6n\u0259lib. H\u0259m \u00f6lk\u0259 daxilind\u0259 ged\u0259n prosesl\u0259r, h\u0259m d\u0259 Az\u0259rbaycan\u0131n d\u00fcnyada daim m\u00f6hk\u0259ml\u0259n\u0259n m\u00f6vqeyi dem\u0259y\u0259 \u0259sas verir ki, indiy\u0259d\u0259k apar\u0131lm\u0131\u015f v\u0259 bu g\u00fcn d\u0259 d\u00f6nm\u0259d\u0259n davam etdiril\u0259n siyas\u0259t d\u00fczg\u00fcnd\u00fcr v\u0259 xalq\u0131m\u0131z\u0131n maraq v\u0259 m\u0259nafeyin\u0259 uy\u011fundur.<\/p>\n<p>M\u0259hz Prezident \u0130lham \u018fliyevin d\u00fc\u015f\u00fcn\u00fclm\u00fc\u015f v\u0259 m\u0259qs\u0259dy\u00f6nl\u00fc siyas\u0259ti n\u0259tic\u0259sind\u0259 bu g\u00fcn Az\u0259rbaycan qlobal prosesl\u0259rin m\u0259nfi t\u0259sirind\u0259n minimum itkil\u0259rl\u0259 \u00e7\u0131xan azsayl\u0131 \u00f6lk\u0259l\u0259rd\u0259n biri olmaqla yana\u015f\u0131, beyn\u0259lxalq \u0259h\u0259miyy\u0259tli strateji, enerji, n\u0259qliyyat, logistika v\u0259 kommunikasiya qov\u015fa\u011f\u0131na, investorlar\u0131n maraq m\u0259rk\u0259zin\u0259 \u00e7evrilmi\u015fdir. Prezident t\u0259r\u0259find\u0259n apar\u0131lan u\u011furlu, q\u0259tiyy\u0259tli siyas\u0259t, h\u0259yata ke\u00e7iril\u0259n d\u00f6vl\u0259t proqramlar\u0131 v\u0259 iqtisadi layih\u0259l\u0259r Az\u0259rbaycan iqtisadiyyat\u0131n\u0131n dayan\u0131ql\u0131 inki\u015faf\u0131na t\u0259kan verm\u0259kd\u0259dir. Son 20 ild\u0259 iqtisadi art\u0131m dinamikas\u0131na dair r\u0259q\u0259ml\u0259r b\u00fct\u00fcn m\u0259nz\u0259rini ayd\u0131n g\u00f6st\u0259rir. Bel\u0259 ki, \u201cG\u00fccl\u00fc iqtisadiyyat \u0259n \u00f6n\u0259mli \u015f\u0259rtdir\u201d dey\u0259n Prezident \u0130lham \u018fliyevin hakimiyy\u0259ti ill\u0259rind\u0259 Az\u0259rbaycan\u0131n \u00fcmumi daxili m\u0259hsulu real ifad\u0259d\u0259 3,6 d\u0259f\u0259 artm\u0131\u015fd\u0131r. D\u00f6vl\u0259t ba\u015f\u00e7\u0131s\u0131 iqtisadiyyat\u0131n \u015fax\u0259l\u0259ndirilm\u0259sini milli iqtisadiyyat qar\u015f\u0131s\u0131nda \u0259sas \u00e7a\u011f\u0131r\u0131\u015f olaraq qoymu\u015f v\u0259 bu istiqam\u0259td\u0259 g\u00f6r\u00fcl\u0259n i\u015fl\u0259r n\u0259tic\u0259sind\u0259 \u00f6t\u0259n 20 il m\u00fcdd\u0259tind\u0259 qeyri-neft sektoru \u00fczr\u0259 \u00dcDM 3,4 d\u0259f\u0259, d\u00f6vl\u0259t b\u00fcdc\u0259sinin x\u0259rcl\u0259ri 30 d\u0259f\u0259 artm\u0131\u015fd\u0131r. \u018fg\u0259r 2003-c\u00fc ild\u0259 adamba\u015f\u0131na d\u00fc\u015f\u0259n b\u00fcdc\u0259 x\u0259rcl\u0259ri 150 manatdan az idis\u0259, haz\u0131rda bu r\u0259q\u0259m 3500 manatdan \u00e7oxdur. Xarici ticar\u0259t d\u00f6vriyy\u0259si 10,8 d\u0259f\u0259, o c\u00fcml\u0259d\u0259n ixrac 16,1 d\u0259f\u0259 artm\u0131\u015fd\u0131r. 2003-c\u00fc ill\u0259 m\u00fcqayis\u0259d\u0259 2022-ci ild\u0259 adamba\u015f\u0131na d\u00fc\u015f\u0259n \u00dcDM 3 d\u0259f\u0259y\u0259 yax\u0131n artaraq, 13 256 manat t\u0259\u015fkil etmi\u015fdir. Apar\u0131lan \u00e7ox\u015fax\u0259li iqtisadi siyas\u0259t n\u0259tic\u0259sind\u0259 davaml\u0131 iqtisadi inki\u015faf t\u0259min olunmu\u015fdur. Birba\u015fa xarici borcun h\u0259cmi azalaraq haz\u0131rda \u00fcmumi daxili m\u0259hsulun 9,3 faizini t\u0259\u015fkil edir. Az\u0259rbaycan\u0131n xarici valyuta ehtiyatlar\u0131 son 20 ild\u0259 47 d\u0259f\u0259d\u0259n \u00e7ox artaraq 66 mlrd AB\u015e dollar\u0131n\u0131 ke\u00e7mi\u015fdir, v\u0259 haz\u0131rda birba\u015fa xarici borcumuzu 10 d\u0259f\u0259 \u00fcst\u0259l\u0259yir. Bu d\u00f6vr \u0259rzind\u0259 s\u0259rmay\u0259l\u0259rin \u00fcmumi h\u0259cmi 300 milyard AB\u015e dollar\u0131ndan \u00e7oxdur v\u0259 onlardan 190 milyard dollar\u0131 qeyri-enerji sektoruna yat\u0131r\u0131lm\u0131\u015fd\u0131r.<\/p>\n<p>G\u00f6r\u00fclm\u00fc\u015f m\u0259qs\u0259dy\u00f6nl\u00fc t\u0259dbirl\u0259r n\u0259tic\u0259sind\u0259 son 20 ild\u0259 qeyri-neft ixrac\u0131 8 d\u0259f\u0259d\u0259n \u00e7ox artm\u0131\u015fd\u0131r. Bu d\u00f6vr \u0259rzind\u0259 respublika \u00fczr\u0259 51 aqropark yarad\u0131lm\u0131\u015fd\u0131r. \u0130nfrastruktur layih\u0259l\u0259rinin icras\u0131 olaraq \u00f6lk\u0259nin \u00fcmumi elektrik enerjisi sistemin\u0259 daxil olan yeni elektrik stansiyalar\u0131 tikilib istifad\u0259y\u0259 verilmi\u015f, m\u00f6vcud yar\u0131mstansiyalar yenid\u0259n qurulmu\u015f v\u0259 yenil\u0259ri in\u015fa edilmi\u015fdir. \u00dcmumilikd\u0259, son 20 ild\u0259 respublika \u00fczr\u0259 \u00fcmumi g\u00fcc\u00fc 4 min MVt olan 71 yeni elektrik stansiyas\u0131 istismara verilmi\u015fdir. Haz\u0131rda \u00f6lk\u0259d\u0259 \u00fcmumi g\u00fcc\u00fc 8 min MVt olan 93 elektrik stansiyas\u0131 m\u00f6vcuddur. M\u0259hz elektroenergetika sah\u0259sin\u0259 g\u00f6st\u0259ril\u0259n diqq\u0259t v\u0259 ayr\u0131lan d\u00f6vl\u0259t s\u0259rmay\u0259si imkan vermi\u015fdir ki, Az\u0259rbaycan \u00f6z enerji t\u0259hl\u00fck\u0259sizliyini tam t\u0259min etm\u0259kl\u0259 yana\u015f\u0131, elektrik enerjisi ixrac ed\u0259n \u00f6lk\u0259y\u0259 \u00e7evrilsin.<\/p>\n<p>\u018fhalinin sosial m\u00fcdafi\u0259si, x\u00fcsusil\u0259 \u0259n h\u0259ssas kateqoriyadan olan insanlar\u0131n sosial t\u0259minat m\u0259s\u0259l\u0259l\u0259ri, b\u00fct\u00f6vl\u00fckd\u0259 \u0259halinin sosial-iqtisadi rifah hal\u0131n\u0131n yax\u015f\u0131la\u015fd\u0131r\u0131lmas\u0131 Prezident \u0130lham \u018fliyevin daim diqq\u0259t m\u0259rk\u0259zind\u0259 olmu\u015fdur. H\u0259r il d\u00f6vl\u0259t b\u00fcdc\u0259si t\u0259rtib edil\u0259rk\u0259n b\u00fcdc\u0259nin sosial y\u00f6n\u00fcml\u00fc olmas\u0131na x\u00fcsusi diqq\u0259t yetirilmi\u015fdir. Bunun n\u0259tic\u0259sidir ki, 2003-2023-c\u00fc ill\u0259rd\u0259 sosial t\u0259yinatl\u0131 b\u00fcdc\u0259 x\u0259rcl\u0259ri 20 d\u0259f\u0259d\u0259n \u00e7ox artm\u0131\u015fd\u0131r. Prezidentin r\u0259hb\u0259rliyi alt\u0131nda ke\u00e7\u0259n d\u00f6vrd\u0259 orta ayl\u0131q nominal \u0259m\u0259khaqq\u0131 12 d\u0259f\u0259, minimum \u0259m\u0259khaqq\u0131 is\u0259 38 d\u0259f\u0259d\u0259n \u00e7ox artm\u0131\u015fd\u0131r. Son 20 ild\u0259 orta ayl\u0131q pensiya 18 d\u0259f\u0259y\u0259 yax\u0131n, minimum pensiya m\u0259bl\u0259\u011fi is\u0259 14 d\u0259f\u0259 y\u00fcks\u0259lmi\u015fdir. Eyni zamanda, yoxsullu\u011fun azald\u0131lmas\u0131na, m\u0259\u015f\u011fulluq imkanlar\u0131n\u0131n art\u0131r\u0131lmas\u0131na, i\u015fsizliyin aradan qald\u0131r\u0131lmas\u0131na, qa\u00e7q\u0131n v\u0259 m\u0259cburi k\u00f6\u00e7k\u00fcn ail\u0259l\u0259rinin g\u00fcz\u0259ran\u0131n\u0131n yax\u015f\u0131la\u015fd\u0131r\u0131lmas\u0131na y\u00f6n\u0259lmi\u015f ard\u0131c\u0131l t\u0259dbirl\u0259r g\u00f6r\u00fclm\u00fc\u015fd\u00fcr. \u018fg\u0259r 20 il \u0259vv\u0259l yoxsulluq \u015f\u0259raitind\u0259 ya\u015fayan insanlar\u0131n say\u0131 45 faiz\u0259 yax\u0131n idis\u0259, apar\u0131lan i\u015fl\u0259r n\u0259tic\u0259sind\u0259 haz\u0131rda c\u0259mi 5,5 faiz t\u0259\u015fkil edir.<\/p>\n<p>Prezident \u0130lham \u018fliyev d\u00f6vl\u0259timizin ba\u015f\u00e7\u0131s\u0131 kimi 20 illik f\u0259aliyy\u0259ti d\u00f6vr\u00fcnd\u0259 xalqa verdiyi b\u00fct\u00fcn v\u0259dl\u0259ri t\u0259r\u0259dd\u00fcds\u00fcz yerin\u0259 yetirmi\u015fdir. M\u00f6ht\u0259\u015f\u0259m Prezidentlik d\u00f6vr\u00fcn\u00fcn zirv\u0259sind\u0259 t\u0259bii ki, i\u015f\u011fal alt\u0131ndak\u0131 torpaqlar\u0131m\u0131z\u0131n azad olunmas\u0131, \u0259razi b\u00fct\u00f6vl\u00fcy\u00fcm\u00fcz\u00fcn b\u0259rpas\u0131 il\u0259 n\u0259tic\u0259l\u0259nmi\u015f V\u0259t\u0259n m\u00fcharib\u0259si dayan\u0131r. 44 g\u00fcnl\u00fck bu m\u00fcharib\u0259d\u0259 \u0259ld\u0259 olunmu\u015f \u015fanl\u0131 Z\u0259f\u0259r, h\u0259m d\u0259 bu ilin sentyabr\u0131nda Qaraba\u011fda ke\u00e7iril\u0259n antiterror t\u0259dbirl\u0259ri Az\u0259rbaycan d\u00f6vl\u0259ti v\u0259 xalq\u0131 \u00fc\u00e7\u00fcn yeni bir g\u0259l\u0259c\u0259k, yeni bir inki\u015faf m\u0259rh\u0259l\u0259si yarad\u0131b. B\u00fct\u00fcn bunlar\u0131n fonunda \u00f6lk\u0259mizin tarixind\u0259 ilkl\u0259r ya\u015fanmaqdad\u0131r. Bel\u0259 ki, m\u00fcst\u0259qil Az\u0259rbaycan\u0131n tarixind\u0259 ilk d\u0259f\u0259 olaraq b\u00fct\u00fcn \u00f6lk\u0259 \u0259razisind\u0259 prezident se\u00e7kil\u0259ri ke\u00e7iril\u0259c\u0259k. Ona g\u00f6r\u0259 d\u0259 bu se\u00e7kil\u0259r c\u0259miyy\u0259td\u0259 haql\u0131 olaraq Z\u0259f\u0259r se\u00e7kisi kimi s\u0259ciyy\u0259l\u0259ndirilir. N\u00f6vb\u0259d\u0259nk\u0259nar se\u00e7kil\u0259r h\u0259m d\u0259 \u0259razi b\u00fct\u00f6vl\u00fcy\u00fcm\u00fcz\u00fcn v\u0259 suverenliyimizin t\u0259sbitidir.<\/p>\n<p>G\u00f6r\u00fcnd\u00fcy\u00fc kimi, bu g\u00fcn Az\u0259rbaycan xalq\u0131 \u00f6z tarixinin \u0259n \u015f\u0259r\u0259fli v\u0259 q\u00fcrurverici d\u00f6vr\u00fcn\u00fc ya\u015fay\u0131r. Biz qalib xalq\u0131n n\u00fcmay\u0259nd\u0259l\u0259ri, qalib d\u00f6vl\u0259tin v\u0259t\u0259nda\u015flar\u0131y\u0131q. M\u00fcz\u0259ff\u0259r Ali Ba\u015f Komandan Qaraba\u011f\u0131n h\u0259r yerind\u0259 bayra\u011f\u0131m\u0131z\u0131 ucald\u0131b, tarixi \u0259dal\u0259ti v\u0259 \u0259razi b\u00fct\u00f6vl\u00fcy\u00fcn\u00fc b\u0259rpa edib, Az\u0259rbaycan\u0131 \u0259srimizin qalib \u00f6lk\u0259sin\u0259 \u00e7evirib. Az\u0259rbaycan\u00a0Bayra\u011f\u0131 30 il h\u0259sr\u0259tini \u00e7\u0259kdiyimiz tarixi torpaqlar\u0131m\u0131zda \u2013 Qaraba\u011fda q\u00fcrurla dal\u011falan\u0131r. D\u00f6vl\u0259timizin ba\u015f\u00e7\u0131s\u0131 \u015eu\u015fan\u0131, Xank\u0259ndini azad etm\u0259kl\u0259, Qaraba\u011f\u0131 qaytarmaqla, erm\u0259ni terror\u00e7ular\u0131n\u0131 v\u0259 separatizmi torpaqlar\u0131m\u0131zdan tamamil\u0259 silib atmaqla h\u0259r bir az\u0259rbaycanl\u0131n\u0131n q\u0259lbind\u0259 q\u0259hr\u0259manl\u0131q abid\u0259si ucald\u0131b. Bu bir reall\u0131qd\u0131r ki, son bir ne\u00e7\u0259 \u0259srd\u0259 Az\u0259rbaycan tarixind\u0259 \u0130lham \u018fliyev kimi S\u0259rk\u0259rd\u0259 olmay\u0131b.<\/p>\n<p>Bu tarixi hadis\u0259l\u0259rin \u0259h\u0259miyy\u0259ti milli inki\u015faf\u0131m\u0131z\u0131n yeni bir m\u0259rh\u0259l\u0259sinin ba\u015flanmas\u0131 il\u0259 \u0259lam\u0259tdard\u0131r. Bu g\u00fcn Prezident \u0130lham \u018fliyevin r\u0259hb\u0259rliyi il\u0259 h\u0259yata ke\u00e7iril\u0259n d\u00f6vl\u0259t siyas\u0259tinin \u0259n m\u00fch\u00fcm istiqam\u0259ti i\u015f\u011faldan azad edilmi\u015f \u0259razil\u0259rd\u0259 b\u0259rpa-quruculuq i\u015fl\u0259rinin apar\u0131lmas\u0131, m\u00fcasir sosial-m\u0259d\u0259ni infrastrukturun qurulmas\u0131, kommunikasiya v\u0259 n\u0259qliyyat x\u0259tl\u0259rinin b\u0259rpas\u0131d\u0131r. Q\u0259l\u0259b\u0259d\u0259n sonrak\u0131 \u00fc\u00e7 il m\u00fcdd\u0259tind\u0259 Qaraba\u011f v\u0259 \u015e\u0259rqi Z\u0259ng\u0259zur iqtisadi rayonundak\u0131 b\u0259rpa-quruculuq i\u015fl\u0259rin\u0259 d\u00f6vl\u0259t b\u00fcdc\u0259sind\u0259n 7 milyard AB\u015e dollar\u0131 v\u0259sait ayr\u0131lm\u0131\u015fd\u0131r. B\u00f6y\u00fck Qay\u0131d\u0131\u015fa dair I D\u00f6vl\u0259t Proqram\u0131 q\u0259bul edilmi\u015f v\u0259 u\u011furla icra edilir. H\u0259yata ke\u00e7iril\u0259n m\u0259qs\u0259dy\u00f6nl\u00fc v\u0259 geni\u015fmiqyasl\u0131 layih\u0259l\u0259r Qaraba\u011f v\u0259 \u015e\u0259rqi Z\u0259ng\u0259zur iqtisadi rayonlar\u0131n\u0131n s\u00fcr\u0259tl\u0259 dir\u00e7\u0259lm\u0259sin\u0259, \u0259halinin dayan\u0131ql\u0131 m\u0259skunla\u015fmas\u0131na v\u0259 davaml\u0131 iqtisadi aktivliyinin t\u0259min olunmas\u0131na xidm\u0259t edir. Prezident \u0130lham \u018fliyev birinci xan\u0131m Mehriban \u018fliyeva il\u0259 azad edilmi\u015f torpaqlar\u0131m\u0131z\u0131 add\u0131m-add\u0131m, qar\u0131\u015f-qar\u0131\u015f g\u0259z\u0259r\u0259k m\u00f6ht\u0259\u015f\u0259m quruculuq i\u015fl\u0259rin\u0259 bilavasit\u0259 ba\u015f\u00e7\u0131l\u0131q edir. \u018fminlikl\u0259 dem\u0259k olar ki, m\u00fcnaqi\u015f\u0259y\u0259 d\u0259mir yumruqla son n\u00f6qt\u0259ni qoyan, iki \u0259srlik problemi h\u0259ll etmi\u015f Prezident \u0130lham \u018fliyevin Qaraba\u011f\u0131 v\u0259 \u015e\u0259rqi Z\u0259ng\u0259zuru c\u0259nn\u0259t\u0259 \u00e7evirdiyi kimi, Xank\u0259ndi, A\u011fd\u0259r\u0259, Xocav\u0259nd, Xocal\u0131, \u018fsk\u0259ran\u0131n da simas\u0131n\u0131 d\u0259yi\u015f\u0259c\u0259yi g\u00fcn yax\u0131ndad\u0131r.<\/p>\n<p>Bu g\u00fcn d\u00f6vl\u0259timizin ba\u015f\u00e7\u0131s\u0131 b\u00f6lg\u0259mizd\u0259 d\u00fc\u015fm\u0259n\u00e7iliy\u0259 son qoyulmas\u0131, qar\u015f\u0131l\u0131ql\u0131 etimada \u0259saslanan davaml\u0131 s\u00fclh\u0259, dincliy\u0259, \u0259min-amanl\u0131\u011fa nail olunmas\u0131 u\u011frunda t\u0259\u015f\u0259bb\u00fcsl\u0259r ir\u0259li s\u00fcr\u00fcr, \u00e7al\u0131\u015f\u0131r, m\u00fcbariz\u0259 apar\u0131r. Xalq\u0131m\u0131z bu m\u00fcbariz\u0259nin d\u0259 C\u0259nubi Qafqazda sabitlik v\u0259 inki\u015faf \u00fc\u00e7\u00fcn z\u0259ruri \u015f\u0259raitin yarad\u0131lmas\u0131na xidm\u0259t ed\u0259c\u0259yin\u0259 \u0259mindir.<\/p>\n","protected":false},"excerpt":{"rendered":"<p>Az\u0259rbaycan\u0131n bu g\u00fcn\u00fc v\u0259 g\u0259l\u0259c\u0259k taleyi bax\u0131m\u0131ndan \u00f6n\u0259mli tarixi hadis\u0259 olan 2024-c\u00fc il fevral\u0131n 7-d\u0259 ke\u00e7iril\u0259c\u0259k n\u00f6vb\u0259d\u0259nk\u0259nar prezident se\u00e7kil\u0259ri yadda\u015flara iqtidar &#8211; xalq birliyinin daha bir parlaq t\u0259c\u0259ss\u00fcm\u00fc, xalq\u0131m\u0131z\u0131n \u00f6z liderin\u0259 olan sonsuz inam v\u0259 etibar\u0131n\u0131n, d\u0259rin m\u0259h\u0259bb\u0259tinin \u0259yani t\u0259sdiqi kimi h\u0259kk olunacaq Az\u0259rbaycan\u0131n \u0259ld\u0259 etdiyi m\u00f6ht\u0259\u015f\u0259m u\u011furlar\u0131 t\u0259min ed\u0259n \u0259sas s\u0259b\u0259b Ulu \u00d6nd\u0259r Heyd\u0259r \u018fliyevin d\u0259qiqlikl\u0259 i\u015fl\u0259yib haz\u0131rlad\u0131\u011f\u0131 \u00fcmumi strategiya, m\u00fcdrik siyasi kursdursa, dig\u0259r m\u00fch\u00fcm s\u0259b\u0259b is\u0259 Prezident \u0130lham \u018fliyevin bu stategiyan\u0131 u\u011furla realla\u015fd\u0131rmas\u0131, m\u00fcst\u0259sna bacar\u0131q v\u0259 qabiliyy\u0259ti, Az\u0259rbaycanda v\u0259 d\u00fcnyada ba\u015f ver\u0259n prosesl\u0259r\u0259 t\u0259sir etm\u0259k s\u0259ri\u015ft\u0259si, n\u00fcfuzlu siyas\u0259t\u00e7i&hellip;<\/p>\n","protected":false},"author":2,"featured_media":668051,"comment_status":"closed","ping_status":"closed","sticky":false,"template":"","format":"standard","meta":{"om_disable_all_campaigns":false,"_monsterinsights_skip_tracking":false,"_monsterinsights_sitenote_active":false,"_monsterinsights_sitenote_note":"","_monsterinsights_sitenote_category":0},"categories":[19],"tags":[],"aioseo_notices":[],"gutentor_comment":0,"rttpg_featured_image_url":{"full":["https:\/\/arantv.az\/wp-content\/uploads\/2023\/12\/194cf6c2169734829815843011210629454.jpg",975,540,false],"landscape":["https:\/\/arantv.az\/wp-content\/uploads\/2023\/12\/194cf6c2169734829815843011210629454.jpg",975,540,false],"portraits":["https:\/\/arantv.az\/wp-content\/uploads\/2023\/12\/194cf6c2169734829815843011210629454.jpg",975,540,false],"thumbnail":["https:\/\/arantv.az\/wp-content\/uploads\/2023\/12\/194cf6c2169734829815843011210629454-500x280.jpg",500,280,true],"medium":["https:\/\/arantv.az\/wp-content\/uploads\/2023\/12\/194cf6c2169734829815843011210629454-660x365.jpg",660,365,true],"large":["https:\/\/arantv.az\/wp-content\/uploads\/2023\/12\/194cf6c2169734829815843011210629454-840x465.jpg",640,354,true],"1536x1536":["https:\/\/arantv.az\/wp-content\/uploads\/2023\/12\/194cf6c2169734829815843011210629454.jpg",975,540,false],"2048x2048":["https:\/\/arantv.az\/wp-content\/uploads\/2023\/12\/194cf6c2169734829815843011210629454.jpg",975,540,false],"post-thumbnail":["https:\/\/arantv.az\/wp-content\/uploads\/2023\/12\/194cf6c2169734829815843011210629454-240x172.jpg",240,172,true],"advps-thumb-one":["https:\/\/arantv.az\/wp-content\/uploads\/2023\/12\/194cf6c2169734829815843011210629454.jpg",975,540,false]},"rttpg_author":{"display_name":"V\u00fcsal Rafiqo\u011flu","author_link":"https:\/\/arantv.az\/?author=2"},"rttpg_comment":0,"rttpg_category":"<a href=\"https:\/\/arantv.az\/?cat=19\" rel=\"category\">G\u00fcnd\u0259m<\/a>","rttpg_excerpt":"Az\u0259rbaycan\u0131n bu g\u00fcn\u00fc v\u0259 g\u0259l\u0259c\u0259k taleyi bax\u0131m\u0131ndan \u00f6n\u0259mli tarixi hadis\u0259 olan 2024-c\u00fc il fevral\u0131n 7-d\u0259 ke\u00e7iril\u0259c\u0259k n\u00f6vb\u0259d\u0259nk\u0259nar prezident se\u00e7kil\u0259ri yadda\u015flara iqtidar &#8211; xalq birliyinin daha bir parlaq t\u0259c\u0259ss\u00fcm\u00fc, xalq\u0131m\u0131z\u0131n \u00f6z liderin\u0259 olan sonsuz inam v\u0259 etibar\u0131n\u0131n, d\u0259rin m\u0259h\u0259bb\u0259tinin \u0259yani t\u0259sdiqi kimi h\u0259kk olunacaq Az\u0259rbaycan\u0131n \u0259ld\u0259 etdiyi m\u00f6ht\u0259\u015f\u0259m u\u011furlar\u0131 t\u0259min ed\u0259n \u0259sas s\u0259b\u0259b Ulu \u00d6nd\u0259r Heyd\u0259r&hellip;","_links":{"self":[{"href":"https:\/\/arantv.az\/index.php?rest_route=\/wp\/v2\/posts\/668050"}],"collection":[{"href":"https:\/\/arantv.az\/index.php?rest_route=\/wp\/v2\/posts"}],"about":[{"href":"https:\/\/arantv.az\/index.php?rest_route=\/wp\/v2\/types\/post"}],"author":[{"embeddable":true,"href":"https:\/\/arantv.az\/index.php?rest_route=\/wp\/v2\/users\/2"}],"replies":[{"embeddable":true,"href":"https:\/\/arantv.az\/index.php?rest_route=%2Fwp%2Fv2%2Fcomments&post=668050"}],"version-history":[{"count":0,"href":"https:\/\/arantv.az\/index.php?rest_route=\/wp\/v2\/posts\/668050\/revisions"}],"wp:featuredmedia":[{"embeddable":true,"href":"https:\/\/arantv.az\/index.php?rest_route=\/wp\/v2\/media\/668051"}],"wp:attachment":[{"href":"https:\/\/arantv.az\/index.php?rest_route=%2Fwp%2Fv2%2Fmedia&parent=668050"}],"wp:term":[{"taxonomy":"category","embeddable":true,"href":"https:\/\/arantv.az\/index.php?rest_route=%2Fwp%2Fv2%2Fcategories&post=668050"},{"taxonomy":"post_tag","embeddable":true,"href":"https:\/\/arantv.az\/index.php?rest_route=%2Fwp%2Fv2%2Ftags&post=668050"}],"curies":[{"name":"wp","href":"https:\/\/api.w.org\/{rel}","templated":true}]}}