{"id":668053,"date":"2023-12-13T10:01:48","date_gmt":"2023-12-13T06:01:48","guid":{"rendered":"https:\/\/arantv.az\/?p=668053"},"modified":"2023-12-13T10:01:48","modified_gmt":"2023-12-13T06:01:48","slug":"bizim-siyas%c9%99timiz-butun-olk%c9%99l%c9%99r%c9%99-dost-munasib%c9%99tin-numayis-etdirilm%c9%99sin%c9%99-h%c9%99d%c9%99fl%c9%99nib","status":"publish","type":"post","link":"https:\/\/arantv.az\/?p=668053","title":{"rendered":"Bizim siyas\u0259timiz b\u00fct\u00fcn \u00f6lk\u0259l\u0259r\u0259 dost m\u00fcnasib\u0259tin n\u00fcmayi\u015f etdirilm\u0259sin\u0259 h\u0259d\u0259fl\u0259nib"},"content":{"rendered":"<p><em><strong>Prezident \u0130lham \u018fliyev \u201cEuronews\u201d televiziyas\u0131na m\u00fcsahib\u0259sind\u0259 bir daha bildirmi\u015fdir ki, Az\u0259rbaycan bu g\u00fcn b\u00f6y\u00fck beyn\u0259lxalq potensiala, m\u00fcsb\u0259t reputasiyaya malik \u00f6lk\u0259dir<\/strong><\/em><\/p>\n<p>Az\u0259rbaycan tarixi Z\u0259f\u0259rinin reall\u0131qlar\u0131n\u0131 ya\u015fay\u0131r. \u015eanl\u0131 Q\u0259l\u0259b\u0259mizd\u0259n sonra \u00f6lk\u0259mizin beyn\u0259lxalq m\u00fcnasib\u0259tl\u0259r sistemind\u0259 yerinin v\u0259 rolunun daha da m\u00f6hk\u0259ml\u0259nm\u0259si diqq\u0259td\u0259n k\u0259narda qalm\u0131r. Bu, ikit\u0259r\u0259fli v\u0259 beyn\u0259lxalq t\u0259\u015fkilatlar \u00e7\u0259r\u00e7iv\u0259sind\u0259 \u0259laq\u0259l\u0259rin y\u00fcks\u0259l\u0259n x\u0259tl\u0259 inki\u015faf\u0131nda, ev sahibliyi etdiyi t\u0259dbirl\u0259rin davaml\u0131l\u0131\u011f\u0131nda \u00f6z\u00fcn\u00fcn ayd\u0131n ifad\u0259sini tap\u0131r.\u00a0Z\u0259f\u0259rimizin yaratd\u0131\u011f\u0131 reall\u0131qlar d\u00fcnya siyas\u0259tinin yenid\u0259n formala\u015fd\u0131r\u0131lmas\u0131n\u0131 bir z\u0259rur\u0259t\u0259 \u00e7evirdi. Az\u0259rbaycan\u0131n d\u00fcnyan\u0131n yeni xarici siyas\u0259tinin m\u00fczakir\u0259si \u00fc\u00e7\u00fcn ideal m\u0259kan kimi q\u0259bul olunmas\u0131, d\u00f6vr\u00fcn \u0259sas \u00e7a\u011f\u0131r\u0131\u015flar\u0131n\u0131n \u00f6lk\u0259mizd\u0259 m\u00fczakir\u0259 edil\u0259r\u0259k t\u0259cr\u00fcb\u0259sinin y\u00fcks\u0259k d\u0259y\u0259rl\u0259ndirilm\u0259si, b\u00f6y\u00fckl\u00fcy\u00fcnd\u0259n, ki\u00e7ikliyind\u0259n as\u0131l\u0131 olmayaraq b\u00fct\u00fcn d\u00f6vl\u0259tl\u0259rl\u0259 b\u0259rab\u0259rh\u00fcquqlu, qar\u015f\u0131l\u0131ql\u0131 h\u00f6rm\u0259t v\u0259 maraqlar prinsipl\u0259ri \u0259sas\u0131nda \u0259m\u0259kda\u015fl\u0131q \u0259laq\u0259l\u0259ri qurmas\u0131 d\u00fcnya birliyinin f\u0259al \u00fczv\u00fc kimi artan n\u00fcfuzunun g\u00f6st\u0259ricisidir.<\/p>\n<p>Beyn\u0259lxalq s\u0259viyy\u0259d\u0259 Az\u0259rbaycanla ba\u011fl\u0131 s\u0259sl\u0259ndiril\u0259n fikirl\u0259r \u00f6lk\u0259mizin h\u0259yata ke\u00e7irdiyi siyas\u0259tin n\u00fcmun\u0259 olmas\u0131 v\u0259 \u00f6yr\u0259nilm\u0259sinin vacibliyi bar\u0259d\u0259 ayd\u0131n t\u0259s\u0259vv\u00fcr yarad\u0131r. Bildirilir ki, Az\u0259rbaycan \u00e7ox nadir bir \u00f6lk\u0259 olaraq \u00f6z\u00fcnd\u0259 \u0259n\u0259n\u0259 v\u0259 m\u00fcasirliyi birl\u0259\u015fdirir. \u00d6lk\u0259mizin \u0259dal\u0259t\u0259 v\u0259 beyn\u0259lxalq h\u00fcquqa \u0259saslanan m\u00fcst\u0259qil siyas\u0259tinin u\u011furlar\u0131 davaml\u0131l\u0131\u011f\u0131 il\u0259 diqq\u0259td\u0259dir. Bu g\u00fcn \u00f6lk\u0259miz, eyni zamanda, Avrasiya regionunun n\u0259qliyyat v\u0259 logistika qov\u015fa\u011f\u0131 rolunu oynamas\u0131 \u00fc\u00e7\u00fcn m\u00fch\u00fcm add\u0131mlar at\u0131r. Az\u0259rbaycan\u0131n \u015e\u0259rq v\u0259 Q\u0259rb, eyni zamanda, \u015eimal v\u0259 C\u0259nub t\u0259r\u0259fda\u015flar\u0131n\u0131 birl\u0259\u015fdirm\u0259k m\u0259qs\u0259di b\u00fct\u00fcnl\u00fckd\u0259 regionda v\u0259 d\u00fcnyada \u0259m\u0259kda\u015fl\u0131q \u0259laq\u0259l\u0259rinin m\u00f6hk\u0259ml\u0259nm\u0259sin\u0259 xidm\u0259t edir. Tarixi Z\u0259f\u0259rimizd\u0259n sonra g\u00fcn\u00fcm\u00fcz\u00fcn \u0259sas m\u00fczakir\u0259 m\u00f6vzular\u0131ndan olan Z\u0259ng\u0259zur d\u0259hlizinin a\u00e7\u0131lmas\u0131 da \u00f6lk\u0259mizin regionda v\u0259 d\u00fcnyada artan n\u00fcfuzuna \u00f6z m\u00fcsb\u0259t t\u0259sirini g\u00f6st\u0259r\u0259c\u0259k. Z\u0259ng\u0259zur d\u0259hlizi haz\u0131rk\u0131 d\u00f6vr\u00fcn \u0259sas \u00e7a\u011f\u0131r\u0131\u015flar\u0131 s\u0131ras\u0131nda x\u00fcsusi yer tutan t\u00fcrk d\u00f6vl\u0259tl\u0259rinin h\u0259mr\u0259ylik k\u00f6rp\u00fcs\u00fc kimi d\u0259y\u0259rl\u0259ndirilir.<\/p>\n<p>Qeyd etdiyimiz kimi, Az\u0259rbaycan iqtisadi, siyasi, humanitar m\u0259rk\u0259z\u0259 \u00e7evrilib. M\u00fcxt\u0259lif m\u0259d\u0259niyy\u0259tl\u0259rin, dinl\u0259rin qovu\u015fu\u011funda yerl\u0259\u015f\u0259n Az\u0259rbaycan sivilizasiyalararas\u0131 dialoq m\u0259kan\u0131 olmaqla yana\u015f\u0131, iqtisadi inki\u015faf modeli il\u0259 d\u00fcnyan\u0131n diqq\u0259tind\u0259dir. Dayan\u0131ql\u0131 dinamizmin Az\u0259rbaycanda m\u00fczakir\u0259 olunmas\u0131 \u00f6lk\u0259mizin davaml\u0131 inki\u015faf\u0131na yol a\u00e7an t\u0259kmil sosial-iqtisadi islahatlar\u0131na s\u00f6yk\u0259nir. H\u0259r zaman vur\u011fuland\u0131\u011f\u0131 kimi, b\u00fct\u00fcn sah\u0259l\u0259rd\u0259 dinamizm inki\u015fafa s\u0259b\u0259b olur. D\u00f6vl\u0259timizin siyas\u0259tind\u0259 t\u0259kmill\u0259\u015fm\u0259nin, yenil\u0259\u015fm\u0259nin prioritetliyi Az\u0259rbaycan\u0131n beyn\u0259lxalq al\u0259md\u0259 yenilik\u00e7i, islahat\u00e7\u0131 \u00f6lk\u0259 kimi tan\u0131nmas\u0131na v\u0259 n\u00fcfuz qazanmas\u0131na s\u0259b\u0259b olur. M\u0259hz u\u011furlar\u0131m\u0131za \u0259saslanaraq Az\u0259rbaycan\u0131 inki\u015faf etmi\u015f \u00f6lk\u0259l\u0259r s\u0131ras\u0131nda g\u00f6rm\u0259k ist\u0259yimizi realla\u015fd\u0131rmaq istiqam\u0259tind\u0259 u\u011furlu add\u0131mlar at\u0131l\u0131r. \u00d6lk\u0259mizin D\u00fcnya \u0130qtisadi Forumunun hesabatlar\u0131nda daim liderliyini qorumas\u0131 da deyil\u0259nl\u0259rin t\u0259sdiqidir.<\/p>\n<p>\u201cEuronews\u201d televiziyas\u0131na m\u00fcsahib\u0259sind\u0259 \u00abBeyn\u0259lxalq arenada biz m\u00fcst\u0259qil siyas\u0259t y\u00fcr\u00fctm\u0259y\u0259 davam ed\u0259c\u0259yik. Biz d\u00f6rd\u00fcnc\u00fc ildir ki, BMT-d\u0259n sonra ikinci \u0259n b\u00f6y\u00fck beyn\u0259lxalq t\u0259sisat olan Qo\u015fulmama H\u0259r\u0259kat\u0131na s\u0259drlik edirik. Bir \u00e7ox \u00fczv \u00f6lk\u0259nin &#8211; 120 \u00fczv \u00f6lk\u0259nin \u00fcmumi r\u0259yin\u0259 \u0259sas\u0259n Az\u0259rbaycan Qo\u015fulmama H\u0259r\u0259kat\u0131na yeni \u00f6l\u00e7\u00fc v\u0259 dinamika verm\u0259kd\u0259 \u00f6n\u0259mli rol oynam\u0131\u015fd\u0131r\u00bb s\u00f6yl\u0259y\u0259n d\u00f6vl\u0259t ba\u015f\u00e7\u0131s\u0131 \u0130lham \u018fliyev onu da \u0259lav\u0259 etmi\u015fdir ki, Qo\u015fulmama H\u0259r\u0259kat\u0131n\u0131n institusional inki\u015faf\u0131 il\u0259 ba\u011fl\u0131 \u00e7oxlu add\u0131mlar atd\u0131q, parlament v\u0259 g\u0259ncl\u0259r platformalar\u0131n\u0131 yaratd\u0131q, qad\u0131nlar \u00fc\u00e7\u00fcn platforman\u0131n yarad\u0131lmas\u0131 \u00fcz\u0259rind\u0259 i\u015fl\u0259dik. COVID pandemiyas\u0131 m\u0259s\u0259l\u0259si il\u0259 ba\u011fl\u0131 \u00e7ox f\u0259al olmaqla 80-d\u0259n \u00e7ox \u00f6lk\u0259y\u0259 yard\u0131m etdik. Qo\u015fulmama H\u0259r\u0259kat\u0131nda s\u0259drliyimiz biz\u0259 siyas\u0259timizi, imkanlar\u0131m\u0131z\u0131 n\u00fcmayi\u015f etdirm\u0259y\u0259 \u015f\u0259rait yaratd\u0131. S\u0259drliyimiz yekdil q\u0259rarla \u0259lav\u0259 bir il uzad\u0131lm\u0131\u015fd\u0131r. 120 \u00f6lk\u0259, onlar\u0131n he\u00e7 d\u0259 ham\u0131s\u0131 bir-biri il\u0259 yax\u015f\u0131 m\u00fcnasib\u0259td\u0259 deyil, lakin Az\u0259rbaycana g\u0259ldikd\u0259 onlar\u0131n ham\u0131s\u0131 yekdillikl\u0259 d\u0259st\u0259kl\u0259di. Bu, beyn\u0259lxalq d\u0259st\u0259yi \u0259n yax\u015f\u0131 \u015f\u0259kild\u0259 n\u00fcmayi\u015f etdirir.<\/p>\n<p>Az\u0259rbaycan qon\u015fular\u0131 il\u0259 m\u00fcnasib\u0259tl\u0259rini yax\u015f\u0131 balansla\u015fd\u0131r\u0131b. Bu \u0259laq\u0259l\u0259r dostlu\u011fa v\u0259 qar\u015f\u0131l\u0131ql\u0131 mara\u011fa \u0259saslan\u0131r. \u00d6lk\u0259mizin Avropa t\u0259sisatlar\u0131 il\u0259 m\u00fcnasib\u0259tl\u0259rinin m\u00fcsb\u0259t dinamikas\u0131 var. H\u0259r zaman qeyd etdiyimiz kimi, bu \u0259laq\u0259l\u0259rd\u0259 enerji amili \u0259sas yer tutur. D\u00f6vl\u0259t ba\u015f\u00e7\u0131s\u0131 \u0130lham \u018fliyevin s\u00f6zuged\u0259n m\u00fcsahib\u0259sind\u0259 \u0259sas diqq\u0259t g\u00f6st\u0259rdiyi m\u0259s\u0259l\u0259 m\u0259hz \u00f6lk\u0259mizin iqtisadi imkanlar\u0131, d\u00fcnyan\u0131n enerji t\u0259hl\u00fck\u0259sizliyinin t\u0259minat\u0131na verdiyi t\u00f6hf\u0259l\u0259r oldu. Enerji layih\u0259l\u0259ri d\u00f6vl\u0259tl\u0259r, xalqlar aras\u0131nda \u0259m\u0259kda\u015fl\u0131q v\u0259 dostluq k\u00f6rp\u00fcs\u00fc rolunu oynay\u0131r. H\u0259r g\u00fcnd\u0259m\u0259 g\u0259tiril\u0259n yeni layih\u0259 bu k\u00f6rp\u00fcn\u00fcn daha da m\u00f6hk\u0259ml\u0259ndirilm\u0259sin\u0259 \u0259h\u0259miyy\u0259tli rol oynay\u0131r. Bu g\u00fcn Avropa \u0130ttifaq\u0131-Az\u0259rbaycan \u0259m\u0259kda\u015fl\u0131\u011f\u0131 u\u011furla inki\u015faf edir. Avropa \u0130ttifaq\u0131 \u00f6lk\u0259mizin \u0259sas ticar\u0259t t\u0259r\u0259fda\u015f\u0131d\u0131r. Avropa \u0130ttifaq\u0131n\u0131n 9 \u00fczv \u00f6lk\u0259si il\u0259 Az\u0259rbaycan art\u0131q strateji t\u0259r\u0259fda\u015fl\u0131q haqq\u0131nda b\u0259yanatlar imzalay\u0131b. Bu, \u00fczv d\u00f6vl\u0259tl\u0259rin \u00fc\u00e7d\u0259 biridir. Bu, onu g\u00f6st\u0259rir ki, Avropa \u0130ttifaq\u0131 da bizim kimi \u0259m\u0259kda\u015fl\u0131qda maraql\u0131d\u0131r.<\/p>\n<p>Az\u0259rbaycan\u0131n xarici siyas\u0259tind\u0259 t\u00fcrk d\u00fcnyas\u0131 il\u0259 birlik, h\u0259mr\u0259ylik v\u0259 t\u0259r\u0259fda\u015fl\u0131q x\u00fcsusi yer tutur. Az\u0259rbaycan\u0131n T\u00fcrk D\u00f6vl\u0259tl\u0259ri T\u0259\u015fkilat\u0131, h\u0259m\u00e7inin quruma \u00fczv d\u00f6vl\u0259tl\u0259rl\u0259 \u0259laq\u0259l\u0259ri y\u00fcks\u0259l\u0259n x\u0259tl\u0259 inki\u015faf edir D\u00f6vl\u0259t ba\u015f\u00e7\u0131s\u0131 \u0130lham \u018fliyev daim bu \u00e7a\u011f\u0131r\u0131\u015f\u0131 edir ki, biz birlikd\u0259 g\u00fccl\u00fcy\u00fck. D\u00fcnya Az\u0259rbaycan-T\u00fcrkiy\u0259 dostlu\u011funun, qarda\u015fl\u0131\u011f\u0131n\u0131n timsal\u0131nda \u00fcmumilikd\u0259 t\u00fcrk d\u00fcnyas\u0131n\u0131n birliyinin \u015fahidi olur. Bu birlik \u00f6z\u00fcn\u00fcn ayd\u0131n ifad\u0259sini i\u015f\u011faldan azad edilmi\u015f \u0259razil\u0259rimizd\u0259 apar\u0131lan b\u0259rpa-quruculuq i\u015fl\u0259rind\u0259 d\u0259 tap\u0131r. H\u0259l\u0259 tarixi Z\u0259f\u0259rimizin d\u00fcnyaya t\u0259qdimat\u0131 olan Z\u0259f\u0259r parad\u0131nda T\u00fcrkiy\u0259 Prezidenti R\u0259c\u0259b Tayyib \u018frdo\u011fan bildirmi\u015fdir: \u00abR\u0259bbim\u0259 bizl\u0259r\u0259 bu g\u00fcnl\u0259ri ya\u015fatd\u0131\u011f\u0131 \u00fc\u00e7\u00fcn sonsuz \u015f\u00fck\u00fcr edir\u0259m. Bu g\u00fcn burada b\u00fct\u00fcn q\u0259lbiml\u0259 bir daha t\u0259krarlamaq ist\u0259yir\u0259m: Qaraba\u011f Az\u0259rbaycand\u0131r! Qaraba\u011f art\u0131q Ana V\u0259t\u0259nin\u0259 qovu\u015fmu\u015f, otuz illik h\u0259sr\u0259t sona \u00e7atm\u0131\u015fd\u0131r. T\u00fcrkiy\u0259 v\u0259 Az\u0259rbaycan olaraq bundan sonrak\u0131 h\u0259d\u0259fimiz bu torpaqlar\u0131 daha abad, daha inki\u015faf etmi\u015f, u\u015faqlar\u0131m\u0131z\u0131n daha yax\u015f\u0131 ya\u015fayaca\u011f\u0131 bir yer\u0259 \u00e7evirm\u0259k \u00fc\u00e7\u00fcn m\u00fcbariz\u0259 aparmaqd\u0131r. T\u00fcrkiy\u0259 v\u0259 Az\u0259rbaycan k\u00fcr\u0259k-k\u00fcr\u0259y\u0259 verdikc\u0259 Allah\u0131n izni il\u0259 \u00e7\u0259tinlikl\u0259rin \u00f6hd\u0259sind\u0259n g\u0259lm\u0259y\u0259, u\u011furdan-u\u011fura \u00e7atma\u011fa davam ed\u0259c\u0259kdir.\u00bb Tarixi Z\u0259f\u0259rimizd\u0259n sonra Az\u0259rbaycan v\u0259 T\u00fcrkiy\u0259nin dostlu\u011funun, qarda\u015fl\u0131\u011f\u0131n\u0131n, m\u00fctt\u0259fiqliyinin r\u0259smi t\u0259sdiqi olan \u015eu\u015fa B\u0259yannam\u0259sinin imzalanmas\u0131il\u0259 m\u00fcnasib\u0259tl\u0259rimizd\u0259 yeni m\u0259rh\u0259l\u0259nin \u0259sas\u0131 qoyuldu.<\/p>\n<p>T\u0259hlill\u0259r \u0259sas\u0131nda bu fikir x\u00fcsusi qeyd edilir ki, tarixi Z\u0259f\u0259rimiz regionda v\u0259 d\u00fcnyada yeni reall\u0131qlar yaratmaqla yana\u015f\u0131, t\u00fcrk ail\u0259sinin birliyin\u0259 d\u0259 \u00f6z m\u00fcsb\u0259t t\u0259sirini g\u00f6st\u0259rdi. Bunun \u00fc\u00e7\u00fcn d\u00f6vl\u0259t ba\u015f\u00e7\u0131s\u0131 \u0130lham \u018fliyevin t\u00fcrkdilli d\u00f6vl\u0259tl\u0259r\u0259 davaml\u0131 s\u0259f\u0259rl\u0259rin\u0259, h\u0259m\u00e7inin h\u0259min \u00f6lk\u0259l\u0259rin d\u00f6vl\u0259t ba\u015f\u00e7\u0131lar\u0131n\u0131n Az\u0259rbaycana s\u0259f\u0259rl\u0259rinin say t\u0259rkibin\u0259, imzalanan s\u0259n\u0259dl\u0259r\u0259 diqq\u0259t yetirm\u0259k kifay\u0259tdir. H\u0259r bir s\u0259n\u0259d m\u00fcnasib\u0259tl\u0259rin inki\u015faf\u0131nda h\u00fcquqi bazad\u0131r. D\u00f6vl\u0259t ba\u015f\u00e7\u0131s\u0131 \u0130lham \u018fliyevin \u00e7a\u011f\u0131r\u0131\u015flar\u0131 s\u0131ras\u0131nda bu m\u0259qam da x\u00fcsusi qeyd edilirdi ki, bir t\u00fcrkdilli d\u00f6vl\u0259tin problemi dig\u0259rinin problemi kimi q\u0259bul olunmal\u0131 v\u0259 birg\u0259 s\u0259yl\u0259r g\u00f6st\u0259rm\u0259lidirl\u0259r.<\/p>\n<p>\u00abBizim siyas\u0259timiz h\u0259mi\u015f\u0259 kim\u0259s\u0259 d\u0259st\u0259k laz\u0131m olduqda ona d\u0259st\u0259yin g\u00f6st\u0259rilm\u0259sin\u0259 v\u0259 b\u00fct\u00fcn \u00f6lk\u0259l\u0259r\u0259 dost m\u00fcnasib\u0259tin n\u00fcmayi\u015f etdirilm\u0259sin\u0259 h\u0259d\u0259fl\u0259nib. \u0130ndi is\u0259 &#8211; \u0259razi b\u00fct\u00f6vl\u00fcy\u00fcm\u00fcz v\u0259 suverenliyimizin b\u0259rpas\u0131ndan sonra Az\u0259rbaycan\u0131n beyn\u0259lxalq arenada imkanlar\u0131, \u0259lb\u0259tt\u0259 ki, qat-qat b\u00f6y\u00fck olacaq\u00bb s\u00f6yl\u0259y\u0259n c\u0259nab \u0130lham \u018fliyev bildirir ki, d\u00f6y\u00fc\u015f meydan\u0131nda \u00f6z \u0259razisini, \u00f6z l\u0259yaq\u0259tini qorumu\u015f, Birl\u0259\u015fmi\u015f Mill\u0259tl\u0259r T\u0259\u015fkilat\u0131n\u0131n T\u0259hl\u00fck\u0259sizlik \u015euras\u0131n\u0131n q\u0259tnam\u0259l\u0259rini \u00f6z\u00fc yerin\u0259 yetirmi\u015f Az\u0259rbaycan\u0131n n\u00fcfuzu daha da art\u0131b. Prezident \u0130lham \u018fliyev \u00abSiz regionunuzda n\u0259yi m\u00fc\u015fahid\u0259 edirsiniz &#8211; r\u0259qab\u0259t, yoxsa \u0259m\u0259kda\u015fl\u0131q\u00bb sual\u0131na cavab\u0131nda bildirmi\u015fdir ki, Az\u0259rbaycana g\u0259ldikd\u0259 \u0259m\u0259kda\u015fl\u0131q g\u00f6r\u00fcr\u0259m. Bu da \u00f6lk\u0259mizin siyas\u0259ti il\u0259 ba\u011fl\u0131d\u0131r. H\u0259r zaman Az\u0259rbaycan\u0131 ist\u0259nil\u0259n r\u0259qab\u0259td\u0259n, geosiyasi m\u00fcbariz\u0259d\u0259n v\u0259 ya b\u00f6y\u00fck d\u00f6vl\u0259tl\u0259rin toqqu\u015fmas\u0131ndan qorumaq ist\u0259mi\u015fik v\u0259 buna m\u00fcv\u0259ff\u0259q olmu\u015fuq. Az\u0259rbaycan bir \u00e7ox b\u00f6y\u00fck beyn\u0259lxalq oyun\u00e7ular t\u0259r\u0259find\u0259n etibarl\u0131 t\u0259r\u0259fda\u015f hesab edilir. \u018fm\u0259kda\u015fl\u0131\u011f\u0131n real n\u0259tic\u0259l\u0259rini g\u00f6r\u00fcr\u00fck. Az\u0259rbaycanda enerji sah\u0259sinin inki\u015faf\u0131na n\u0259z\u0259r yetirdikd\u0259 geni\u015f beyn\u0259lxalq t\u0259msil\u00e7iliyi g\u00f6r\u00fcr\u00fck.<\/p>\n<p>Az\u0259rbaycan m\u00fcst\u0259qil xarici v\u0259 daxili siyas\u0259t\u0259 malik \u00f6lk\u0259dir. Bu siyas\u0259t milli maraqlara \u0259saslan\u0131r. \u018fsas amill\u0259rd\u0259n biri \u00f6lk\u0259ni qar\u015f\u0131durma, yaxud r\u0259qab\u0259t arenas\u0131na \u00e7evirm\u0259m\u0259kl\u0259 d\u00f6vl\u0259ti m\u0259nfi xarici t\u0259sird\u0259n v\u0259 daxili i\u015fl\u0259r\u0259 m\u00fcdaxil\u0259d\u0259n qorumaqd\u0131r. Az\u0259rbaycan bu riskl\u0259ri azaltma\u011f\u0131 u\u011furla bacard\u0131. Bu g\u00fcn Az\u0259rbaycan b\u00f6y\u00fck beyn\u0259lxalq potensiala, m\u00fcsb\u0259t reputasiyaya malik \u00f6lk\u0259dir. El\u0259 bir \u00f6lk\u0259 ki, son 20 ild\u0259 300 milyard dollardan art\u0131q s\u0259rmay\u0259 c\u0259lb ed\u0259 bilib.<\/p>\n<p>\u00d6lk\u0259mizin qit\u0259 d\u00f6vl\u0259tl\u0259ri \u00fc\u00e7\u00fcn etibarl\u0131 t\u0259r\u0259fda\u015f olmas\u0131 d\u0259f\u0259l\u0259rl\u0259 t\u0259sdiq olunmu\u015f h\u0259qiq\u0259tdir. Prezident \u0130lham \u018fliyev \u00f6lk\u0259mizin daim mara\u011f\u0131nda olan enerji layih\u0259l\u0259rinin \u015fax\u0259l\u0259ndirilm\u0259si prinsipinin diqq\u0259td\u0259 saxlan\u0131laca\u011f\u0131n\u0131 vur\u011fulamaqla qeyd edir ki, Avropa Az\u0259rbaycan qaz\u0131 \u00fc\u00e7\u00fcn m\u00fch\u00fcm bazara \u00e7evril\u0259c\u0259k. D\u00f6vl\u0259t ba\u015f\u00e7\u0131s\u0131 bir m\u0259qam\u0131 da x\u00fcsusi qeyd edir ki, birinci b\u00f6y\u00fck layih\u0259l\u0259rin icras\u0131 n\u0259tic\u0259sind\u0259 bizim \u015firk\u0259tl\u0259rimiz, dem\u0259k olar ki, aya\u011fa qalxa bilmi\u015fl\u0259r, kapital, t\u0259cr\u00fcb\u0259 toplam\u0131\u015flar. Ondan sonra Az\u0259rbaycana investisiya qoyma\u011fa ba\u015flam\u0131\u015flar. Az\u0259rbaycanda bel\u0259 bir \u015f\u0259rait yaratm\u0131\u015f\u0131q ki, buraya investisiya qoymaq \u0259n s\u0259rf\u0259li yoldur. \u0130nvestisiyalar\u0131n h\u0259cminin art\u0131r\u0131lmas\u0131 \u00fc\u00e7\u00fcn \u00f6lk\u0259mizd\u0259 geni\u015f imkanlar m\u00f6vcuddur. Sabitlik iqtisadi inki\u015faf\u0131n \u0259sas m\u0259s\u0259l\u0259sidir.<\/p>\n<p>B\u00fct\u00fcn bunlar onu t\u0259sdiql\u0259yir ki, Az\u0259rbaycan b\u00f6y\u00fckl\u00fcy\u00fcnd\u0259n, ki\u00e7ikliyind\u0259n as\u0131l\u0131 olmayaraq b\u00fct\u00fcn d\u00f6vl\u0259tl\u0259rl\u0259 b\u0259rab\u0259rh\u00fcquqlu, qar\u015f\u0131l\u0131ql\u0131 maraqlar v\u0259 h\u00f6rm\u0259t prinsipl\u0259ri \u0259sas\u0131nda m\u00fcnasib\u0259tl\u0259r qurur. \u00d6lk\u0259mizin m\u00fcst\u0259qil siyas\u0259ti davaml\u0131 u\u011furlar\u0131m\u0131z\u0131n \u0259ld\u0259 olunmas\u0131nda \u0259sas faktordur. Tarixi Z\u0259f\u0259rimiz zaman\u0131 d\u00fcnya Az\u0259rbaycan\u0131n m\u00fcst\u0259qil siyas\u0259tinin bir daha \u015fahidin\u0259 \u00e7evrildi.<\/p>\n","protected":false},"excerpt":{"rendered":"<p>Prezident \u0130lham \u018fliyev \u201cEuronews\u201d televiziyas\u0131na m\u00fcsahib\u0259sind\u0259 bir daha bildirmi\u015fdir ki, Az\u0259rbaycan bu g\u00fcn b\u00f6y\u00fck beyn\u0259lxalq potensiala, m\u00fcsb\u0259t reputasiyaya malik \u00f6lk\u0259dir Az\u0259rbaycan tarixi Z\u0259f\u0259rinin reall\u0131qlar\u0131n\u0131 ya\u015fay\u0131r. \u015eanl\u0131 Q\u0259l\u0259b\u0259mizd\u0259n sonra \u00f6lk\u0259mizin beyn\u0259lxalq m\u00fcnasib\u0259tl\u0259r sistemind\u0259 yerinin v\u0259 rolunun daha da m\u00f6hk\u0259ml\u0259nm\u0259si diqq\u0259td\u0259n k\u0259narda qalm\u0131r. Bu, ikit\u0259r\u0259fli v\u0259 beyn\u0259lxalq t\u0259\u015fkilatlar \u00e7\u0259r\u00e7iv\u0259sind\u0259 \u0259laq\u0259l\u0259rin y\u00fcks\u0259l\u0259n x\u0259tl\u0259 inki\u015faf\u0131nda, ev sahibliyi etdiyi t\u0259dbirl\u0259rin davaml\u0131l\u0131\u011f\u0131nda \u00f6z\u00fcn\u00fcn ayd\u0131n ifad\u0259sini tap\u0131r.\u00a0Z\u0259f\u0259rimizin yaratd\u0131\u011f\u0131 reall\u0131qlar d\u00fcnya siyas\u0259tinin yenid\u0259n formala\u015fd\u0131r\u0131lmas\u0131n\u0131 bir z\u0259rur\u0259t\u0259 \u00e7evirdi. Az\u0259rbaycan\u0131n d\u00fcnyan\u0131n yeni xarici siyas\u0259tinin m\u00fczakir\u0259si \u00fc\u00e7\u00fcn ideal m\u0259kan kimi q\u0259bul olunmas\u0131, d\u00f6vr\u00fcn \u0259sas \u00e7a\u011f\u0131r\u0131\u015flar\u0131n\u0131n \u00f6lk\u0259mizd\u0259 m\u00fczakir\u0259 edil\u0259r\u0259k t\u0259cr\u00fcb\u0259sinin y\u00fcks\u0259k d\u0259y\u0259rl\u0259ndirilm\u0259si,&hellip;<\/p>\n","protected":false},"author":2,"featured_media":668054,"comment_status":"closed","ping_status":"closed","sticky":false,"template":"","format":"standard","meta":{"om_disable_all_campaigns":false,"_monsterinsights_skip_tracking":false,"_monsterinsights_sitenote_active":false,"_monsterinsights_sitenote_note":"","_monsterinsights_sitenote_category":0},"categories":[19],"tags":[],"aioseo_notices":[],"gutentor_comment":0,"rttpg_featured_image_url":{"full":["https:\/\/arantv.az\/wp-content\/uploads\/2023\/12\/8c249675170238970684137064810311664.jpg",975,540,false],"landscape":["https:\/\/arantv.az\/wp-content\/uploads\/2023\/12\/8c249675170238970684137064810311664.jpg",975,540,false],"portraits":["https:\/\/arantv.az\/wp-content\/uploads\/2023\/12\/8c249675170238970684137064810311664.jpg",975,540,false],"thumbnail":["https:\/\/arantv.az\/wp-content\/uploads\/2023\/12\/8c249675170238970684137064810311664-500x280.jpg",500,280,true],"medium":["https:\/\/arantv.az\/wp-content\/uploads\/2023\/12\/8c249675170238970684137064810311664-660x365.jpg",660,365,true],"large":["https:\/\/arantv.az\/wp-content\/uploads\/2023\/12\/8c249675170238970684137064810311664-840x465.jpg",640,354,true],"1536x1536":["https:\/\/arantv.az\/wp-content\/uploads\/2023\/12\/8c249675170238970684137064810311664.jpg",975,540,false],"2048x2048":["https:\/\/arantv.az\/wp-content\/uploads\/2023\/12\/8c249675170238970684137064810311664.jpg",975,540,false],"post-thumbnail":["https:\/\/arantv.az\/wp-content\/uploads\/2023\/12\/8c249675170238970684137064810311664-240x172.jpg",240,172,true],"advps-thumb-one":["https:\/\/arantv.az\/wp-content\/uploads\/2023\/12\/8c249675170238970684137064810311664.jpg",975,540,false]},"rttpg_author":{"display_name":"V\u00fcsal Rafiqo\u011flu","author_link":"https:\/\/arantv.az\/?author=2"},"rttpg_comment":0,"rttpg_category":"<a href=\"https:\/\/arantv.az\/?cat=19\" rel=\"category\">G\u00fcnd\u0259m<\/a>","rttpg_excerpt":"Prezident \u0130lham \u018fliyev \u201cEuronews\u201d televiziyas\u0131na m\u00fcsahib\u0259sind\u0259 bir daha bildirmi\u015fdir ki, Az\u0259rbaycan bu g\u00fcn b\u00f6y\u00fck beyn\u0259lxalq potensiala, m\u00fcsb\u0259t reputasiyaya malik \u00f6lk\u0259dir Az\u0259rbaycan tarixi Z\u0259f\u0259rinin reall\u0131qlar\u0131n\u0131 ya\u015fay\u0131r. \u015eanl\u0131 Q\u0259l\u0259b\u0259mizd\u0259n sonra \u00f6lk\u0259mizin beyn\u0259lxalq m\u00fcnasib\u0259tl\u0259r sistemind\u0259 yerinin v\u0259 rolunun daha da m\u00f6hk\u0259ml\u0259nm\u0259si diqq\u0259td\u0259n k\u0259narda qalm\u0131r. Bu, ikit\u0259r\u0259fli v\u0259 beyn\u0259lxalq t\u0259\u015fkilatlar \u00e7\u0259r\u00e7iv\u0259sind\u0259 \u0259laq\u0259l\u0259rin y\u00fcks\u0259l\u0259n x\u0259tl\u0259 inki\u015faf\u0131nda, ev sahibliyi etdiyi t\u0259dbirl\u0259rin&hellip;","_links":{"self":[{"href":"https:\/\/arantv.az\/index.php?rest_route=\/wp\/v2\/posts\/668053"}],"collection":[{"href":"https:\/\/arantv.az\/index.php?rest_route=\/wp\/v2\/posts"}],"about":[{"href":"https:\/\/arantv.az\/index.php?rest_route=\/wp\/v2\/types\/post"}],"author":[{"embeddable":true,"href":"https:\/\/arantv.az\/index.php?rest_route=\/wp\/v2\/users\/2"}],"replies":[{"embeddable":true,"href":"https:\/\/arantv.az\/index.php?rest_route=%2Fwp%2Fv2%2Fcomments&post=668053"}],"version-history":[{"count":0,"href":"https:\/\/arantv.az\/index.php?rest_route=\/wp\/v2\/posts\/668053\/revisions"}],"wp:featuredmedia":[{"embeddable":true,"href":"https:\/\/arantv.az\/index.php?rest_route=\/wp\/v2\/media\/668054"}],"wp:attachment":[{"href":"https:\/\/arantv.az\/index.php?rest_route=%2Fwp%2Fv2%2Fmedia&parent=668053"}],"wp:term":[{"taxonomy":"category","embeddable":true,"href":"https:\/\/arantv.az\/index.php?rest_route=%2Fwp%2Fv2%2Fcategories&post=668053"},{"taxonomy":"post_tag","embeddable":true,"href":"https:\/\/arantv.az\/index.php?rest_route=%2Fwp%2Fv2%2Ftags&post=668053"}],"curies":[{"name":"wp","href":"https:\/\/api.w.org\/{rel}","templated":true}]}}