{"id":668063,"date":"2023-12-13T10:05:20","date_gmt":"2023-12-13T06:05:20","guid":{"rendered":"https:\/\/arantv.az\/?p=668063"},"modified":"2023-12-13T10:05:20","modified_gmt":"2023-12-13T06:05:20","slug":"masallida-itkin-dusm%c9%99l%c9%99ri-iddia-olunan-n%c9%99n%c9%99-v%c9%99-n%c9%99v%c9%99-bar%c9%99d%c9%99-r%c9%99smi-aciqlama-yenil%c9%99nib","status":"publish","type":"post","link":"https:\/\/arantv.az\/?p=668063","title":{"rendered":"Masall\u0131da itkin d\u00fc\u015fm\u0259l\u0259ri iddia olunan n\u0259n\u0259 v\u0259 n\u0259v\u0259 bar\u0259d\u0259 R\u018fSM\u0130 A\u00c7IQLAMA &#8211; YEN\u0130L\u018fN\u0130B"},"content":{"rendered":"<p>Masall\u0131da n\u0259n\u0259 v\u0259 n\u0259v\u0259sinin itkin d\u00fc\u015fm\u0259l\u0259ri bar\u0259d\u0259 Daxili \u0130\u015fl\u0259r Nazirliyi m\u0259lumat yay\u0131b.<\/p>\n<p>M\u0259s\u0259l\u0259 il\u0259 ba\u011fl\u0131 D\u0130N-in M\u0259tbuat Xidm\u0259tinin L\u0259nk\u0259ran regional qrupundan\u00a0<strong>Oxu.Az<\/strong>-a bildirilib ki, Masall\u0131 rayon sakini Xan\u0131m Abu\u015fovan\u0131n itkin d\u00fc\u015fm\u0259si il\u0259 ba\u011fl\u0131 informasiya h\u0259qiq\u0259ti \u0259ks etdirmir v\u0259 qad\u0131n haz\u0131rda ya\u015fad\u0131\u011f\u0131 evd\u0259dir.<\/p>\n<p>Dekabr\u0131n 11-d\u0259 saat 19 rad\u0259l\u0259rind\u0259 evd\u0259n \u00e7\u0131xaraq geri qay\u0131tmayan azya\u015fl\u0131 n\u0259v\u0259sinin tap\u0131lmas\u0131 istiqam\u0259tind\u0259 haz\u0131rda polis \u0259m\u0259kda\u015flar\u0131 t\u0259r\u0259find\u0259n axtar\u0131\u015f t\u0259dbirl\u0259ri h\u0259yata ke\u00e7irilir.<\/p>\n<p><strong>09:20<\/strong><\/p>\n<p>Masall\u0131da n\u0259n\u0259 v\u0259 n\u0259v\u0259 itkin d\u00fc\u015f\u00fcbl\u0259r.<\/p>\n<p>APA x\u0259b\u0259r verir ki, Mollah\u0259s\u0259nli k\u0259nd sakini, 1952-ci il t\u0259v\u0259ll\u00fcdl\u00fc Xan\u0131m Abu\u015fova v\u0259 n\u0259v\u0259si 2008-ci il t\u0259v\u0259ll\u00fcdl\u00fc Jal\u0259 Abu\u015fova dekabr\u0131n 11-d\u0259 evd\u0259n \u015f\u0259xsiyy\u0259t v\u0259siq\u0259l\u0259rini g\u00f6t\u00fcr\u0259r\u0259k \u00e7\u0131x\u0131blar v\u0259 geri qay\u0131tmayaraq itkin d\u00fc\u015f\u00fcbl\u0259r.<\/p>\n<p>Faktla ba\u011fl\u0131 ara\u015fd\u0131rma apar\u0131l\u0131r.<\/p>\n","protected":false},"excerpt":{"rendered":"<p>Masall\u0131da n\u0259n\u0259 v\u0259 n\u0259v\u0259sinin itkin d\u00fc\u015fm\u0259l\u0259ri bar\u0259d\u0259 Daxili \u0130\u015fl\u0259r Nazirliyi m\u0259lumat yay\u0131b. M\u0259s\u0259l\u0259 il\u0259 ba\u011fl\u0131 D\u0130N-in M\u0259tbuat Xidm\u0259tinin L\u0259nk\u0259ran regional qrupundan\u00a0Oxu.Az-a bildirilib ki, Masall\u0131 rayon sakini Xan\u0131m Abu\u015fovan\u0131n itkin d\u00fc\u015fm\u0259si il\u0259 ba\u011fl\u0131 informasiya h\u0259qiq\u0259ti \u0259ks etdirmir v\u0259 qad\u0131n haz\u0131rda ya\u015fad\u0131\u011f\u0131 evd\u0259dir. Dekabr\u0131n 11-d\u0259 saat 19 rad\u0259l\u0259rind\u0259 evd\u0259n \u00e7\u0131xaraq geri qay\u0131tmayan azya\u015fl\u0131 n\u0259v\u0259sinin tap\u0131lmas\u0131 istiqam\u0259tind\u0259 haz\u0131rda polis \u0259m\u0259kda\u015flar\u0131 t\u0259r\u0259find\u0259n axtar\u0131\u015f t\u0259dbirl\u0259ri h\u0259yata ke\u00e7irilir. 09:20 Masall\u0131da n\u0259n\u0259 v\u0259 n\u0259v\u0259 itkin d\u00fc\u015f\u00fcbl\u0259r. APA x\u0259b\u0259r verir ki, Mollah\u0259s\u0259nli k\u0259nd sakini, 1952-ci il t\u0259v\u0259ll\u00fcdl\u00fc Xan\u0131m Abu\u015fova v\u0259 n\u0259v\u0259si 2008-ci il t\u0259v\u0259ll\u00fcdl\u00fc Jal\u0259 Abu\u015fova dekabr\u0131n 11-d\u0259&hellip;<\/p>\n","protected":false},"author":2,"featured_media":668064,"comment_status":"closed","ping_status":"closed","sticky":false,"template":"","format":"standard","meta":{"om_disable_all_campaigns":false,"_monsterinsights_skip_tracking":false,"_monsterinsights_sitenote_active":false,"_monsterinsights_sitenote_note":"","_monsterinsights_sitenote_category":0},"categories":[1],"tags":[],"aioseo_notices":[],"gutentor_comment":0,"rttpg_featured_image_url":{"full":["https:\/\/arantv.az\/wp-content\/uploads\/2023\/12\/1650040452_62594bfc0834362594bfc08344165001932462594bfc0834062594bfc08341.jpg",620,413,false],"landscape":["https:\/\/arantv.az\/wp-content\/uploads\/2023\/12\/1650040452_62594bfc0834362594bfc08344165001932462594bfc0834062594bfc08341.jpg",620,413,false],"portraits":["https:\/\/arantv.az\/wp-content\/uploads\/2023\/12\/1650040452_62594bfc0834362594bfc08344165001932462594bfc0834062594bfc08341.jpg",620,413,false],"thumbnail":["https:\/\/arantv.az\/wp-content\/uploads\/2023\/12\/1650040452_62594bfc0834362594bfc08344165001932462594bfc0834062594bfc08341-500x280.jpg",500,280,true],"medium":["https:\/\/arantv.az\/wp-content\/uploads\/2023\/12\/1650040452_62594bfc0834362594bfc08344165001932462594bfc0834062594bfc08341-548x365.jpg",548,365,true],"large":["https:\/\/arantv.az\/wp-content\/uploads\/2023\/12\/1650040452_62594bfc0834362594bfc08344165001932462594bfc0834062594bfc08341.jpg",620,413,false],"1536x1536":["https:\/\/arantv.az\/wp-content\/uploads\/2023\/12\/1650040452_62594bfc0834362594bfc08344165001932462594bfc0834062594bfc08341.jpg",620,413,false],"2048x2048":["https:\/\/arantv.az\/wp-content\/uploads\/2023\/12\/1650040452_62594bfc0834362594bfc08344165001932462594bfc0834062594bfc08341.jpg",620,413,false],"post-thumbnail":["https:\/\/arantv.az\/wp-content\/uploads\/2023\/12\/1650040452_62594bfc0834362594bfc08344165001932462594bfc0834062594bfc08341-240x172.jpg",240,172,true],"advps-thumb-one":["https:\/\/arantv.az\/wp-content\/uploads\/2023\/12\/1650040452_62594bfc0834362594bfc08344165001932462594bfc0834062594bfc08341.jpg",620,413,false]},"rttpg_author":{"display_name":"V\u00fcsal Rafiqo\u011flu","author_link":"https:\/\/arantv.az\/?author=2"},"rttpg_comment":0,"rttpg_category":"<a href=\"https:\/\/arantv.az\/?cat=1\" rel=\"category\">C\u0259miyy\u0259t<\/a>","rttpg_excerpt":"Masall\u0131da n\u0259n\u0259 v\u0259 n\u0259v\u0259sinin itkin d\u00fc\u015fm\u0259l\u0259ri bar\u0259d\u0259 Daxili \u0130\u015fl\u0259r Nazirliyi m\u0259lumat yay\u0131b. M\u0259s\u0259l\u0259 il\u0259 ba\u011fl\u0131 D\u0130N-in M\u0259tbuat Xidm\u0259tinin L\u0259nk\u0259ran regional qrupundan\u00a0Oxu.Az-a bildirilib ki, Masall\u0131 rayon sakini Xan\u0131m Abu\u015fovan\u0131n itkin d\u00fc\u015fm\u0259si il\u0259 ba\u011fl\u0131 informasiya h\u0259qiq\u0259ti \u0259ks etdirmir v\u0259 qad\u0131n haz\u0131rda ya\u015fad\u0131\u011f\u0131 evd\u0259dir. Dekabr\u0131n 11-d\u0259 saat 19 rad\u0259l\u0259rind\u0259 evd\u0259n \u00e7\u0131xaraq geri qay\u0131tmayan azya\u015fl\u0131 n\u0259v\u0259sinin tap\u0131lmas\u0131 istiqam\u0259tind\u0259 haz\u0131rda&hellip;","_links":{"self":[{"href":"https:\/\/arantv.az\/index.php?rest_route=\/wp\/v2\/posts\/668063"}],"collection":[{"href":"https:\/\/arantv.az\/index.php?rest_route=\/wp\/v2\/posts"}],"about":[{"href":"https:\/\/arantv.az\/index.php?rest_route=\/wp\/v2\/types\/post"}],"author":[{"embeddable":true,"href":"https:\/\/arantv.az\/index.php?rest_route=\/wp\/v2\/users\/2"}],"replies":[{"embeddable":true,"href":"https:\/\/arantv.az\/index.php?rest_route=%2Fwp%2Fv2%2Fcomments&post=668063"}],"version-history":[{"count":0,"href":"https:\/\/arantv.az\/index.php?rest_route=\/wp\/v2\/posts\/668063\/revisions"}],"wp:featuredmedia":[{"embeddable":true,"href":"https:\/\/arantv.az\/index.php?rest_route=\/wp\/v2\/media\/668064"}],"wp:attachment":[{"href":"https:\/\/arantv.az\/index.php?rest_route=%2Fwp%2Fv2%2Fmedia&parent=668063"}],"wp:term":[{"taxonomy":"category","embeddable":true,"href":"https:\/\/arantv.az\/index.php?rest_route=%2Fwp%2Fv2%2Fcategories&post=668063"},{"taxonomy":"post_tag","embeddable":true,"href":"https:\/\/arantv.az\/index.php?rest_route=%2Fwp%2Fv2%2Ftags&post=668063"}],"curies":[{"name":"wp","href":"https:\/\/api.w.org\/{rel}","templated":true}]}}