{"id":668069,"date":"2023-12-13T10:06:52","date_gmt":"2023-12-13T06:06:52","guid":{"rendered":"https:\/\/arantv.az\/?p=668069"},"modified":"2023-12-13T10:06:52","modified_gmt":"2023-12-13T06:06:52","slug":"m%c9%99tbuat-surasi-fransa-mediasinda-az%c9%99rbaycanli-jurnalistl%c9%99r%c9%99-qarsi-kampaniya-yolverilm%c9%99zdir","status":"publish","type":"post","link":"https:\/\/arantv.az\/?p=668069","title":{"rendered":"M\u0259tbuat \u015euras\u0131: \u201cFransa medias\u0131nda az\u0259rbaycanl\u0131 jurnalistl\u0259r\u0259 qar\u015f\u0131 kampaniya yolverilm\u0259zdir\u201d"},"content":{"rendered":"<p>Az\u0259rbaycan M\u0259tbuat \u015euras\u0131 Fransa medias\u0131nda az\u0259rbaycanl\u0131 jurnalistl\u0259r\u0259 qar\u015f\u0131 apar\u0131lan kampaniyan\u0131 pisl\u0259y\u0259n b\u0259yanat yay\u0131b.<\/p>\n<p>B\u0259yanatda qeyd edilib\u00a0ki, Fransa medias\u0131nda az\u0259rbaycanl\u0131 jurnalistl\u0259r\u0259 qar\u015f\u0131 kampaniyan\u0131n apar\u0131lmas\u0131 yolverilm\u0259zdir.<\/p>\n<p>Fransa medias\u0131nda Az\u0259rbaycan D\u00f6vl\u0259t \u0130nformasiya Agentliyinin (AZ\u018fRTAC) \u0259m\u0259kda\u015flar\u0131na qar\u015f\u0131 apar\u0131lan qarayaxma kampaniyas\u0131 b\u00fct\u00fcn etik qaydalara v\u0259 d\u0259y\u0259rl\u0259r\u0259 zidd miskin davran\u0131\u015fd\u0131r. Bu c\u00fcr q\u0259buledilm\u0259z yana\u015fma t\u0259rzi s\u00f6z azadl\u0131\u011f\u0131n\u0131n m\u0259hdudla\u015fd\u0131r\u0131lmas\u0131na u\u011fursuz b\u0259ra\u0259t qazand\u0131rmaq ist\u0259yind\u0259n, c\u0131l\u0131zl\u0131qdan ba\u015fqa bir \u015fey deyil.<\/p>\n<p>M\u0259lum oldu\u011fu kimi, AZ\u018fRTAC-\u0131n \u0259m\u0259kda\u015f\u0131 Ayg\u00fcn H\u00fcseynova bu il dekabr\u0131n 3-d\u0259 yerli \u0259halinin azadl\u0131q h\u0259r\u0259kat\u0131n\u0131 i\u015f\u0131qland\u0131rmaq \u00fc\u00e7\u00fcn frans\u0131z m\u00fcst\u0259ml\u0259k\u0259si Yeni Kaledoniyaya ezam edilib. Lakin hava liman\u0131nda onun \u0259raziy\u0259 giri\u015fin\u0259 imkan verilm\u0259yib, guya vizas\u0131n\u0131n olmamas\u0131 b\u0259han\u0259 g\u0259tirilib. Jurnalist h\u0259bsl\u0259 h\u0259d\u0259l\u0259n\u0259r\u0259k, \u00fc\u00e7\u00fcnc\u00fc \u00f6lk\u0259y\u0259 yola sal\u0131n\u0131b. Bel\u0259 qanunsuzluq \u0259m\u0259li Az\u0259rbaycan medias\u0131nda ciddi naraz\u0131l\u0131q do\u011furub v\u0259 \u00f6lk\u0259mizin media qurumlar\u0131 etiraz b\u0259yanatlar\u0131 yay\u0131blar.<\/p>\n<p>G\u00f6r\u00fcn\u00fcr, b\u00fct\u00fcn bunlar, h\u0259m\u00e7inin Yeni Kaledoniyadak\u0131 yolverilm\u0259z davran\u0131\u015f\u0131n d\u00fcnya medias\u0131nda geni\u015f \u0259ks-s\u0259da do\u011furmas\u0131 Fransan\u0131n hakim dair\u0259l\u0259rini \u201carqument\u201d axtar\u0131\u015f\u0131na s\u00f6vq edib. AZ\u018fRTAC-\u0131n \u0259m\u0259kda\u015flar\u0131na qar\u015f\u0131 \u201cqara piar\u201d kampaniyas\u0131n\u0131n apar\u0131lmas\u0131n\u0131, onlara \u201ccasus\u201d dam\u011fas\u0131n\u0131n vurulmas\u0131n\u0131 yaln\u0131z bu c\u00fcr qiym\u0259tl\u0259ndirm\u0259k m\u00fcmk\u00fcnd\u00fcr.<\/p>\n<p>M\u0259tbuat \u015euras\u0131 b\u0259yan edir ki, \u00f6lk\u0259mizin media n\u00fcmay\u0259nd\u0259l\u0259rinin f\u0259aliyy\u0259tind\u0259 he\u00e7 bir qanunsuzluq \u0259m\u0259li olmay\u0131b. Onlar\u0131n Yeni Kaledoniya xalq\u0131n\u0131n azadl\u0131q m\u00fcbariz\u0259sini i\u015f\u0131qland\u0131rmaq ist\u0259kl\u0259rind\u0259 \u0259sasland\u0131r\u0131lm\u0131\u015f b\u0259\u015f\u0259ri v\u0259 ictimai motiv var. Yeni Kaledoniya polisinin bunu n\u0259z\u0259r\u0259 almamas\u0131, jurnalistl\u0259rimizin f\u0259aliyy\u0259tl\u0259rin\u0259 s\u00fcni \u0259ng\u0259l yaratmas\u0131 fundamental insan h\u00fcquq v\u0259 azadl\u0131qlar\u0131n\u0131n t\u0259rkib hiss\u0259si say\u0131lan s\u00f6z azadl\u0131\u011f\u0131na a\u015fkar say\u011f\u0131s\u0131zl\u0131qd\u0131r. N\u0259z\u0259r\u0259 alaq ki, jurnalistimiz\u0259 qar\u015f\u0131 haqs\u0131zl\u0131q Kaledoniya \u0130ttifaq\u0131 siyasi partiyas\u0131n\u0131n prezidenti Daniel Qoa t\u0259r\u0259find\u0259n d\u0259 pisl\u0259nilib, media t\u0259msil\u00e7il\u0259rimiz\u0259 d\u0259st\u0259k ifad\u0259 olunub.<\/p>\n<p>Bel\u0259 bir durumda Fransa medias\u0131nda az\u0259rbaycanl\u0131 jurnalistl\u0259ri g\u00f6zd\u0259n salmaq c\u0259hdi bir daha t\u0259sdiq edir ki, \u00f6lk\u0259 h\u00f6kum\u0259ti \u00f6z\u00fcn\u00fcn despotik mahiyy\u0259tini \u00f6rt-basd\u0131r etm\u0259k niyy\u0259tind\u0259dir. M\u0259qs\u0259d b\u0259llidir: m\u00fcst\u0259ml\u0259k\u0259 boyunduru\u011funda olan xalqlar, o c\u00fcml\u0259d\u0259n Yeni Kaledoniya xalq\u0131 il\u0259 ba\u011fl\u0131 h\u0259qiq\u0259tl\u0259rin yay\u0131lmas\u0131n\u0131n qar\u015f\u0131s\u0131n\u0131 almaq.<\/p>\n<p>Az\u0259rbaycan M\u0259tbuat \u015euras\u0131 AZ\u018fRTAC-\u0131n \u0259m\u0259kda\u015flar\u0131na qar\u015f\u0131 Fransa medias\u0131nda apar\u0131lan qarayaxma kampaniyas\u0131n\u0131, t\u0259xribat xarakterli bilgil\u0259rin yay\u0131lmas\u0131n\u0131 q\u0259tiyy\u0259tl\u0259 pisl\u0259yir. \u015eura bunu antidemokratik add\u0131m, azad s\u00f6z\u0259 m\u00fcnasib\u0259td\u0259 d\u00f6z\u00fcms\u00fczl\u00fck say\u0131r v\u0259 bildirir ki, bel\u0259 yana\u015fma h\u0259m etik d\u0259y\u0259rl\u0259r\u0259, h\u0259m d\u0259 Fransa d\u00f6vl\u0259t\u00e7iliyinin tarixi m\u00fct\u0259r\u0259qqi mahiyy\u0259tin\u0259 ziddir.<\/p>\n<p>\u00c7ox t\u0259\u0259ss\u00fcf ki, \u00f6lk\u0259nin haz\u0131rk\u0131 Prezidenti Emmanuel Makron v\u0259 onun avtokratiyaya yuvarlanm\u0131\u015f administrasiyas\u0131 s\u00f6z azadl\u0131\u011f\u0131 m\u00fcst\u0259visind\u0259ki primitiv siyasi oyunlar\u0131n \u00f6lk\u0259y\u0259 vurdu\u011fu z\u0259r\u0259ri d\u00fc\u015f\u00fcnm\u0259y\u0259c\u0259k q\u0259d\u0259r iflic v\u0259ziyy\u0259td\u0259dir. \u015eura d\u00fcnyan\u0131n media ictimaiyy\u0259tini Fransa hakimiyy\u0259tinin yolverilm\u0259z \u0259m\u0259ll\u0259rin\u0259 m\u00fcnasib\u0259td\u0259 h\u0259mkar t\u0259\u0259ss\u00fcbke\u015fliyin\u0259, etiraz s\u0259sini ucaltma\u011fa \u00e7a\u011f\u0131r\u0131r.<\/p>\n","protected":false},"excerpt":{"rendered":"<p>Az\u0259rbaycan M\u0259tbuat \u015euras\u0131 Fransa medias\u0131nda az\u0259rbaycanl\u0131 jurnalistl\u0259r\u0259 qar\u015f\u0131 apar\u0131lan kampaniyan\u0131 pisl\u0259y\u0259n b\u0259yanat yay\u0131b. B\u0259yanatda qeyd edilib\u00a0ki, Fransa medias\u0131nda az\u0259rbaycanl\u0131 jurnalistl\u0259r\u0259 qar\u015f\u0131 kampaniyan\u0131n apar\u0131lmas\u0131 yolverilm\u0259zdir. Fransa medias\u0131nda Az\u0259rbaycan D\u00f6vl\u0259t \u0130nformasiya Agentliyinin (AZ\u018fRTAC) \u0259m\u0259kda\u015flar\u0131na qar\u015f\u0131 apar\u0131lan qarayaxma kampaniyas\u0131 b\u00fct\u00fcn etik qaydalara v\u0259 d\u0259y\u0259rl\u0259r\u0259 zidd miskin davran\u0131\u015fd\u0131r. Bu c\u00fcr q\u0259buledilm\u0259z yana\u015fma t\u0259rzi s\u00f6z azadl\u0131\u011f\u0131n\u0131n m\u0259hdudla\u015fd\u0131r\u0131lmas\u0131na u\u011fursuz b\u0259ra\u0259t qazand\u0131rmaq ist\u0259yind\u0259n, c\u0131l\u0131zl\u0131qdan ba\u015fqa bir \u015fey deyil. M\u0259lum oldu\u011fu kimi, AZ\u018fRTAC-\u0131n \u0259m\u0259kda\u015f\u0131 Ayg\u00fcn H\u00fcseynova bu il dekabr\u0131n 3-d\u0259 yerli \u0259halinin azadl\u0131q h\u0259r\u0259kat\u0131n\u0131 i\u015f\u0131qland\u0131rmaq \u00fc\u00e7\u00fcn frans\u0131z m\u00fcst\u0259ml\u0259k\u0259si Yeni Kaledoniyaya ezam edilib. Lakin hava liman\u0131nda onun \u0259raziy\u0259 giri\u015fin\u0259&hellip;<\/p>\n","protected":false},"author":2,"featured_media":668070,"comment_status":"closed","ping_status":"closed","sticky":false,"template":"","format":"standard","meta":{"om_disable_all_campaigns":false,"_monsterinsights_skip_tracking":false,"_monsterinsights_sitenote_active":false,"_monsterinsights_sitenote_note":"","_monsterinsights_sitenote_category":0},"categories":[1],"tags":[],"aioseo_notices":[],"gutentor_comment":0,"rttpg_featured_image_url":{"full":["https:\/\/arantv.az\/wp-content\/uploads\/2023\/12\/dd2051a4-7514-3389-b496-82338c734521_850.jpg",620,413,false],"landscape":["https:\/\/arantv.az\/wp-content\/uploads\/2023\/12\/dd2051a4-7514-3389-b496-82338c734521_850.jpg",620,413,false],"portraits":["https:\/\/arantv.az\/wp-content\/uploads\/2023\/12\/dd2051a4-7514-3389-b496-82338c734521_850.jpg",620,413,false],"thumbnail":["https:\/\/arantv.az\/wp-content\/uploads\/2023\/12\/dd2051a4-7514-3389-b496-82338c734521_850-500x280.jpg",500,280,true],"medium":["https:\/\/arantv.az\/wp-content\/uploads\/2023\/12\/dd2051a4-7514-3389-b496-82338c734521_850-548x365.jpg",548,365,true],"large":["https:\/\/arantv.az\/wp-content\/uploads\/2023\/12\/dd2051a4-7514-3389-b496-82338c734521_850.jpg",620,413,false],"1536x1536":["https:\/\/arantv.az\/wp-content\/uploads\/2023\/12\/dd2051a4-7514-3389-b496-82338c734521_850.jpg",620,413,false],"2048x2048":["https:\/\/arantv.az\/wp-content\/uploads\/2023\/12\/dd2051a4-7514-3389-b496-82338c734521_850.jpg",620,413,false],"post-thumbnail":["https:\/\/arantv.az\/wp-content\/uploads\/2023\/12\/dd2051a4-7514-3389-b496-82338c734521_850-240x172.jpg",240,172,true],"advps-thumb-one":["https:\/\/arantv.az\/wp-content\/uploads\/2023\/12\/dd2051a4-7514-3389-b496-82338c734521_850.jpg",620,413,false]},"rttpg_author":{"display_name":"V\u00fcsal Rafiqo\u011flu","author_link":"https:\/\/arantv.az\/?author=2"},"rttpg_comment":0,"rttpg_category":"<a href=\"https:\/\/arantv.az\/?cat=1\" rel=\"category\">C\u0259miyy\u0259t<\/a>","rttpg_excerpt":"Az\u0259rbaycan M\u0259tbuat \u015euras\u0131 Fransa medias\u0131nda az\u0259rbaycanl\u0131 jurnalistl\u0259r\u0259 qar\u015f\u0131 apar\u0131lan kampaniyan\u0131 pisl\u0259y\u0259n b\u0259yanat yay\u0131b. B\u0259yanatda qeyd edilib\u00a0ki, Fransa medias\u0131nda az\u0259rbaycanl\u0131 jurnalistl\u0259r\u0259 qar\u015f\u0131 kampaniyan\u0131n apar\u0131lmas\u0131 yolverilm\u0259zdir. Fransa medias\u0131nda Az\u0259rbaycan D\u00f6vl\u0259t \u0130nformasiya Agentliyinin (AZ\u018fRTAC) \u0259m\u0259kda\u015flar\u0131na qar\u015f\u0131 apar\u0131lan qarayaxma kampaniyas\u0131 b\u00fct\u00fcn etik qaydalara v\u0259 d\u0259y\u0259rl\u0259r\u0259 zidd miskin davran\u0131\u015fd\u0131r. Bu c\u00fcr q\u0259buledilm\u0259z yana\u015fma t\u0259rzi s\u00f6z azadl\u0131\u011f\u0131n\u0131n m\u0259hdudla\u015fd\u0131r\u0131lmas\u0131na u\u011fursuz b\u0259ra\u0259t qazand\u0131rmaq&hellip;","_links":{"self":[{"href":"https:\/\/arantv.az\/index.php?rest_route=\/wp\/v2\/posts\/668069"}],"collection":[{"href":"https:\/\/arantv.az\/index.php?rest_route=\/wp\/v2\/posts"}],"about":[{"href":"https:\/\/arantv.az\/index.php?rest_route=\/wp\/v2\/types\/post"}],"author":[{"embeddable":true,"href":"https:\/\/arantv.az\/index.php?rest_route=\/wp\/v2\/users\/2"}],"replies":[{"embeddable":true,"href":"https:\/\/arantv.az\/index.php?rest_route=%2Fwp%2Fv2%2Fcomments&post=668069"}],"version-history":[{"count":0,"href":"https:\/\/arantv.az\/index.php?rest_route=\/wp\/v2\/posts\/668069\/revisions"}],"wp:featuredmedia":[{"embeddable":true,"href":"https:\/\/arantv.az\/index.php?rest_route=\/wp\/v2\/media\/668070"}],"wp:attachment":[{"href":"https:\/\/arantv.az\/index.php?rest_route=%2Fwp%2Fv2%2Fmedia&parent=668069"}],"wp:term":[{"taxonomy":"category","embeddable":true,"href":"https:\/\/arantv.az\/index.php?rest_route=%2Fwp%2Fv2%2Fcategories&post=668069"},{"taxonomy":"post_tag","embeddable":true,"href":"https:\/\/arantv.az\/index.php?rest_route=%2Fwp%2Fv2%2Ftags&post=668069"}],"curies":[{"name":"wp","href":"https:\/\/api.w.org\/{rel}","templated":true}]}}