{"id":668072,"date":"2023-12-13T10:07:44","date_gmt":"2023-12-13T06:07:44","guid":{"rendered":"https:\/\/arantv.az\/?p=668072"},"modified":"2023-12-13T10:07:44","modified_gmt":"2023-12-13T06:07:44","slug":"az%c9%99rbaycan-cenevr%c9%99d%c9%99-yuks%c9%99ks%c9%99viyy%c9%99li-beyn%c9%99lxalq-t%c9%99dbird%c9%99-t%c9%99msil-olunub-foto","status":"publish","type":"post","link":"https:\/\/arantv.az\/?p=668072","title":{"rendered":"Az\u0259rbaycan Cenevr\u0259d\u0259 y\u00fcks\u0259ks\u0259viyy\u0259li beyn\u0259lxalq t\u0259dbird\u0259 t\u0259msil olunub &#8211; FOTO"},"content":{"rendered":"<p>\u00dcmumd\u00fcnya \u0130nsan H\u00fcquqlar\u0131 B\u0259yannam\u0259sinin q\u0259bul olunmas\u0131n\u0131n 75-ci ild\u00f6n\u00fcm\u00fc m\u00fcnasib\u0259til\u0259 \u201c\u0130nsan H\u00fcquqlar\u0131 75\u201d t\u0259\u015f\u0259bb\u00fcs\u00fc \u00e7\u0259r\u00e7iv\u0259sind\u0259 Cenevr\u0259d\u0259 beyn\u0259lxalq konfrans ke\u00e7irilib.<\/p>\n<p>Az\u0259rbaycan\u0131n Cenevr\u0259d\u0259ki BMT b\u00f6lm\u0259si yan\u0131ndak\u0131 daimi n\u00fcmay\u0259nd\u0259liyind\u0259n AZ\u018fRTAC-a bildirilib ki, d\u00fcnyan\u0131n 150-d\u0259n \u00e7ox \u00f6lk\u0259sinin y\u00fcks\u0259ks\u0259viyy\u0259li \u015f\u0259xsl\u0259rinin, o c\u00fcml\u0259d\u0259n d\u00f6vl\u0259t v\u0259 h\u00f6kum\u0259t ba\u015f\u00e7\u0131lar\u0131n\u0131n, vitse-prezidentl\u0259rin, parlament \u00fczvl\u0259rinin, xarici i\u015fl\u0259r, \u0259dliyy\u0259 v\u0259 m\u0259hk\u0259m\u0259 orqanlar\u0131, elm v\u0259 t\u0259hsil m\u00fc\u0259ssis\u0259l\u0259ri r\u0259hb\u0259rl\u0259rinin, Avropa \u015euras\u0131 ba\u015f katibinin v\u0259 dig\u0259r beyn\u0259lxalq t\u0259\u015fkilatlar\u0131n m\u0259sul n\u00fcmay\u0259nd\u0259l\u0259rinin, h\u00fcquq m\u00fcdafi\u0259\u00e7il\u0259rinin i\u015ftirak etdiyi t\u0259dbird\u0259 \u00f6lk\u0259mizi \u0259dliyy\u0259 nazirinin m\u00fcavini \u2013 Penitensiar Xidm\u0259tin r\u0259isi Mirsaleh Seyidovun r\u0259hb\u0259rlik etdiyi n\u00fcmay\u0259nd\u0259 hey\u0259ti t\u0259msil edib.<\/p>\n<p>N\u00fcmay\u0259nd\u0259 hey\u0259tind\u0259 \u018fdliyy\u0259 Nazirliyinin, Az\u0259rbaycan Respublikas\u0131 Minat\u0259mizl\u0259m\u0259 Agentliyinin (ANAMA), \u018fsir v\u0259 itkin d\u00fc\u015fm\u00fc\u015f, girov g\u00f6t\u00fcr\u00fclm\u00fc\u015f v\u0259t\u0259nda\u015flarla \u0259laq\u0259dar D\u00f6vl\u0259t Komissiyas\u0131n\u0131n m\u0259sul r\u0259hb\u0259r i\u015f\u00e7il\u0259ri t\u0259msil olunublar.<\/p>\n<p>T\u0259dbirin a\u00e7\u0131l\u0131\u015f\u0131nda BMT-nin \u0130nsan h\u00fcquqlar\u0131 \u00fczr\u0259 Ali Komissar\u0131 Volker T\u00fcrk giri\u015f nitqi \u00e7\u0131x\u0131\u015f edib. Konfransda \u00dcmumd\u00fcnya \u0130nsan H\u00fcquqlar\u0131 B\u0259yannam\u0259sinin q\u0259bulundan \u00f6t\u0259n d\u00f6vrd\u0259 bu sah\u0259d\u0259 \u00f6hd\u0259likl\u0259rin icras\u0131 v\u0259 \u0259ld\u0259 olunan nailiyy\u0259tl\u0259r, insan h\u00fcquqlar\u0131na b\u0259rab\u0259r v\u0259 \u0259dal\u0259tli yana\u015fman\u0131n t\u0259tbiqi v\u0259 dig\u0259r aktual m\u0259s\u0259l\u0259l\u0259r m\u00fczakir\u0259 olunub, i\u015ftirak\u00e7\u0131 d\u00f6vl\u0259tl\u0259r bu sah\u0259d\u0259 g\u00f6r\u00fcl\u0259n t\u0259dbirl\u0259r v\u0259 insan h\u00fcquqlar\u0131n\u0131n universall\u0131\u011f\u0131na v\u0259 b\u00f6l\u00fcnm\u0259zliyin\u0259 dair yenil\u0259nmi\u015f \u00f6hd\u0259likl\u0259r bar\u0259d\u0259 m\u0259lumat veribl\u0259r.<\/p>\n<p>Az\u0259rbaycan t\u0259r\u0259fi \u201c\u0130nsan H\u00fcquqlar\u0131 75\u201d t\u0259\u015f\u0259bb\u00fcs\u00fc \u00e7\u0259r\u00e7iv\u0259sind\u0259 g\u00f6t\u00fcrd\u00fcy\u00fc \u00f6hd\u0259likl\u0259ri &#8211; \u00f6lk\u0259mizin i\u015f\u011faldan azad edilmi\u015f b\u00f6lg\u0259sin\u0259 m\u0259cburi k\u00f6\u00e7k\u00fcnl\u0259rin \u00f6z ke\u00e7mi\u015f ya\u015fay\u0131\u015f yerl\u0259rin\u0259 k\u00f6n\u00fcll\u00fc, t\u0259hl\u00fck\u0259siz v\u0259 l\u0259yaq\u0259tl\u0259 qay\u0131d\u0131\u015f\u0131, h\u0259min \u0259razil\u0259rin minalardan v\u0259 dig\u0259r partlay\u0131c\u0131 qal\u0131qlardan t\u0259mizl\u0259nm\u0259si, Erm\u0259nistan\u0131n h\u0259rbi t\u0259cav\u00fcz\u00fc n\u0259tic\u0259sind\u0259 itkin d\u00fc\u015fm\u00fc\u015f \u015f\u0259xsl\u0259rin taleyinin ayd\u0131nla\u015fd\u0131r\u0131lmas\u0131 m\u0259s\u0259l\u0259l\u0259rini diqq\u0259t\u0259 \u00e7atd\u0131r\u0131b, bununla ba\u011fl\u0131 beyn\u0259lxalq ictimaiyy\u0259ti d\u0259st\u0259k g\u00f6st\u0259rm\u0259y\u0259 \u00e7a\u011f\u0131r\u0131b.<\/p>\n<p>Sonra t\u0259dbir panel sessiyalarla davam edib. \u201c\u0130nsan h\u00fcquqlar\u0131n\u0131n g\u0259l\u0259c\u0259yi, inki\u015faf v\u0259 iqtisadiyyat\u201d adl\u0131 sessiyada \u00e7\u0131x\u0131\u015f ed\u0259n \u0259dliyy\u0259 nazirinin m\u00fcavini M.Seyidov b\u0259yannam\u0259d\u0259 t\u0259sbit edil\u0259n fundamental insan h\u00fcquqlar\u0131n\u0131n m\u00fcdafi\u0259sin\u0259 sadiqliyini, BMT-nin Dayan\u0131ql\u0131 \u0130nki\u015faf M\u0259qs\u0259dl\u0259rinin icras\u0131 v\u0259 \u0130nsan H\u00fcquqlar\u0131 \u015euras\u0131n\u0131n inki\u015faf h\u00fcququnun t\u0259\u015fviqi v\u0259 m\u00fcdafi\u0259si il\u0259 ba\u011fl\u0131 g\u00f6r\u00fcl\u0259n t\u0259dbirl\u0259ri, Qo\u015fulmama H\u0259r\u0259kat\u0131na s\u0259drliyi \u00e7\u0259r\u00e7iv\u0259sind\u0259 insan h\u00fcquqlar\u0131n\u0131n t\u0259\u015fviqini v\u0259 qlobal pandemiya il\u0259 ba\u011fl\u0131 dig\u0259r d\u00f6vl\u0259tl\u0259r\u0259 humanitar d\u0259st\u0259yini vur\u011fulay\u0131b.<\/p>\n<p>V\u0259t\u0259n m\u00fcharib\u0259sind\u0259 azad edilmi\u015f \u0259razil\u0259rimizin i\u015f\u011fal d\u00f6vr\u00fcnd\u0259 Erm\u0259nistan t\u0259r\u0259find\u0259n b\u00fcsb\u00fct\u00fcn da\u011f\u0131d\u0131laraq minalanmas\u0131 fakt\u0131 diqq\u0259t\u0259 \u00e7atd\u0131r\u0131laraq m\u00fcharib\u0259d\u0259n sonra 340 insan\u0131n mina terrorunun qurban\u0131 oldu\u011fu, bunun yenid\u0259nqurma prosesini v\u0259 ke\u00e7mi\u015f m\u0259cburi k\u00f6\u00e7k\u00fcnl\u0259rin t\u0259hl\u00fck\u0259siz qay\u0131d\u0131\u015f\u0131n\u0131 l\u0259ngitdiyi vur\u011fulan\u0131b.<\/p>\n<p>Bununla bel\u0259, Prezident\u00a0<strong>\u0130lham \u018fliyevin<\/strong>\u00a0r\u0259hb\u0259rliyi il\u0259 \u00f6lk\u0259mizin \u00f6z iqtisadi g\u00fcc\u00fc hesab\u0131na torpaqlar\u0131m\u0131z\u0131n s\u00fcr\u0259tli b\u0259rpas\u0131, \u201cB\u00f6y\u00fck Qay\u0131d\u0131\u015f\u201d Proqram\u0131na uy\u011fun \u201ca\u011f\u0131ll\u0131 \u015f\u0259h\u0259r\u201d, \u201ca\u011f\u0131ll\u0131 k\u0259nd\u201d konsepsiyas\u0131na \u0259saslanan \u0259n m\u00fcasir \u015f\u0259h\u0259rsalma prinsipl\u0259rinin t\u0259tbiqi, \u00f6z do\u011fma yurdlar\u0131na qay\u0131dan soyda\u015flar\u0131m\u0131z \u00fc\u00e7\u00fcn \u0259n y\u00fcks\u0259k insan h\u00fcquqlar\u0131 standartlar\u0131n\u0131n t\u0259minat\u0131 bar\u0259d\u0259 t\u0259dbir i\u015ftirak\u00e7\u0131lar\u0131 m\u0259lumatland\u0131r\u0131l\u0131blar. Az\u0259rbaycan\u0131n v\u0259t\u0259nda\u015flara xidm\u0259t sah\u0259sind\u0259 innovasiyalar\u0131, o c\u00fcml\u0259d\u0259n BMT-nin bir s\u0131ra t\u0259ltifl\u0259rin\u0259, habel\u0259 cari ild\u0259 10-cu D\u00fcnya H\u00f6kum\u0259ti Sammitind\u0259 \u201cD\u00fcnyan\u0131n \u0259n yax\u015f\u0131 h\u00f6kum\u0259t xidm\u0259ti\u201d m\u00fckafat\u0131na layiq g\u00f6r\u00fclm\u00fc\u015f \u201cASAN xidm\u0259t\u201d brendi v\u0259 dig\u0259r t\u0259cr\u00fcb\u0259l\u0259ri maraqla qar\u015f\u0131lan\u0131b.<\/p>\n<p>\u0130ki g\u00fcn davam ed\u0259n y\u00fcks\u0259ks\u0259viyy\u0259li beyn\u0259lxalq konfrans ba\u011flan\u0131\u015f m\u0259rasimi il\u0259 ba\u015fa \u00e7at\u0131b. \u00c7\u0131x\u0131\u015f ed\u0259n d\u00f6vl\u0259t v\u0259 h\u00f6kum\u0259t ba\u015f\u00e7\u0131lar\u0131, beyn\u0259lxalq t\u0259\u015fkilatlar\u0131n t\u0259msil\u00e7il\u0259ri konfrans\u0131n \u00dcmumd\u00fcnya \u0130nsan H\u00fcquqlar\u0131 B\u0259yannam\u0259sinin 75 illiyin\u0259 m\u00fch\u00fcm t\u00f6hf\u0259 olmaqla insan h\u00fcquqlar\u0131n\u0131n inki\u015faf\u0131na xidm\u0259t etdiyini vur\u011fulay\u0131blar.<\/p>\n<p>T\u0259dbird\u0259 Az\u0259rbaycan\u0131n BMT-nin Cenevr\u0259 \u015f\u0259h\u0259rind\u0259ki b\u00f6lm\u0259sind\u0259 daimi n\u00fcmay\u0259nd\u0259si Qalib \u0130srafilov i\u015ftirak edib.<\/p>\n<p>&nbsp;<\/p>\n<div class=\"gallery\">\n<div class=\"gallery-i\"><img src=\"https:\/\/cdn.oxu.az\/uploads\/W1siZiIsIjIwMjMvMTIvMTMvMDkvMzkvMTMvYjc2ZTBiZjctNWFiYy00ODA4LTgzY2ItZjczYjlhMzA1NmJmLzE3MDI0MzYxMjEzNzk2MzQwOTk3XzEyMDB4NjMwLmpwZWciXSxbInAiLCJlbmNvZGUiLCJqcGciLCItcXVhbGl0eSA4MCJdLFsicCIsInRodW1iIiwiNTkweDU5MFx1MDAzZSJdXQ?sha=0f03e80ae8864482\" alt=\"\" \/><\/p>\n<div class=\"gallery-i-caption\"><\/div>\n<\/div>\n<div class=\"gallery-i\"><img src=\"https:\/\/cdn.oxu.az\/uploads\/W1siZiIsIjIwMjMvMTIvMTMvMDkvMzcvMTQvOTVmYmI0NmMtMjU1Mi00ODY4LTg3ZTItOWQ3NGI1MmNmYmVmLzE3MDI0MzYxMjE1MzEyMTExNDExXzEyMDB4NjMwLmpwZWciXSxbInAiLCJlbmNvZGUiLCJqcGciLCItcXVhbGl0eSA4MCJdLFsicCIsInRodW1iIiwiNTkweDU5MFx1MDAzZSJdXQ?sha=7c0e7b7bf5e7bdbb\" alt=\"\" \/><\/div>\n<\/div>\n","protected":false},"excerpt":{"rendered":"<p>\u00dcmumd\u00fcnya \u0130nsan H\u00fcquqlar\u0131 B\u0259yannam\u0259sinin q\u0259bul olunmas\u0131n\u0131n 75-ci ild\u00f6n\u00fcm\u00fc m\u00fcnasib\u0259til\u0259 \u201c\u0130nsan H\u00fcquqlar\u0131 75\u201d t\u0259\u015f\u0259bb\u00fcs\u00fc \u00e7\u0259r\u00e7iv\u0259sind\u0259 Cenevr\u0259d\u0259 beyn\u0259lxalq konfrans ke\u00e7irilib. Az\u0259rbaycan\u0131n Cenevr\u0259d\u0259ki BMT b\u00f6lm\u0259si yan\u0131ndak\u0131 daimi n\u00fcmay\u0259nd\u0259liyind\u0259n AZ\u018fRTAC-a bildirilib ki, d\u00fcnyan\u0131n 150-d\u0259n \u00e7ox \u00f6lk\u0259sinin y\u00fcks\u0259ks\u0259viyy\u0259li \u015f\u0259xsl\u0259rinin, o c\u00fcml\u0259d\u0259n d\u00f6vl\u0259t v\u0259 h\u00f6kum\u0259t ba\u015f\u00e7\u0131lar\u0131n\u0131n, vitse-prezidentl\u0259rin, parlament \u00fczvl\u0259rinin, xarici i\u015fl\u0259r, \u0259dliyy\u0259 v\u0259 m\u0259hk\u0259m\u0259 orqanlar\u0131, elm v\u0259 t\u0259hsil m\u00fc\u0259ssis\u0259l\u0259ri r\u0259hb\u0259rl\u0259rinin, Avropa \u015euras\u0131 ba\u015f katibinin v\u0259 dig\u0259r beyn\u0259lxalq t\u0259\u015fkilatlar\u0131n m\u0259sul n\u00fcmay\u0259nd\u0259l\u0259rinin, h\u00fcquq m\u00fcdafi\u0259\u00e7il\u0259rinin i\u015ftirak etdiyi t\u0259dbird\u0259 \u00f6lk\u0259mizi \u0259dliyy\u0259 nazirinin m\u00fcavini \u2013 Penitensiar Xidm\u0259tin r\u0259isi Mirsaleh Seyidovun r\u0259hb\u0259rlik etdiyi n\u00fcmay\u0259nd\u0259 hey\u0259ti t\u0259msil edib. N\u00fcmay\u0259nd\u0259 hey\u0259tind\u0259 \u018fdliyy\u0259 Nazirliyinin, Az\u0259rbaycan&hellip;<\/p>\n","protected":false},"author":2,"featured_media":668073,"comment_status":"closed","ping_status":"closed","sticky":false,"template":"","format":"standard","meta":{"om_disable_all_campaigns":false,"_monsterinsights_skip_tracking":false,"_monsterinsights_sitenote_active":false,"_monsterinsights_sitenote_note":"","_monsterinsights_sitenote_category":0},"categories":[4],"tags":[],"aioseo_notices":[],"gutentor_comment":0,"rttpg_featured_image_url":{"full":["https:\/\/arantv.az\/wp-content\/uploads\/2023\/12\/6f0bb0b8-3e97-4d7d-a2fa-a7b242fd0e8b.jpg",620,413,false],"landscape":["https:\/\/arantv.az\/wp-content\/uploads\/2023\/12\/6f0bb0b8-3e97-4d7d-a2fa-a7b242fd0e8b.jpg",620,413,false],"portraits":["https:\/\/arantv.az\/wp-content\/uploads\/2023\/12\/6f0bb0b8-3e97-4d7d-a2fa-a7b242fd0e8b.jpg",620,413,false],"thumbnail":["https:\/\/arantv.az\/wp-content\/uploads\/2023\/12\/6f0bb0b8-3e97-4d7d-a2fa-a7b242fd0e8b-500x280.jpg",500,280,true],"medium":["https:\/\/arantv.az\/wp-content\/uploads\/2023\/12\/6f0bb0b8-3e97-4d7d-a2fa-a7b242fd0e8b-548x365.jpg",548,365,true],"large":["https:\/\/arantv.az\/wp-content\/uploads\/2023\/12\/6f0bb0b8-3e97-4d7d-a2fa-a7b242fd0e8b.jpg",620,413,false],"1536x1536":["https:\/\/arantv.az\/wp-content\/uploads\/2023\/12\/6f0bb0b8-3e97-4d7d-a2fa-a7b242fd0e8b.jpg",620,413,false],"2048x2048":["https:\/\/arantv.az\/wp-content\/uploads\/2023\/12\/6f0bb0b8-3e97-4d7d-a2fa-a7b242fd0e8b.jpg",620,413,false],"post-thumbnail":["https:\/\/arantv.az\/wp-content\/uploads\/2023\/12\/6f0bb0b8-3e97-4d7d-a2fa-a7b242fd0e8b-240x172.jpg",240,172,true],"advps-thumb-one":["https:\/\/arantv.az\/wp-content\/uploads\/2023\/12\/6f0bb0b8-3e97-4d7d-a2fa-a7b242fd0e8b.jpg",620,413,false]},"rttpg_author":{"display_name":"V\u00fcsal Rafiqo\u011flu","author_link":"https:\/\/arantv.az\/?author=2"},"rttpg_comment":0,"rttpg_category":"<a href=\"https:\/\/arantv.az\/?cat=4\" rel=\"category\">Siyas\u0259t<\/a>","rttpg_excerpt":"\u00dcmumd\u00fcnya \u0130nsan H\u00fcquqlar\u0131 B\u0259yannam\u0259sinin q\u0259bul olunmas\u0131n\u0131n 75-ci ild\u00f6n\u00fcm\u00fc m\u00fcnasib\u0259til\u0259 \u201c\u0130nsan H\u00fcquqlar\u0131 75\u201d t\u0259\u015f\u0259bb\u00fcs\u00fc \u00e7\u0259r\u00e7iv\u0259sind\u0259 Cenevr\u0259d\u0259 beyn\u0259lxalq konfrans ke\u00e7irilib. Az\u0259rbaycan\u0131n Cenevr\u0259d\u0259ki BMT b\u00f6lm\u0259si yan\u0131ndak\u0131 daimi n\u00fcmay\u0259nd\u0259liyind\u0259n AZ\u018fRTAC-a bildirilib ki, d\u00fcnyan\u0131n 150-d\u0259n \u00e7ox \u00f6lk\u0259sinin y\u00fcks\u0259ks\u0259viyy\u0259li \u015f\u0259xsl\u0259rinin, o c\u00fcml\u0259d\u0259n d\u00f6vl\u0259t v\u0259 h\u00f6kum\u0259t ba\u015f\u00e7\u0131lar\u0131n\u0131n, vitse-prezidentl\u0259rin, parlament \u00fczvl\u0259rinin, xarici i\u015fl\u0259r, \u0259dliyy\u0259 v\u0259 m\u0259hk\u0259m\u0259 orqanlar\u0131, elm v\u0259 t\u0259hsil m\u00fc\u0259ssis\u0259l\u0259ri r\u0259hb\u0259rl\u0259rinin, Avropa&hellip;","_links":{"self":[{"href":"https:\/\/arantv.az\/index.php?rest_route=\/wp\/v2\/posts\/668072"}],"collection":[{"href":"https:\/\/arantv.az\/index.php?rest_route=\/wp\/v2\/posts"}],"about":[{"href":"https:\/\/arantv.az\/index.php?rest_route=\/wp\/v2\/types\/post"}],"author":[{"embeddable":true,"href":"https:\/\/arantv.az\/index.php?rest_route=\/wp\/v2\/users\/2"}],"replies":[{"embeddable":true,"href":"https:\/\/arantv.az\/index.php?rest_route=%2Fwp%2Fv2%2Fcomments&post=668072"}],"version-history":[{"count":0,"href":"https:\/\/arantv.az\/index.php?rest_route=\/wp\/v2\/posts\/668072\/revisions"}],"wp:featuredmedia":[{"embeddable":true,"href":"https:\/\/arantv.az\/index.php?rest_route=\/wp\/v2\/media\/668073"}],"wp:attachment":[{"href":"https:\/\/arantv.az\/index.php?rest_route=%2Fwp%2Fv2%2Fmedia&parent=668072"}],"wp:term":[{"taxonomy":"category","embeddable":true,"href":"https:\/\/arantv.az\/index.php?rest_route=%2Fwp%2Fv2%2Fcategories&post=668072"},{"taxonomy":"post_tag","embeddable":true,"href":"https:\/\/arantv.az\/index.php?rest_route=%2Fwp%2Fv2%2Ftags&post=668072"}],"curies":[{"name":"wp","href":"https:\/\/api.w.org\/{rel}","templated":true}]}}