{"id":668078,"date":"2023-12-13T10:22:42","date_gmt":"2023-12-13T06:22:42","guid":{"rendered":"https:\/\/arantv.az\/?p=668078"},"modified":"2023-12-13T10:22:42","modified_gmt":"2023-12-13T06:22:42","slug":"bakida-ana-v%c9%99-usagini-avtomobil-vurub-biri-olub","status":"publish","type":"post","link":"https:\/\/arantv.az\/?p=668078","title":{"rendered":"Bak\u0131da ana v\u0259 u\u015fa\u011f\u0131n\u0131 avtomobil vurub, biri \u00f6l\u00fcb"},"content":{"rendered":"<p>Bak\u0131da avtomobil ana v\u0259 u\u015fa\u011f\u0131n\u0131 vurub, u\u015faq \u00f6l\u00fcb.<\/p>\n<p>Bu bar\u0259d\u0259 Daxili \u0130\u015fl\u0259r Nazirliyind\u0259n (D\u0130N) m\u0259lumat verilib.<\/p>\n<p>Bildirilib ki, 11.12.2023-c\u00fc il tarixd\u0259, saat 10 rad\u0259l\u0259rind\u0259 1954-c\u00fc il t\u0259v\u0259ll\u00fcdl\u00fc Q\u0259mnal\u0131 M\u0259mm\u0259d o\u011flu \u0130brahimov\u00a0etibarnam\u0259 \u0259sas\u0131nda \u201cOpel Vectra\u201d markal\u0131 avtomobill\u0259 Nizami rayonu \u0259razisind\u0259 h\u0259r\u0259k\u0259td\u0259 olark\u0259n, idar\u0259 etdiyi avtomobill\u0259 ehtiyats\u0131zl\u0131qdan\u00a0yolun avtomobill\u0259rin h\u0259r\u0259k\u0259ti \u00fc\u00e7\u00fcn n\u0259z\u0259rd\u0259 tutulmu\u015f hiss\u0259si il\u0259 h\u0259r\u0259k\u0259td\u0259 olan piyadalar 1990-c\u0131 il t\u0259v\u0259ll\u00fcdl\u00fc Ayi\u015f\u0259 M\u00fch\u0259rr\u0259m q\u0131z\u0131 A\u015f\u0131rova\u00a0v\u0259 onun \u00f6vlad\u0131 2015-ci il t\u0259v\u0259ll\u00fcdl\u00fc Aysu Elmir q\u0131z\u0131 Yaqub\u0259liyevan\u0131 vurub, piyadalar Yeni Klinika\u00a0x\u0259st\u0259xanas\u0131na yerl\u0259\u015fdirilibl\u0259r. Ayi\u015f\u0259 A\u015f\u0131rova d\u00fcn\u0259n ald\u0131\u011f\u0131 b\u0259d\u0259n x\u0259sar\u0259tl\u0259rind\u0259n x\u0259st\u0259xanada \u00f6l\u00fcb.<\/p>\n<p>Toplanm\u0131\u015f material \u00fczr\u0259 12.12.2023-c\u00fc il tarixd\u0259 Bak\u0131 \u015f\u0259h\u0259ri, Nizami RP\u0130-nin \u0130\u015e-d\u0259 CM-in 263.2-ci madd\u0259si il\u0259 cinay\u0259t i\u015fi ba\u015flan\u0131laraq istintaq davam etdirilir.<\/p>\n","protected":false},"excerpt":{"rendered":"<p>Bak\u0131da avtomobil ana v\u0259 u\u015fa\u011f\u0131n\u0131 vurub, u\u015faq \u00f6l\u00fcb. Bu bar\u0259d\u0259 Daxili \u0130\u015fl\u0259r Nazirliyind\u0259n (D\u0130N) m\u0259lumat verilib. Bildirilib ki, 11.12.2023-c\u00fc il tarixd\u0259, saat 10 rad\u0259l\u0259rind\u0259 1954-c\u00fc il t\u0259v\u0259ll\u00fcdl\u00fc Q\u0259mnal\u0131 M\u0259mm\u0259d o\u011flu \u0130brahimov\u00a0etibarnam\u0259 \u0259sas\u0131nda \u201cOpel Vectra\u201d markal\u0131 avtomobill\u0259 Nizami rayonu \u0259razisind\u0259 h\u0259r\u0259k\u0259td\u0259 olark\u0259n, idar\u0259 etdiyi avtomobill\u0259 ehtiyats\u0131zl\u0131qdan\u00a0yolun avtomobill\u0259rin h\u0259r\u0259k\u0259ti \u00fc\u00e7\u00fcn n\u0259z\u0259rd\u0259 tutulmu\u015f hiss\u0259si il\u0259 h\u0259r\u0259k\u0259td\u0259 olan piyadalar 1990-c\u0131 il t\u0259v\u0259ll\u00fcdl\u00fc Ayi\u015f\u0259 M\u00fch\u0259rr\u0259m q\u0131z\u0131 A\u015f\u0131rova\u00a0v\u0259 onun \u00f6vlad\u0131 2015-ci il t\u0259v\u0259ll\u00fcdl\u00fc Aysu Elmir q\u0131z\u0131 Yaqub\u0259liyevan\u0131 vurub, piyadalar Yeni Klinika\u00a0x\u0259st\u0259xanas\u0131na yerl\u0259\u015fdirilibl\u0259r. Ayi\u015f\u0259 A\u015f\u0131rova d\u00fcn\u0259n ald\u0131\u011f\u0131 b\u0259d\u0259n x\u0259sar\u0259tl\u0259rind\u0259n x\u0259st\u0259xanada \u00f6l\u00fcb. Toplanm\u0131\u015f material \u00fczr\u0259 12.12.2023-c\u00fc il tarixd\u0259&hellip;<\/p>\n","protected":false},"author":2,"featured_media":668079,"comment_status":"closed","ping_status":"closed","sticky":false,"template":"","format":"standard","meta":{"om_disable_all_campaigns":false,"_monsterinsights_skip_tracking":false,"_monsterinsights_sitenote_active":false,"_monsterinsights_sitenote_note":"","_monsterinsights_sitenote_category":0},"categories":[5],"tags":[],"aioseo_notices":[],"gutentor_comment":0,"rttpg_featured_image_url":{"full":["https:\/\/arantv.az\/wp-content\/uploads\/2023\/12\/807d6032-d772-313d-92f7-e1481bf7e8df_850.jpg",620,413,false],"landscape":["https:\/\/arantv.az\/wp-content\/uploads\/2023\/12\/807d6032-d772-313d-92f7-e1481bf7e8df_850.jpg",620,413,false],"portraits":["https:\/\/arantv.az\/wp-content\/uploads\/2023\/12\/807d6032-d772-313d-92f7-e1481bf7e8df_850.jpg",620,413,false],"thumbnail":["https:\/\/arantv.az\/wp-content\/uploads\/2023\/12\/807d6032-d772-313d-92f7-e1481bf7e8df_850-500x280.jpg",500,280,true],"medium":["https:\/\/arantv.az\/wp-content\/uploads\/2023\/12\/807d6032-d772-313d-92f7-e1481bf7e8df_850-548x365.jpg",548,365,true],"large":["https:\/\/arantv.az\/wp-content\/uploads\/2023\/12\/807d6032-d772-313d-92f7-e1481bf7e8df_850.jpg",620,413,false],"1536x1536":["https:\/\/arantv.az\/wp-content\/uploads\/2023\/12\/807d6032-d772-313d-92f7-e1481bf7e8df_850.jpg",620,413,false],"2048x2048":["https:\/\/arantv.az\/wp-content\/uploads\/2023\/12\/807d6032-d772-313d-92f7-e1481bf7e8df_850.jpg",620,413,false],"post-thumbnail":["https:\/\/arantv.az\/wp-content\/uploads\/2023\/12\/807d6032-d772-313d-92f7-e1481bf7e8df_850-240x172.jpg",240,172,true],"advps-thumb-one":["https:\/\/arantv.az\/wp-content\/uploads\/2023\/12\/807d6032-d772-313d-92f7-e1481bf7e8df_850.jpg",620,413,false]},"rttpg_author":{"display_name":"V\u00fcsal Rafiqo\u011flu","author_link":"https:\/\/arantv.az\/?author=2"},"rttpg_comment":0,"rttpg_category":"<a href=\"https:\/\/arantv.az\/?cat=5\" rel=\"category\">Hadis\u0259<\/a>","rttpg_excerpt":"Bak\u0131da avtomobil ana v\u0259 u\u015fa\u011f\u0131n\u0131 vurub, u\u015faq \u00f6l\u00fcb. Bu bar\u0259d\u0259 Daxili \u0130\u015fl\u0259r Nazirliyind\u0259n (D\u0130N) m\u0259lumat verilib. Bildirilib ki, 11.12.2023-c\u00fc il tarixd\u0259, saat 10 rad\u0259l\u0259rind\u0259 1954-c\u00fc il t\u0259v\u0259ll\u00fcdl\u00fc Q\u0259mnal\u0131 M\u0259mm\u0259d o\u011flu \u0130brahimov\u00a0etibarnam\u0259 \u0259sas\u0131nda \u201cOpel Vectra\u201d markal\u0131 avtomobill\u0259 Nizami rayonu \u0259razisind\u0259 h\u0259r\u0259k\u0259td\u0259 olark\u0259n, idar\u0259 etdiyi avtomobill\u0259 ehtiyats\u0131zl\u0131qdan\u00a0yolun avtomobill\u0259rin h\u0259r\u0259k\u0259ti \u00fc\u00e7\u00fcn n\u0259z\u0259rd\u0259 tutulmu\u015f hiss\u0259si il\u0259 h\u0259r\u0259k\u0259td\u0259 olan piyadalar&hellip;","_links":{"self":[{"href":"https:\/\/arantv.az\/index.php?rest_route=\/wp\/v2\/posts\/668078"}],"collection":[{"href":"https:\/\/arantv.az\/index.php?rest_route=\/wp\/v2\/posts"}],"about":[{"href":"https:\/\/arantv.az\/index.php?rest_route=\/wp\/v2\/types\/post"}],"author":[{"embeddable":true,"href":"https:\/\/arantv.az\/index.php?rest_route=\/wp\/v2\/users\/2"}],"replies":[{"embeddable":true,"href":"https:\/\/arantv.az\/index.php?rest_route=%2Fwp%2Fv2%2Fcomments&post=668078"}],"version-history":[{"count":0,"href":"https:\/\/arantv.az\/index.php?rest_route=\/wp\/v2\/posts\/668078\/revisions"}],"wp:featuredmedia":[{"embeddable":true,"href":"https:\/\/arantv.az\/index.php?rest_route=\/wp\/v2\/media\/668079"}],"wp:attachment":[{"href":"https:\/\/arantv.az\/index.php?rest_route=%2Fwp%2Fv2%2Fmedia&parent=668078"}],"wp:term":[{"taxonomy":"category","embeddable":true,"href":"https:\/\/arantv.az\/index.php?rest_route=%2Fwp%2Fv2%2Fcategories&post=668078"},{"taxonomy":"post_tag","embeddable":true,"href":"https:\/\/arantv.az\/index.php?rest_route=%2Fwp%2Fv2%2Ftags&post=668078"}],"curies":[{"name":"wp","href":"https:\/\/api.w.org\/{rel}","templated":true}]}}